{"id":977,"date":"2026-01-05T11:36:58","date_gmt":"2026-01-05T11:36:58","guid":{"rendered":"https:\/\/rrb.be\/rrb\/?page_id=977"},"modified":"2026-01-10T18:41:03","modified_gmt":"2026-01-10T18:41:03","slug":"liege-bierset-sans-vols-passagers-une-premiere-historique","status":"publish","type":"post","link":"https:\/\/rrb.be\/rrb\/liege-bierset-sans-vols-passagers-une-premiere-historique\/","title":{"rendered":"Li\u00e8ge-Bierset sans vols passagers : une premi\u00e8re historique"},"content":{"rendered":"\n<p><strong>L&rsquo;a\u00e9roport de Li\u00e8ge-Bierset entre dans une \u00e8re in\u00e9dite, apr\u00e8s le d\u00e9part de Tui fly ce dimanche 4 janvier 2026, plus un seul vol r\u00e9gulier de passagers n&rsquo;y est programm\u00e9, selon La Libre. <\/strong><\/p>\n\n\n\n<p>Sp\u00e9cialis\u00e9 dans le fret, le site wallon envisage de r\u00e9affecter son terminal, b\u00e2ti pour un million de voyageurs par an, alors que les pourparlers avec d&rsquo;autres compagnies restent hypoth\u00e9tiques au-del\u00e0 de l&rsquo;\u00e9t\u00e9<strong>.<\/strong><\/p>\n\n\n\n<p>\u00c0 <a><\/a>Crisn\u00e9e, \u00e0 six kilom\u00e8tres, des pensionn\u00e9s regrettent une option id\u00e9ale. Vols bon march\u00e9 vers la Costa Blanca, le Maroc, la Gr\u00e8ce ou la Turquie. D\u00e9sormais, cap sur Bruxelles ou Maastricht \u2013 mais pas question de Charleroi pour certains passagers. \u00ab\u00a0C&rsquo;est politique\u00a0\u00bb, tranche un autre voyageur, les grands hubs comme Gosselies tiendraient les petits a\u00e9roports en \u00e9chec.<\/p>\n\n\n\n<p>Apr\u00e8s 31 ans sur place, Tui fly n&rsquo;assurait plus qu&rsquo;un vol par jour cet hiver, un seul avion bas\u00e9, malgr\u00e9 des promos \u00e0 prix cass\u00e9s. Manque de rentabilit\u00e9 interne au groupe allemand, les passagers ne pesaient que moins de 1,5% des revenus de Bierset, qui table encore sur des charters.<\/p>\n\n\n\n<p>Pas de licenciements chez Tui ni \u00e0 l&rsquo;a\u00e9roport, mais Aviapartner supprime des postes en check-in et maintenance. Snacks ferm\u00e9s, taxis en perte de vitesse, seul un restaurant r\u00e9nov\u00e9 r\u00e9siste. Fin d&rsquo;une \u00e9poque : plus aucune compagnie belge de passagers en Wallonie, Tui fly recentr\u00e9e sur Anvers et Ostende apr\u00e8s Charleroi et Bruxelles.<\/p>\n\n\n\n<p>Par Alain Schenkels<br>5 janvier 2026<\/p>\n\n\n\n<figure data-wp-context=\"{&quot;imageId&quot;:&quot;69f100175dbfa&quot;}\" data-wp-interactive=\"core\/image\" data-wp-key=\"69f100175dbfa\" class=\"wp-block-image size-full is-resized wp-lightbox-container\"><img loading=\"lazy\" decoding=\"async\" width=\"728\" height=\"1006\" data-wp-class--hide=\"state.isContentHidden\" data-wp-class--show=\"state.isContentVisible\" data-wp-init=\"callbacks.setButtonStyles\" data-wp-on--click=\"actions.showLightbox\" data-wp-on--load=\"callbacks.setButtonStyles\" data-wp-on-window--resize=\"callbacks.setButtonStyles\" src=\"http:\/\/rrb.be\/rrb\/wp-content\/uploads\/2025\/12\/Alain_Schenkels-1.jpg\" alt=\"\" class=\"wp-image-329\" style=\"width:208px;height:auto\" srcset=\"https:\/\/rrb.be\/rrb\/wp-content\/uploads\/2025\/12\/Alain_Schenkels-1.jpg 728w, https:\/\/rrb.be\/rrb\/wp-content\/uploads\/2025\/12\/Alain_Schenkels-1-217x300.jpg 217w\" sizes=\"auto, (max-width: 728px) 100vw, 728px\" \/><button\n\t\t\tclass=\"lightbox-trigger\"\n\t\t\ttype=\"button\"\n\t\t\taria-haspopup=\"dialog\"\n\t\t\taria-label=\"Enlarge\"\n\t\t\tdata-wp-init=\"callbacks.initTriggerButton\"\n\t\t\tdata-wp-on--click=\"actions.showLightbox\"\n\t\t\tdata-wp-style--right=\"state.imageButtonRight\"\n\t\t\tdata-wp-style--top=\"state.imageButtonTop\"\n\t\t>\n\t\t\t<svg xmlns=\"http:\/\/www.w3.org\/2000\/svg\" width=\"12\" height=\"12\" fill=\"none\" viewBox=\"0 0 12 12\">\n\t\t\t\t<path fill=\"#fff\" d=\"M2 0a2 2 0 0 0-2 2v2h1.5V2a.5.5 0 0 1 .5-.5h2V0H2Zm2 10.5H2a.5.5 0 0 1-.5-.5V8H0v2a2 2 0 0 0 2 2h2v-1.5ZM8 12v-1.5h2a.5.5 0 0 0 .5-.5V8H12v2a2 2 0 0 1-2 2H8Zm2-12a2 2 0 0 1 2 2v2h-1.5V2a.5.5 0 0 0-.5-.5H8V0h2Z\" \/>\n\t\t\t<\/svg>\n\t\t<\/button><\/figure>\n\n\n\n<p>(Photo ent\u00eate : Rudy and Peter Skitterians, libre de droit)<\/p>\n\n\n\n<p><\/p>\n","protected":false},"excerpt":{"rendered":"<p>L&rsquo;a\u00e9roport de Li\u00e8ge-Bierset entre dans une \u00e8re in\u00e9dite, apr\u00e8s le d\u00e9part de Tui fly ce dimanche 4 janvier 2026, plus un seul vol r\u00e9gulier de passagers n&rsquo;y est programm\u00e9, selon La Libre. Sp\u00e9cialis\u00e9 dans le fret, le site wallon envisage de r\u00e9affecter son terminal, b\u00e2ti pour un million de voyageurs par an, alors que les [&hellip;]<\/p>\n","protected":false},"author":1,"featured_media":978,"comment_status":"closed","ping_status":"closed","sticky":false,"template":"","format":"standard","meta":{"footnotes":""},"categories":[4],"tags":[],"class_list":["post-977","post","type-post","status-publish","format-standard","has-post-thumbnail","hentry","category-belgique"],"_links":{"self":[{"href":"https:\/\/rrb.be\/rrb\/wp-json\/wp\/v2\/posts\/977","targetHints":{"allow":["GET"]}}],"collection":[{"href":"https:\/\/rrb.be\/rrb\/wp-json\/wp\/v2\/posts"}],"about":[{"href":"https:\/\/rrb.be\/rrb\/wp-json\/wp\/v2\/types\/post"}],"author":[{"embeddable":true,"href":"https:\/\/rrb.be\/rrb\/wp-json\/wp\/v2\/users\/1"}],"replies":[{"embeddable":true,"href":"https:\/\/rrb.be\/rrb\/wp-json\/wp\/v2\/comments?post=977"}],"version-history":[{"count":5,"href":"https:\/\/rrb.be\/rrb\/wp-json\/wp\/v2\/posts\/977\/revisions"}],"predecessor-version":[{"id":1786,"href":"https:\/\/rrb.be\/rrb\/wp-json\/wp\/v2\/posts\/977\/revisions\/1786"}],"wp:featuredmedia":[{"embeddable":true,"href":"https:\/\/rrb.be\/rrb\/wp-json\/wp\/v2\/media\/978"}],"wp:attachment":[{"href":"https:\/\/rrb.be\/rrb\/wp-json\/wp\/v2\/media?parent=977"}],"wp:term":[{"taxonomy":"category","embeddable":true,"href":"https:\/\/rrb.be\/rrb\/wp-json\/wp\/v2\/categories?post=977"},{"taxonomy":"post_tag","embeddable":true,"href":"https:\/\/rrb.be\/rrb\/wp-json\/wp\/v2\/tags?post=977"}],"curies":[{"name":"wp","href":"https:\/\/api.w.org\/{rel}","templated":true}]}}