{"id":643,"date":"2026-01-01T10:04:11","date_gmt":"2026-01-01T10:04:11","guid":{"rendered":"https:\/\/rrb.be\/rrb\/?page_id=643"},"modified":"2026-01-13T19:06:19","modified_gmt":"2026-01-13T19:06:19","slug":"le-genocide-des-hereros-et-des-namas-la-premiere-extermination-du-xxe-siecle","status":"publish","type":"post","link":"https:\/\/rrb.be\/rrb\/le-genocide-des-hereros-et-des-namas-la-premiere-extermination-du-xxe-siecle\/","title":{"rendered":"Le g\u00e9nocide des H\u00e9r\u00e9ros et des Namas\u202f: la premi\u00e8re extermination du XXe si\u00e8cle"},"content":{"rendered":"\n<p><strong>Aujourd\u2019hui la Namibie, cette r\u00e9gion fut colonis\u00e9e par l\u2019Allemagne \u00e0 partir de 1884. Les H\u00e9r\u00e9ros et les Namas, deux peuples \u00e9leveurs, \u00e9taient alors les principales populations autochtones du territoire. L\u2019arriv\u00e9e massive de colons allemands, la confiscation des terres, la spoliation du b\u00e9tail et la d\u00e9couverte de diamants ont accentu\u00e9 les tensions et la d\u00e9possession des populations locales.<\/strong><\/p>\n\n\n\n<p>Le 12 janvier 1904, exc\u00e9d\u00e9s par les abus coloniaux et la perte de leurs terres, les H\u00e9r\u00e9ros, sous la direction de Samuel Maharero, se soul\u00e8vent et attaquent une garnison allemande \u00e0 Okahandja. L\u2019Allemagne envoie le g\u00e9n\u00e9ral Lothar von Trotha avec 10 000 soldats. Celui-ci adopte une politique de r\u00e9pression extr\u00eame, marqu\u00e9e par l\u2019ordre d\u2019extermination du 2 octobre 1904, visant \u00e0 \u00e9liminer les H\u00e9r\u00e9ros sans distinction d\u2019\u00e2ge ou de sexe.<\/p>\n\n\n\n<p>Face \u00e0 la brutalit\u00e9 allemande, les Namas, men\u00e9s notamment par Hendrik Witbooi, prennent les armes \u00e0 leur tour. Ils m\u00e8nent une gu\u00e9rilla contre l\u2019arm\u00e9e allemande, utilisant leur connaissance du terrain pour r\u00e9sister. Les Namas subissent le m\u00eame sort que les H\u00e9r\u00e9ros, avec des massacres, des d\u00e9portations et l\u2019internement dans des camps de concentration tels que Shark Island, o\u00f9 beaucoup meurent de faim, de maladies et de mauvais traitements.<\/p>\n\n\n\n<p>Ex\u00e9cutions de masse, d\u00e9portations, camps de concentration, famine, soif, travail forc\u00e9, et exp\u00e9rimentations pseudo-scientifiques (envoi de cr\u00e2nes en Allemagne pour des recherches raciales).<\/p>\n\n\n\n<blockquote class=\"wp-block-quote is-layout-flow wp-block-quote-is-layout-flow\">\n<p><strong><em>\u00ab Les H\u00e9r\u00e9ros sont parqu\u00e9s comme des animaux, derri\u00e8re des fils de fer barbel\u00e9s renforc\u00e9s, et entass\u00e9s par groupe de cinquante, sans distinction d\u2019\u00e2ge ni de sexe, dans de mis\u00e9rables cahutes\u2026 Ils tombent morts par centaines, et leurs corps sont br\u00fbl\u00e9s, sur place. \u00bb<\/em><\/strong><br><strong><em>\u2014 Friedrich Vedder, missionnaire allemand<\/em><\/strong><\/p>\n<\/blockquote>\n\n\n\n<p>Avant 1904, la population de H\u00e9r\u00e9ros comptait approximativement de 80 000 personnes, 65 000 furent assassin\u00e9es, soit 80% de la population. Les Namas quant \u00e0 eux comptaient 20 000 personnes, la moiti\u00e9 furent tu\u00e9s. C\u00f4t\u00e9 allemand, seuls 676 soldats sont tu\u00e9s, 76 disparus, mais 689 soldats sont morts de maladie \u00e0 cause des conditions sanitaires difficiles dans la r\u00e9gion, soit un total de 1 441 morts c\u00f4t\u00e9 allemand, mais c\u2019\u00e9tait des soldats, alors que face \u00e0 eux, c\u2019\u00e9tait des victimes civiles innocentes.<\/p>\n\n\n\n<p>Le g\u00e9nocide des H\u00e9r\u00e9ros et des Namas reste un sujet de m\u00e9moire vive en Namibie et en Allemagne. Des discussions sur la restitution des terres et des r\u00e9parations sont toujours en cours. Ce g\u00e9nocide colonial, longtemps occult\u00e9, est d\u00e9sormais consid\u00e9r\u00e9 comme un \u00e9v\u00e9nement fondateur de la m\u00e9moire des violences du XXe si\u00e8cle en Afrique et dans le monde.<\/p>\n\n\n\n<p>Le 10 juillet 2015 le gouvernement allemand, par la voix de la porte-parole du minist\u00e8re des Affaires \u00e9trang\u00e8res, a pour la premi\u00e8re fois reconnu publiquement que les massacres commis contre les H\u00e9r\u00e9ros et les Namas entre 1904 et 1908 pouvaient \u00eatre qualifi\u00e9s de \u00ab&nbsp;g\u00e9nocide&nbsp;\u00bb selon la d\u00e9finition actuelle du terme, mais la reconnaissance officielle, avec une d\u00e9claration politique formelle, a eu lieu le 28 mai 2021.<\/p>\n\n\n\n<blockquote class=\"wp-block-quote is-layout-flow wp-block-quote-is-layout-flow\">\n<p><em>Ce massacre est aujourd\u2019hui reconnu comme le premier g\u00e9nocide du XXe si\u00e8cle<\/em><\/p>\n<\/blockquote>\n\n\n\n<h2 class=\"wp-block-heading\">L\u2019impact du g\u00e9nocide sur la soci\u00e9t\u00e9 namibienne<\/h2>\n\n\n\n<figure class=\"wp-block-image size-full is-resized\"><img loading=\"lazy\" decoding=\"async\" width=\"1024\" height=\"1024\" src=\"https:\/\/rrb.be\/rrb\/wp-content\/uploads\/2026\/01\/hereos2.png\" alt=\"\" class=\"wp-image-645\" style=\"width:281px;height:auto\" srcset=\"https:\/\/rrb.be\/rrb\/wp-content\/uploads\/2026\/01\/hereos2.png 1024w, https:\/\/rrb.be\/rrb\/wp-content\/uploads\/2026\/01\/hereos2-300x300.png 300w, https:\/\/rrb.be\/rrb\/wp-content\/uploads\/2026\/01\/hereos2-150x150.png 150w, https:\/\/rrb.be\/rrb\/wp-content\/uploads\/2026\/01\/hereos2-768x768.png 768w\" sizes=\"auto, (max-width: 1024px) 100vw, 1024px\" \/><\/figure>\n\n\n\n<p>Les cons\u00e9quences du g\u00e9nocide des H\u00e9r\u00e9ros et des Namas continuent de marquer la soci\u00e9t\u00e9 namibienne contemporaine. La perte massive de vies, la d\u00e9possession des terres et l\u2019effondrement des structures sociales traditionnelles ont laiss\u00e9 des cicatrices profondes. Les descendants des victimes vivent encore aujourd\u2019hui avec le traumatisme de cette histoire, et beaucoup r\u00e9clament la restitution de terres spoli\u00e9es ainsi que la reconnaissance de leurs droits culturels et politiques.<\/p>\n\n\n\n<p><strong>La question des r\u00e9parations et la m\u00e9moire du g\u00e9nocide<\/strong><\/p>\n\n\n\n<p>Apr\u00e8s des d\u00e9cennies de silence et de n\u00e9gociations, l\u2019Allemagne a reconnu en 2021 sa responsabilit\u00e9 dans ce g\u00e9nocide et s\u2019est engag\u00e9e \u00e0 verser plus d\u2019un milliard d\u2019euros sur trente ans pour financer des projets de d\u00e9veloppement en Namibie. Cependant, cet accord est contest\u00e9 par de nombreux repr\u00e9sentants H\u00e9r\u00e9ros et Namas, qui estiment que les r\u00e9parations ne sont pas \u00e0 la hauteur du pr\u00e9judice subi et que l\u2019aide promise ne constitue pas une v\u00e9ritable r\u00e9paration, mais une aide au d\u00e9veloppement. La soci\u00e9t\u00e9 civile namibienne r\u00e9clame une implication directe des communaut\u00e9s concern\u00e9es dans les discussions et une reconnaissance plus forte du caract\u00e8re r\u00e9parateur des mesures prises.<\/p>\n\n\n\n<p><strong>La restitution des restes humains et des objets culturels<\/strong><\/p>\n\n\n\n<p>Un autre volet important de la m\u00e9moire du g\u00e9nocide concerne la restitution des restes humains et des objets culturels emport\u00e9s en Allemagne \u00e0 des fins de recherches pseudo-scientifiques. Depuis 2011, plusieurs c\u00e9r\u00e9monies officielles ont eu lieu pour rapatrier des cr\u00e2nes et des ossements de victimes, symbolisant une \u00e9tape vers la reconnaissance des souffrances endur\u00e9es et la r\u00e9conciliation entre la Namibie et l\u2019Allemagne. Ces restitutions sont per\u00e7ues comme un geste fort, mais insuffisant par les familles et les communaut\u00e9s touch\u00e9es, qui attendent des actes concrets en mati\u00e8re de justice et de r\u00e9paration.<\/p>\n\n\n\n<p>Longtemps ignor\u00e9 dans les r\u00e9cits historiques europ\u00e9ens, le g\u00e9nocide des H\u00e9r\u00e9ros et des Namas est aujourd\u2019hui \u00e9tudi\u00e9 comme un \u00e9v\u00e9nement fondateur de la m\u00e9moire des violences coloniales. Il est consid\u00e9r\u00e9 par de nombreux historiens comme un laboratoire des m\u00e9thodes r\u00e9pressives qui seront utilis\u00e9es plus tard au XXe si\u00e8cle. Ce travail de m\u00e9moire, encore en cours, alimente les d\u00e9bats sur la reconnaissance des crimes coloniaux, la justice transitionnelle et la n\u00e9cessit\u00e9 de repenser les relations entre l\u2019Europe et l\u2019Afrique \u00e0 l\u2019aune de leur pass\u00e9 commun.<\/p>\n\n\n\n<p>Les discussions autour de ce g\u00e9nocide d\u00e9passent le cadre namibien. Elles se font poser des questions sur la mani\u00e8re dont les soci\u00e9t\u00e9s affrontent les crimes du pass\u00e9, la place des r\u00e9parations dans la r\u00e9conciliation, et la responsabilit\u00e9 des anciennes puissances coloniales. La reconnaissance du g\u00e9nocide par l\u2019Allemagne a ouvert la voie \u00e0 des d\u00e9bats similaires dans d\u2019autres anciennes colonies, soulignant l\u2019importance de la justice historique et de la m\u00e9moire dans la construction des soci\u00e9t\u00e9s post-coloniales.<\/p>\n\n\n\n<h2 class=\"wp-block-heading\">Comm\u00e9morations et c\u00e9r\u00e9monies collectives<\/h2>\n\n\n\n<p>Depuis 2025, la&nbsp;Namibie a instaur\u00e9 une journ\u00e9e&nbsp;nationale de&nbsp;comm\u00e9moration, le&nbsp;28 mai, en hommage&nbsp;aux victimes&nbsp;du g\u00e9nocide. Cette&nbsp;date, d\u00e9sormais&nbsp;f\u00e9ri\u00e9e, donne&nbsp;lieu \u00e0 des veill\u00e9es aux chandelles, des minutes&nbsp;de silence et&nbsp;des rassemblements dans des&nbsp;lieux symboliques comme les&nbsp;jardins du Parlement&nbsp;\u00e0 Windhoek. Ces&nbsp;c\u00e9r\u00e9monies sont&nbsp;destin\u00e9es \u00e0 entretenir la m\u00e9moire&nbsp;collective et&nbsp;\u00e0 favoriser un&nbsp;processus de&nbsp;gu\u00e9rison nationale<\/p>\n\n\n\n<p>Les communaut\u00e9s H\u00e9r\u00e9ros et Namas organisent r\u00e9guli\u00e8rement des rassemblements sur des sites historiques, tels que Ozombu Zovindimba, lieu d\u2019extermination, ou d\u2019autres endroits marqu\u00e9s par les massacres. Ces rassemblements incluent des pri\u00e8res, des discours et des rites traditionnels pour honorer les anc\u00eatres et transmettre l\u2019histoire aux jeunes g\u00e9n\u00e9rations.<\/p>\n\n\n\n<p>Par Alain Schenkels<\/p>\n\n\n\n<figure data-wp-context=\"{&quot;imageId&quot;:&quot;69f0ed19cc2ac&quot;}\" data-wp-interactive=\"core\/image\" data-wp-key=\"69f0ed19cc2ac\" class=\"wp-block-image size-full is-resized wp-lightbox-container\"><img loading=\"lazy\" decoding=\"async\" width=\"728\" height=\"1006\" data-wp-class--hide=\"state.isContentHidden\" data-wp-class--show=\"state.isContentVisible\" data-wp-init=\"callbacks.setButtonStyles\" data-wp-on--click=\"actions.showLightbox\" data-wp-on--load=\"callbacks.setButtonStyles\" data-wp-on-window--resize=\"callbacks.setButtonStyles\" src=\"http:\/\/rrb.be\/rrb\/wp-content\/uploads\/2025\/12\/Alain_Schenkels-1.jpg\" alt=\"\" class=\"wp-image-329\" style=\"width:239px;height:auto\" srcset=\"https:\/\/rrb.be\/rrb\/wp-content\/uploads\/2025\/12\/Alain_Schenkels-1.jpg 728w, https:\/\/rrb.be\/rrb\/wp-content\/uploads\/2025\/12\/Alain_Schenkels-1-217x300.jpg 217w\" sizes=\"auto, (max-width: 728px) 100vw, 728px\" \/><button\n\t\t\tclass=\"lightbox-trigger\"\n\t\t\ttype=\"button\"\n\t\t\taria-haspopup=\"dialog\"\n\t\t\taria-label=\"Enlarge\"\n\t\t\tdata-wp-init=\"callbacks.initTriggerButton\"\n\t\t\tdata-wp-on--click=\"actions.showLightbox\"\n\t\t\tdata-wp-style--right=\"state.imageButtonRight\"\n\t\t\tdata-wp-style--top=\"state.imageButtonTop\"\n\t\t>\n\t\t\t<svg xmlns=\"http:\/\/www.w3.org\/2000\/svg\" width=\"12\" height=\"12\" fill=\"none\" viewBox=\"0 0 12 12\">\n\t\t\t\t<path fill=\"#fff\" d=\"M2 0a2 2 0 0 0-2 2v2h1.5V2a.5.5 0 0 1 .5-.5h2V0H2Zm2 10.5H2a.5.5 0 0 1-.5-.5V8H0v2a2 2 0 0 0 2 2h2v-1.5ZM8 12v-1.5h2a.5.5 0 0 0 .5-.5V8H12v2a2 2 0 0 1-2 2H8Zm2-12a2 2 0 0 1 2 2v2h-1.5V2a.5.5 0 0 0-.5-.5H8V0h2Z\" \/>\n\t\t\t<\/svg>\n\t\t<\/button><\/figure>\n\n\n\n<p>Cr\u00e9dit photo ent\u00eate : H\u00e9r\u00e9os rescap\u00e9s apr\u00e8s avoir fui \u00e0 travers l\u2019aride d\u00e9sert d\u2019Omaheke. Photo datant de 1907 (domaine public) &#8211; Seconde photo : IA<\/p>\n\n\n\n<p><\/p>\n","protected":false},"excerpt":{"rendered":"<p>Aujourd\u2019hui la Namibie, cette r\u00e9gion fut colonis\u00e9e par l\u2019Allemagne \u00e0 partir de 1884. Les H\u00e9r\u00e9ros et les Namas, deux peuples \u00e9leveurs, \u00e9taient alors les principales populations autochtones du territoire. L\u2019arriv\u00e9e massive de colons allemands, la confiscation des terres, la spoliation du b\u00e9tail et la d\u00e9couverte de diamants ont accentu\u00e9 les tensions et la d\u00e9possession des [&hellip;]<\/p>\n","protected":false},"author":1,"featured_media":644,"comment_status":"closed","ping_status":"closed","sticky":false,"template":"","format":"standard","meta":{"footnotes":""},"categories":[12,9],"tags":[],"class_list":["post-643","post","type-post","status-publish","format-standard","has-post-thumbnail","hentry","category-dossier","category-histoire"],"_links":{"self":[{"href":"https:\/\/rrb.be\/rrb\/wp-json\/wp\/v2\/posts\/643","targetHints":{"allow":["GET"]}}],"collection":[{"href":"https:\/\/rrb.be\/rrb\/wp-json\/wp\/v2\/posts"}],"about":[{"href":"https:\/\/rrb.be\/rrb\/wp-json\/wp\/v2\/types\/post"}],"author":[{"embeddable":true,"href":"https:\/\/rrb.be\/rrb\/wp-json\/wp\/v2\/users\/1"}],"replies":[{"embeddable":true,"href":"https:\/\/rrb.be\/rrb\/wp-json\/wp\/v2\/comments?post=643"}],"version-history":[{"count":3,"href":"https:\/\/rrb.be\/rrb\/wp-json\/wp\/v2\/posts\/643\/revisions"}],"predecessor-version":[{"id":1772,"href":"https:\/\/rrb.be\/rrb\/wp-json\/wp\/v2\/posts\/643\/revisions\/1772"}],"wp:featuredmedia":[{"embeddable":true,"href":"https:\/\/rrb.be\/rrb\/wp-json\/wp\/v2\/media\/644"}],"wp:attachment":[{"href":"https:\/\/rrb.be\/rrb\/wp-json\/wp\/v2\/media?parent=643"}],"wp:term":[{"taxonomy":"category","embeddable":true,"href":"https:\/\/rrb.be\/rrb\/wp-json\/wp\/v2\/categories?post=643"},{"taxonomy":"post_tag","embeddable":true,"href":"https:\/\/rrb.be\/rrb\/wp-json\/wp\/v2\/tags?post=643"}],"curies":[{"name":"wp","href":"https:\/\/api.w.org\/{rel}","templated":true}]}}