{"id":557,"date":"2025-08-08T09:05:00","date_gmt":"2025-08-08T09:05:00","guid":{"rendered":"https:\/\/rrb.be\/rrb\/?page_id=557"},"modified":"2026-01-10T21:42:41","modified_gmt":"2026-01-10T21:42:41","slug":"avis-de-recherche-anthony-becker","status":"publish","type":"post","link":"https:\/\/rrb.be\/rrb\/avis-de-recherche-anthony-becker\/","title":{"rendered":"Avis de recherche: Anthony BECKER"},"content":{"rendered":"\n<p>08 ao\u00fbt 2025<\/p>\n\n\n\n<blockquote class=\"wp-block-quote is-layout-flow wp-block-quote-is-layout-flow\">\n<p><strong>\u00c0 la demande du Juge d&rsquo;instruction \u00e0 Namur, dans le cadre d\u2019une enqu\u00eate judiciaire, la police cherche \u00e0 localiser Anthony BECKER.<\/strong><\/p>\n<\/blockquote>\n\n\n\n<p>Anthony est \u00e2g\u00e9 de 22 ans. Il mesure environ 1m70, est de corpulence robuste, a les yeux et les cheveux bruns.<\/p>\n\n\n\n<p>Il pourrait se trouver en France.<br>Il est demand\u00e9 \u00e0 Anthony BECKER de se manifester aupr\u00e8s des services de police.<\/p>\n\n\n\n<p>Si vous avez des informations concernant cet individu, veuillez prendre contact avec les enqu\u00eateurs via avisderecherche@police.belgium.eu.<br>Les t\u00e9moignages peuvent aussi parvenir via le num\u00e9ro gratuit 0800 30 300.<\/p>\n\n\n\n<p><strong>La discr\u00e9tion est assur\u00e9e.<\/strong><\/p>\n","protected":false},"excerpt":{"rendered":"<p>08 ao\u00fbt 2025 \u00c0 la demande du Juge d&rsquo;instruction \u00e0 Namur, dans le cadre d\u2019une enqu\u00eate judiciaire, la police cherche \u00e0 localiser Anthony BECKER. Anthony est \u00e2g\u00e9 de 22 ans. Il mesure environ 1m70, est de corpulence robuste, a les yeux et les cheveux bruns. Il pourrait se trouver en France.Il est demand\u00e9 \u00e0 Anthony [&hellip;]<\/p>\n","protected":false},"author":1,"featured_media":558,"comment_status":"closed","ping_status":"closed","sticky":false,"template":"","format":"standard","meta":{"footnotes":""},"categories":[11],"tags":[],"class_list":["post-557","post","type-post","status-publish","format-standard","has-post-thumbnail","hentry","category-avis-de-recherche"],"_links":{"self":[{"href":"https:\/\/rrb.be\/rrb\/wp-json\/wp\/v2\/posts\/557","targetHints":{"allow":["GET"]}}],"collection":[{"href":"https:\/\/rrb.be\/rrb\/wp-json\/wp\/v2\/posts"}],"about":[{"href":"https:\/\/rrb.be\/rrb\/wp-json\/wp\/v2\/types\/post"}],"author":[{"embeddable":true,"href":"https:\/\/rrb.be\/rrb\/wp-json\/wp\/v2\/users\/1"}],"replies":[{"embeddable":true,"href":"https:\/\/rrb.be\/rrb\/wp-json\/wp\/v2\/comments?post=557"}],"version-history":[{"count":3,"href":"https:\/\/rrb.be\/rrb\/wp-json\/wp\/v2\/posts\/557\/revisions"}],"predecessor-version":[{"id":563,"href":"https:\/\/rrb.be\/rrb\/wp-json\/wp\/v2\/posts\/557\/revisions\/563"}],"wp:featuredmedia":[{"embeddable":true,"href":"https:\/\/rrb.be\/rrb\/wp-json\/wp\/v2\/media\/558"}],"wp:attachment":[{"href":"https:\/\/rrb.be\/rrb\/wp-json\/wp\/v2\/media?parent=557"}],"wp:term":[{"taxonomy":"category","embeddable":true,"href":"https:\/\/rrb.be\/rrb\/wp-json\/wp\/v2\/categories?post=557"},{"taxonomy":"post_tag","embeddable":true,"href":"https:\/\/rrb.be\/rrb\/wp-json\/wp\/v2\/tags?post=557"}],"curies":[{"name":"wp","href":"https:\/\/api.w.org\/{rel}","templated":true}]}}