{"id":553,"date":"2025-12-31T08:58:00","date_gmt":"2025-12-31T08:58:00","guid":{"rendered":"https:\/\/rrb.be\/rrb\/?page_id=553"},"modified":"2026-01-10T21:43:00","modified_gmt":"2026-01-10T21:43:00","slug":"avis-de-recherche-andy-mathijs","status":"publish","type":"post","link":"https:\/\/rrb.be\/rrb\/avis-de-recherche-andy-mathijs\/","title":{"rendered":"Avis de recherche: Andy MATHIJS"},"content":{"rendered":"\n<p>31 d\u00e9cembre 2025<\/p>\n\n\n\n<blockquote class=\"wp-block-quote is-layout-flow wp-block-quote-is-layout-flow\">\n<p><strong> \u00c0 la demande du parquet de Flandre orientale \u2013 division Termonde, la police est \u00e0 la recherche de Andy MATHIJS, un homme \u00e2g\u00e9 de 32 ans.<\/strong><\/p>\n<\/blockquote>\n\n\n\n<p>Andy n\u2019est pas rentr\u00e9 de son cong\u00e9 p\u00e9nitentiaire et a \u00e9t\u00e9 vu pour la derni\u00e8re fois le 18 d\u00e9cembre 2025 \u00e0 13h30 Opwijkse Steenweg \u00e0 Alost.<\/p>\n\n\n\n<p>Il est de corpulence mince, a de courts cheveux fonc\u00e9s et une barbe. Il porte des lunettes \u00e0 monture noire.<\/p>\n\n\n\n<p>Il portait un pantalon de jogging noir avec une bande blanche sur les c\u00f4t\u00e9s, deux vestes grise en fleece, des baskets noires et blanches de marque \u00ab&nbsp;Nike&nbsp;\u00bb et un bonnet noir.<\/p>\n\n\n\n<p>Si vous avez des informations concernant cet individu, veuillez prendre contact avec les enqu\u00eateurs via avisderecherche@police.belgium.eu.<br>Les t\u00e9moignages peuvent aussi parvenir via le num\u00e9ro gratuit 0800 30 300.<\/p>\n\n\n\n<p><strong>La discr\u00e9tion est assur\u00e9e.<\/strong><\/p>\n","protected":false},"excerpt":{"rendered":"<p>31 d\u00e9cembre 2025 \u00c0 la demande du parquet de Flandre orientale \u2013 division Termonde, la police est \u00e0 la recherche de Andy MATHIJS, un homme \u00e2g\u00e9 de 32 ans. Andy n\u2019est pas rentr\u00e9 de son cong\u00e9 p\u00e9nitentiaire et a \u00e9t\u00e9 vu pour la derni\u00e8re fois le 18 d\u00e9cembre 2025 \u00e0 13h30 Opwijkse Steenweg \u00e0 Alost. [&hellip;]<\/p>\n","protected":false},"author":1,"featured_media":554,"comment_status":"closed","ping_status":"closed","sticky":false,"template":"","format":"standard","meta":{"footnotes":""},"categories":[11],"tags":[],"class_list":["post-553","post","type-post","status-publish","format-standard","has-post-thumbnail","hentry","category-avis-de-recherche"],"_links":{"self":[{"href":"https:\/\/rrb.be\/rrb\/wp-json\/wp\/v2\/posts\/553","targetHints":{"allow":["GET"]}}],"collection":[{"href":"https:\/\/rrb.be\/rrb\/wp-json\/wp\/v2\/posts"}],"about":[{"href":"https:\/\/rrb.be\/rrb\/wp-json\/wp\/v2\/types\/post"}],"author":[{"embeddable":true,"href":"https:\/\/rrb.be\/rrb\/wp-json\/wp\/v2\/users\/1"}],"replies":[{"embeddable":true,"href":"https:\/\/rrb.be\/rrb\/wp-json\/wp\/v2\/comments?post=553"}],"version-history":[{"count":2,"href":"https:\/\/rrb.be\/rrb\/wp-json\/wp\/v2\/posts\/553\/revisions"}],"predecessor-version":[{"id":562,"href":"https:\/\/rrb.be\/rrb\/wp-json\/wp\/v2\/posts\/553\/revisions\/562"}],"wp:featuredmedia":[{"embeddable":true,"href":"https:\/\/rrb.be\/rrb\/wp-json\/wp\/v2\/media\/554"}],"wp:attachment":[{"href":"https:\/\/rrb.be\/rrb\/wp-json\/wp\/v2\/media?parent=553"}],"wp:term":[{"taxonomy":"category","embeddable":true,"href":"https:\/\/rrb.be\/rrb\/wp-json\/wp\/v2\/categories?post=553"},{"taxonomy":"post_tag","embeddable":true,"href":"https:\/\/rrb.be\/rrb\/wp-json\/wp\/v2\/tags?post=553"}],"curies":[{"name":"wp","href":"https:\/\/api.w.org\/{rel}","templated":true}]}}