{"id":532,"date":"2025-06-09T10:09:00","date_gmt":"2025-06-09T10:09:00","guid":{"rendered":"https:\/\/rrb.be\/rrb\/?page_id=532"},"modified":"2026-01-10T21:44:14","modified_gmt":"2026-01-10T21:44:14","slug":"avis-de-recherche-akram-bichri-chouirdi","status":"publish","type":"post","link":"https:\/\/rrb.be\/rrb\/avis-de-recherche-akram-bichri-chouirdi\/","title":{"rendered":"Avis de recherche: Akram BICHRI CHOUIRDI"},"content":{"rendered":"\n<p>9 juin 2025<\/p>\n\n\n\n<blockquote class=\"wp-block-quote is-layout-flow wp-block-quote-is-layout-flow\">\n<p><strong><em>\u00c0 la demande du Juge d\u2019instruction \u00e0 Bruxelles, dans le cadre d\u2019une enqu\u00eate judiciaire, la police cherche \u00e0 localiser Akram BICHRI CHOUIRDI \u00e2g\u00e9 de 18 ans.<\/em><\/strong><\/p>\n<\/blockquote>\n\n\n\n<p>Cet homme est de corpulence mince, a les cheveux fonc\u00e9s et boucl\u00e9s.<br>Habituellement, il porte des v\u00eatements de sport et une casquette.<\/p>\n\n\n\n<p>Si vous avez des informations concernant cet individu, veuillez prendre contact avec les enqu\u00eateurs via avisderecherche@police.belgium.eu. <br>Les t\u00e9moignages peuvent aussi parvenir via le num\u00e9ro gratuit 0800 30 300.<\/p>\n\n\n\n<p><strong>La discr\u00e9tion est assur\u00e9e.<\/strong><\/p>\n","protected":false},"excerpt":{"rendered":"<p>9 juin 2025 \u00c0 la demande du Juge d\u2019instruction \u00e0 Bruxelles, dans le cadre d\u2019une enqu\u00eate judiciaire, la police cherche \u00e0 localiser Akram BICHRI CHOUIRDI \u00e2g\u00e9 de 18 ans. Cet homme est de corpulence mince, a les cheveux fonc\u00e9s et boucl\u00e9s.Habituellement, il porte des v\u00eatements de sport et une casquette. Si vous avez des informations [&hellip;]<\/p>\n","protected":false},"author":1,"featured_media":533,"comment_status":"closed","ping_status":"closed","sticky":false,"template":"","format":"standard","meta":{"footnotes":""},"categories":[11],"tags":[],"class_list":["post-532","post","type-post","status-publish","format-standard","has-post-thumbnail","hentry","category-avis-de-recherche"],"_links":{"self":[{"href":"https:\/\/rrb.be\/rrb\/wp-json\/wp\/v2\/posts\/532","targetHints":{"allow":["GET"]}}],"collection":[{"href":"https:\/\/rrb.be\/rrb\/wp-json\/wp\/v2\/posts"}],"about":[{"href":"https:\/\/rrb.be\/rrb\/wp-json\/wp\/v2\/types\/post"}],"author":[{"embeddable":true,"href":"https:\/\/rrb.be\/rrb\/wp-json\/wp\/v2\/users\/1"}],"replies":[{"embeddable":true,"href":"https:\/\/rrb.be\/rrb\/wp-json\/wp\/v2\/comments?post=532"}],"version-history":[{"count":6,"href":"https:\/\/rrb.be\/rrb\/wp-json\/wp\/v2\/posts\/532\/revisions"}],"predecessor-version":[{"id":1497,"href":"https:\/\/rrb.be\/rrb\/wp-json\/wp\/v2\/posts\/532\/revisions\/1497"}],"wp:featuredmedia":[{"embeddable":true,"href":"https:\/\/rrb.be\/rrb\/wp-json\/wp\/v2\/media\/533"}],"wp:attachment":[{"href":"https:\/\/rrb.be\/rrb\/wp-json\/wp\/v2\/media?parent=532"}],"wp:term":[{"taxonomy":"category","embeddable":true,"href":"https:\/\/rrb.be\/rrb\/wp-json\/wp\/v2\/categories?post=532"},{"taxonomy":"post_tag","embeddable":true,"href":"https:\/\/rrb.be\/rrb\/wp-json\/wp\/v2\/tags?post=532"}],"curies":[{"name":"wp","href":"https:\/\/api.w.org\/{rel}","templated":true}]}}