{"id":483,"date":"2025-12-30T20:56:59","date_gmt":"2025-12-30T20:56:59","guid":{"rendered":"https:\/\/rrb.be\/rrb\/?page_id=483"},"modified":"2026-01-10T18:42:26","modified_gmt":"2026-01-10T18:42:26","slug":"scandale-a-zweibrucken-violences-neonazisme-et-drogue-ebranlent-un-regiment-delite-allemand","status":"publish","type":"post","link":"https:\/\/rrb.be\/rrb\/scandale-a-zweibrucken-violences-neonazisme-et-drogue-ebranlent-un-regiment-delite-allemand\/","title":{"rendered":"Scandale \u00e0 Zweibr\u00fccken : violences, n\u00e9onazisme et drogue \u00e9branlent un r\u00e9giment d&rsquo;\u00e9lite allemand."},"content":{"rendered":"\n<p><strong>Un scandale grave secoue un r\u00e9giment d&rsquo;\u00e9lite de parachutistes de la Bundeswehr \u00e0 Zweibr\u00fccken, en Allemagne, avec des accusations de violences, d&rsquo;extr\u00e9misme n\u00e9onazi et de consommation de drogue parmi plusieurs dizaines de soldats.<\/strong><\/p>\n\n\n\n<p>L&rsquo;enqu\u00eate a \u00e9t\u00e9 officiellement lanc\u00e9e fin d\u00e9cembre 2025 par le minist\u00e8re de la D\u00e9fense, suite \u00e0 des signalements initiaux de deux soldates en juin. Ces faits, \u00e9tal\u00e9s sur plusieurs mois, concernent un climat toxique au sein d&rsquo;une unit\u00e9 de 1 700 hommes, avec plus de 200 infractions recens\u00e9es, incluant brutalit\u00e9s physiques r\u00e9p\u00e9t\u00e9es, humiliations sexistes et rites impos\u00e9s aux jeunes recrues.<\/p>\n\n\n\n<p>Les autorit\u00e9s soup\u00e7onnent un groupe organis\u00e9 partageant des convictions d&rsquo;extr\u00eame droite, marqu\u00e9 par l&rsquo;usage de symboles nazis prohib\u00e9s, des propos antis\u00e9mites et des incidents haineux. Au moins 19 plaintes formelles ont \u00e9t\u00e9 d\u00e9pos\u00e9es, tandis que la prise de stup\u00e9fiants lors de rassemblements informels aurait favoris\u00e9 des actes violents collectifs, banalisant ainsi des pratiques radicales.<\/p>\n\n\n\n<p>Le parquet de Zweibr\u00fccken m\u00e8ne des poursuites p\u00e9nales pour violence, incitation \u00e0 la haine et usage de drogue, parall\u00e8lement \u00e0 des proc\u00e9dures disciplinaires internes. Une vingtaine de militaires ont d\u00e9j\u00e0 \u00e9t\u00e9 suspendus \u00e0 titre conservatoire, avec risque d&rsquo;exclusions d\u00e9finitives. Kenneth Harms, porte-parole de la Bundeswehr, a condamn\u00e9 ces agissements comme inacceptables, soulignant leur impact sur la r\u00e9putation de l&rsquo;arm\u00e9e dans un pays sensible \u00e0 son pass\u00e9 historique.<\/p>\n\n\n\n<p>Alain Schenkels<br>30 d\u00e9cembre 2025<\/p>\n\n\n\n<figure data-wp-context=\"{&quot;imageId&quot;:&quot;69f1000ecaa87&quot;}\" data-wp-interactive=\"core\/image\" data-wp-key=\"69f1000ecaa87\" class=\"wp-block-image size-full is-resized wp-lightbox-container\"><img loading=\"lazy\" decoding=\"async\" width=\"728\" height=\"1006\" data-wp-class--hide=\"state.isContentHidden\" data-wp-class--show=\"state.isContentVisible\" data-wp-init=\"callbacks.setButtonStyles\" data-wp-on--click=\"actions.showLightbox\" data-wp-on--load=\"callbacks.setButtonStyles\" data-wp-on-window--resize=\"callbacks.setButtonStyles\" src=\"https:\/\/rrb.be\/rrb\/wp-content\/uploads\/2025\/12\/Alain_Schenkels-2.jpg\" alt=\"\" class=\"wp-image-484\" style=\"width:220px;height:auto\" srcset=\"https:\/\/rrb.be\/rrb\/wp-content\/uploads\/2025\/12\/Alain_Schenkels-2.jpg 728w, https:\/\/rrb.be\/rrb\/wp-content\/uploads\/2025\/12\/Alain_Schenkels-2-217x300.jpg 217w\" sizes=\"auto, (max-width: 728px) 100vw, 728px\" \/><button\n\t\t\tclass=\"lightbox-trigger\"\n\t\t\ttype=\"button\"\n\t\t\taria-haspopup=\"dialog\"\n\t\t\taria-label=\"Enlarge\"\n\t\t\tdata-wp-init=\"callbacks.initTriggerButton\"\n\t\t\tdata-wp-on--click=\"actions.showLightbox\"\n\t\t\tdata-wp-style--right=\"state.imageButtonRight\"\n\t\t\tdata-wp-style--top=\"state.imageButtonTop\"\n\t\t>\n\t\t\t<svg xmlns=\"http:\/\/www.w3.org\/2000\/svg\" width=\"12\" height=\"12\" fill=\"none\" viewBox=\"0 0 12 12\">\n\t\t\t\t<path fill=\"#fff\" d=\"M2 0a2 2 0 0 0-2 2v2h1.5V2a.5.5 0 0 1 .5-.5h2V0H2Zm2 10.5H2a.5.5 0 0 1-.5-.5V8H0v2a2 2 0 0 0 2 2h2v-1.5ZM8 12v-1.5h2a.5.5 0 0 0 .5-.5V8H12v2a2 2 0 0 1-2 2H8Zm2-12a2 2 0 0 1 2 2v2h-1.5V2a.5.5 0 0 0-.5-.5H8V0h2Z\" \/>\n\t\t\t<\/svg>\n\t\t<\/button><\/figure>\n","protected":false},"excerpt":{"rendered":"<p>Un scandale grave secoue un r\u00e9giment d&rsquo;\u00e9lite de parachutistes de la Bundeswehr \u00e0 Zweibr\u00fccken, en Allemagne, avec des accusations de violences, d&rsquo;extr\u00e9misme n\u00e9onazi et de consommation de drogue parmi plusieurs dizaines de soldats. L&rsquo;enqu\u00eate a \u00e9t\u00e9 officiellement lanc\u00e9e fin d\u00e9cembre 2025 par le minist\u00e8re de la D\u00e9fense, suite \u00e0 des signalements initiaux de deux soldates [&hellip;]<\/p>\n","protected":false},"author":1,"featured_media":485,"comment_status":"closed","ping_status":"closed","sticky":false,"template":"","format":"standard","meta":{"footnotes":""},"categories":[5],"tags":[],"class_list":["post-483","post","type-post","status-publish","format-standard","has-post-thumbnail","hentry","category-international"],"_links":{"self":[{"href":"https:\/\/rrb.be\/rrb\/wp-json\/wp\/v2\/posts\/483","targetHints":{"allow":["GET"]}}],"collection":[{"href":"https:\/\/rrb.be\/rrb\/wp-json\/wp\/v2\/posts"}],"about":[{"href":"https:\/\/rrb.be\/rrb\/wp-json\/wp\/v2\/types\/post"}],"author":[{"embeddable":true,"href":"https:\/\/rrb.be\/rrb\/wp-json\/wp\/v2\/users\/1"}],"replies":[{"embeddable":true,"href":"https:\/\/rrb.be\/rrb\/wp-json\/wp\/v2\/comments?post=483"}],"version-history":[{"count":4,"href":"https:\/\/rrb.be\/rrb\/wp-json\/wp\/v2\/posts\/483\/revisions"}],"predecessor-version":[{"id":1463,"href":"https:\/\/rrb.be\/rrb\/wp-json\/wp\/v2\/posts\/483\/revisions\/1463"}],"wp:featuredmedia":[{"embeddable":true,"href":"https:\/\/rrb.be\/rrb\/wp-json\/wp\/v2\/media\/485"}],"wp:attachment":[{"href":"https:\/\/rrb.be\/rrb\/wp-json\/wp\/v2\/media?parent=483"}],"wp:term":[{"taxonomy":"category","embeddable":true,"href":"https:\/\/rrb.be\/rrb\/wp-json\/wp\/v2\/categories?post=483"},{"taxonomy":"post_tag","embeddable":true,"href":"https:\/\/rrb.be\/rrb\/wp-json\/wp\/v2\/tags?post=483"}],"curies":[{"name":"wp","href":"https:\/\/api.w.org\/{rel}","templated":true}]}}