{"id":3722,"date":"2026-04-28T08:48:29","date_gmt":"2026-04-28T08:48:29","guid":{"rendered":"https:\/\/rrb.be\/rrb\/?page_id=3722"},"modified":"2026-04-28T08:55:54","modified_gmt":"2026-04-28T08:55:54","slug":"proprietaires-abandonnes-squatteurs-proteges-le-malaise-bruxellois-chronique","status":"publish","type":"post","link":"https:\/\/rrb.be\/rrb\/proprietaires-abandonnes-squatteurs-proteges-le-malaise-bruxellois-chronique\/","title":{"rendered":"Propri\u00e9taires abandonn\u00e9s, squatteurs prot\u00e9g\u00e9s : le malaise bruxellois \u00a0(Chronique)"},"content":{"rendered":"\n<p><strong>\u00c0 Bruxelles, les immeubles de bureaux inoccup\u00e9s attirent de plus en plus les squats ill\u00e9gaux. Entre lenteurs judiciaires, associations militantes et r\u00e9gion d\u00e9faillante, les propri\u00e9taires se sentent abandonn\u00e9s. Une d\u00e9rive qui pose question sur le respect du droit de propri\u00e9t\u00e9.<\/strong><\/p>\n\n\n\n<p>Aussi disponible sur les sites : <a href=\"https:\/\/www.21news.be\/proprietaires-abandonnes-squatteurs-proteges-le-malaise-bruxellois-chronique\/\" target=\"_blank\" rel=\"noreferrer noopener\">21News FR<\/a> et <a href=\"https:\/\/www.21news.be\/nl\/eigenaars-in-de-steek-gelaten-krakers-beschermd-de-brusselse-impasse-column\/\" target=\"_blank\" rel=\"noreferrer noopener\">21News NL<\/a><\/p>\n\n\n\n<p>Bruxelles se veut capitale europ\u00e9enne, moderne, ouverte. Derri\u00e8re les fa\u00e7ades r\u00e9nov\u00e9es et les grands projets immobiliers, la ville voit prolif\u00e9rer un ph\u00e9nom\u00e8ne qui inqui\u00e8te de plus en plus les propri\u00e9taires&nbsp;:&nbsp;l&rsquo;occupation ill\u00e9gale&nbsp;d&rsquo;immeubles de bureaux vides.<\/p>\n\n\n\n<p>Ces b\u00e2timents, souvent en transformation ou en attente de permis, deviennent la cible de groupes qui s&rsquo;y installent sans autorisation, souvent par effraction. La proc\u00e9dure pour les d\u00e9loger est quant \u00e0 elle un v\u00e9ritable parcours du combattant, avec recours en justice, d\u00e9lais interminables et co\u00fbts en cascade.<\/p>\n\n\n\n<h2 class=\"wp-block-heading\">Le paradoxe bruxellois<\/h2>\n\n\n\n<p>La plupart de ces immeubles ne sont pas des carcasses abandonn\u00e9es. Ils font partie d&rsquo;un cycle \u00e9conomique, des bureaux devenus obsol\u00e8tes, en reconversion vers le logement ou d\u2019autres usages urbains. Malheureusement, entre les permis qui mettent du temps \u00e0 \u00eatre d\u00e9livr\u00e9s et une surveillance forc\u00e9ment diminu\u00e9e, une faille s&rsquo;ouvre.<\/p>\n\n\n\n<blockquote class=\"wp-block-quote is-layout-flow wp-block-quote-is-layout-flow\">\n<p>Et la loi, au lieu de prot\u00e9ger le propri\u00e9taire, impose une neutralit\u00e9 absurde&nbsp;: tant que le juge n&rsquo;a pas statu\u00e9, le squat reste.<\/p>\n<\/blockquote>\n\n\n\n<p>Cons\u00e9quence : des retards dans les projets de r\u00e9novation et de transformation et des particuliers ou des entreprises de gestion d\u00e9sempar\u00e9s. Cette situation n&rsquo;est pas anecdotique, elle est devenue syst\u00e9mique. Elle met en \u00e9vidence un d\u00e9s\u00e9quilibre profond, o\u00f9 la protection du \u00ab&nbsp;vuln\u00e9rable&nbsp;\u00bb l\u2019emporte sur celle du \u00ab&nbsp;l\u00e9gal&nbsp;\u00bb. Et au nom d\u2019une bonne conscience sociale, on en vient \u00e0 banaliser une forme de spoliation ill\u00e9gale.<\/p>\n\n\n\n<h2 class=\"wp-block-heading\">L&rsquo;insalubrit\u00e9 et l&rsquo;ins\u00e9curit\u00e9 qui se r\u00e9pandent dans les quartiers<\/h2>\n\n\n\n<p>Ces occupations ill\u00e9gales ne se limitent pas \u00e0 un probl\u00e8me juridique ou \u00e9conomique, elles ont des cons\u00e9quences directes sur les quartiers bruxellois. Dans les zones concern\u00e9es, les squats entra\u00eenent une d\u00e9gradation du cadre de vie. Les b\u00e2timents deviennent rapidement insalubres, raccordements sauvages \u00e0 l&rsquo;eau et \u00e0 l&rsquo;\u00e9lectricit\u00e9, parfois des probl\u00e8mes d&rsquo;hygi\u00e8ne, voire m\u00eame des tensions entre les occupants.<\/p>\n\n\n\n<p>Au fil des semaines, la sensation d&rsquo;ins\u00e9curit\u00e9 s\u2019amplifie. Les bruits, les rassemblements, les d\u00e9gradations et les petits trafics qui surviennent parfois, finissent par pousser les habitants \u00e0 se sentir abandonn\u00e9s par les pouvoirs publics. Et, inexorablement, la valeur immobili\u00e8re des propri\u00e9t\u00e9s voisines chute. Les propri\u00e9taires locaux d\u00e9couvrent le fruit d&rsquo;ann\u00e9es d&rsquo;efforts fragilis\u00e9 par un d\u00e9sordre qu&rsquo;ils ne peuvent ni contr\u00f4ler ni d\u00e9noncer sans \u00eatre accus\u00e9s de \u00ab&nbsp;manque de solidarit\u00e9&nbsp;\u00bb, voire de \u00ab&nbsp;racisme&nbsp;\u00bb.<\/p>\n\n\n\n<p>Cette spirale d&rsquo;insalubrit\u00e9 et de d\u00e9couragement urbain p\u00e8se lourdement sur la coh\u00e9sion des quartiers et illustre combien le laxisme face aux squats finit par p\u00e9naliser non seulement les investisseurs, mais aussi les citoyens ordinaires, ceux qui paient leurs imp\u00f4ts et voient leur environnement se d\u00e9liter sans qu\u2019une r\u00e9ponse politique claire soit apport\u00e9e.<\/p>\n\n\n\n<h2 class=\"wp-block-heading\">Quand la solidarit\u00e9 se d\u00e9tourne du droit<\/h2>\n\n\n\n<p>Une autre d\u00e9rive m\u00e9rite d&rsquo;\u00eatre point\u00e9e, c\u2019est l&rsquo;action de certaines associations, souvent subventionn\u00e9es, qui accompagnent ou d\u00e9fendent activement les squatteurs. Bien s\u00fbr, leur motivation initiale peut se comprendre \u2014 aider les personnes sans-abri et d\u00e9noncer la vacance immobili\u00e8re. Toutefois, leur logique peut finir par saper l&rsquo;autorit\u00e9 du droit. En effet, ces structures juridiques ou militantes se pr\u00e9sentent comme les d\u00e9fenseurs \u00ab&nbsp;des sans-logis&nbsp;\u00bb, mais elles orchestrent parfois la r\u00e9sistance contre les expulsions.<\/p>\n\n\n\n<p>On a vu r\u00e9cemment \u00e0 Bruxelles des avocats mandat\u00e9s par des organisations retarder d\u00e9lib\u00e9r\u00e9ment les proc\u00e9dures juridiques, multiplier les recours et m\u00e9diatiser les squatteurs comme des victimes d&rsquo;un syst\u00e8me injuste. Pendant ce temps, le v\u00e9ritable l\u00e9s\u00e9 \u2014 le propri\u00e9taire \u2014 reste silencieux, menac\u00e9 de vandalisme et priv\u00e9 de son capital.<\/p>\n\n\n\n<blockquote class=\"wp-block-quote is-layout-flow wp-block-quote-is-layout-flow\">\n<p>Lorsque la cause sociale devient un combat id\u00e9ologique, on ne fait plus preuve de solidarit\u00e9, mais de militantisme, au m\u00e9pris de la l\u00e9galit\u00e9.<\/p>\n<\/blockquote>\n\n\n\n<h2 class=\"wp-block-heading\">Le r\u00f4le de l&rsquo;\u00c9tat et la responsabilit\u00e9 publique<\/h2>\n\n\n\n<p>Ce glissement est d&rsquo;autant plus inqui\u00e9tant qu&rsquo;il r\u00e9v\u00e8le une d\u00e9mission des pouvoirs publics. La r\u00e9gion de Bruxelles montre une retenue certaine et h\u00e9site \u00e0 intervenir pour ne pas passer pour \u00ab&nbsp;inhumaine&nbsp;\u00bb. Elle d\u00e9l\u00e8gue la responsabilit\u00e9 \u00e0 la justice, comme si l&rsquo;occupation ill\u00e9gale \u00e9tait une simple question de litige civil. Cependant, c&rsquo;est un acte de violation de propri\u00e9t\u00e9, comparable \u00e0 une effraction. Il est paradoxal de constater que, dans une ville o\u00f9 l\u2019offre de logements est insuffisante, on tol\u00e8re l&rsquo;occupation de b\u00e2timents qui pourraient \u00eatre r\u00e9habilit\u00e9s ou transform\u00e9s en habitations.<\/p>\n\n\n\n<p>L&rsquo;\u00c9tat doit reprendre son r\u00f4le d&rsquo;arbitre, prot\u00e9ger la l\u00e9galit\u00e9 et s\u2019assurer de la prise en charge humanitaire&nbsp;: expulsion administrative rapide pour les squatteurs et logement d&rsquo;urgence pour les personnes vuln\u00e9rables. Il n&rsquo;est pas acceptable que des associations s&rsquo;improvisent en substituts de l&rsquo;\u00c9tat. De la m\u00eame mani\u00e8re, le propri\u00e9taire ne devrait pas servir d\u2019otage dans un d\u00e9bat id\u00e9ologique.<\/p>\n\n\n\n<h2 class=\"wp-block-heading\">La compassion ne devrait pas autoriser la complaisance<\/h2>\n\n\n\n<p>Le droit de propri\u00e9t\u00e9, bien loin d&rsquo;\u00eatre une affaire de privil\u00e9gi\u00e9s, est une pierre angulaire de toute soci\u00e9t\u00e9 ordonn\u00e9e. Il garantit le travail, l&rsquo;investissement, la confiance dans les institutions. Pour que Bruxelles continue d\u2019\u00eatre une capitale europ\u00e9enne respect\u00e9e, elle doit adopter une politique claire vis-\u00e0-vis des squats, en tenant compte du droit en vigueur, de la protection des biens priv\u00e9s et de la responsabilit\u00e9 sociale de l&rsquo;\u00c9tat. Sans cela, le rejet des institutions risque de s\u2019aggraver.<\/p>\n\n\n\n<blockquote class=\"wp-block-quote is-layout-flow wp-block-quote-is-layout-flow\">\n<p>La \u00ab&nbsp;solidarit\u00e9&nbsp;\u00bb ne peut justifier cette d\u00e9rive : l\u2019impuissance du droit quand il n\u2019est plus d\u00e9fendu.<\/p>\n<\/blockquote>\n\n\n\n<p>Tant que l&rsquo;\u00c9tat h\u00e9sitera entre la loi et la bien-pensance, Bruxelles restera prisonni\u00e8re de son propre paradoxe, une capitale europ\u00e9enne o\u00f9 la l\u00e9galit\u00e9 s&rsquo;efface devant l&rsquo;occupation ill\u00e9gale. D\u00e9fendre la propri\u00e9t\u00e9 ne signifie pas manquer de solidarit\u00e9\u2009; cela revient \u00e0 exiger que chacun assume sa part de responsabilit\u00e9. Car une soci\u00e9t\u00e9 qui n&rsquo;ose plus prot\u00e9ger ses valeurs finit toujours par perdre le respect d&rsquo;elle-m\u00eame.<\/p>\n\n\n\n<p>Par Alain Schenkels<\/p>\n\n\n\n<figure class=\"wp-block-image size-full is-resized\"><img loading=\"lazy\" decoding=\"async\" width=\"395\" height=\"632\" src=\"http:\/\/rrb.be\/rrb\/wp-content\/uploads\/2026\/01\/Alain-Schenkels-Profil.png\" alt=\"\" class=\"wp-image-2062\" style=\"width:142px;height:auto\" srcset=\"https:\/\/rrb.be\/rrb\/wp-content\/uploads\/2026\/01\/Alain-Schenkels-Profil.png 395w, https:\/\/rrb.be\/rrb\/wp-content\/uploads\/2026\/01\/Alain-Schenkels-Profil-188x300.png 188w\" sizes=\"auto, (max-width: 395px) 100vw, 395px\" \/><\/figure>\n\n\n\n<p>Cat\u00e9gorie(s) :<\/p>\n\n\n<div class=\"taxonomy-category wp-block-post-terms\"><a href=\"https:\/\/rrb.be\/rrb\/category\/chronique\/\" rel=\"tag\">Chronique<\/a><\/div>\n\n\n<p><\/p>\n","protected":false},"excerpt":{"rendered":"<p>\u00c0 Bruxelles, les immeubles de bureaux inoccup\u00e9s attirent de plus en plus les squats ill\u00e9gaux. Entre lenteurs judiciaires, associations militantes et r\u00e9gion d\u00e9faillante, les propri\u00e9taires se sentent abandonn\u00e9s. Une d\u00e9rive qui pose question sur le respect du droit de propri\u00e9t\u00e9. Aussi disponible sur les sites : 21News FR et 21News NL Bruxelles se veut capitale [&hellip;]<\/p>\n","protected":false},"author":1,"featured_media":3723,"comment_status":"closed","ping_status":"closed","sticky":false,"template":"","format":"standard","meta":{"footnotes":""},"categories":[49],"tags":[],"class_list":["post-3722","post","type-post","status-publish","format-standard","has-post-thumbnail","hentry","category-chronique"],"_links":{"self":[{"href":"https:\/\/rrb.be\/rrb\/wp-json\/wp\/v2\/posts\/3722","targetHints":{"allow":["GET"]}}],"collection":[{"href":"https:\/\/rrb.be\/rrb\/wp-json\/wp\/v2\/posts"}],"about":[{"href":"https:\/\/rrb.be\/rrb\/wp-json\/wp\/v2\/types\/post"}],"author":[{"embeddable":true,"href":"https:\/\/rrb.be\/rrb\/wp-json\/wp\/v2\/users\/1"}],"replies":[{"embeddable":true,"href":"https:\/\/rrb.be\/rrb\/wp-json\/wp\/v2\/comments?post=3722"}],"version-history":[{"count":2,"href":"https:\/\/rrb.be\/rrb\/wp-json\/wp\/v2\/posts\/3722\/revisions"}],"predecessor-version":[{"id":3726,"href":"https:\/\/rrb.be\/rrb\/wp-json\/wp\/v2\/posts\/3722\/revisions\/3726"}],"wp:featuredmedia":[{"embeddable":true,"href":"https:\/\/rrb.be\/rrb\/wp-json\/wp\/v2\/media\/3723"}],"wp:attachment":[{"href":"https:\/\/rrb.be\/rrb\/wp-json\/wp\/v2\/media?parent=3722"}],"wp:term":[{"taxonomy":"category","embeddable":true,"href":"https:\/\/rrb.be\/rrb\/wp-json\/wp\/v2\/categories?post=3722"},{"taxonomy":"post_tag","embeddable":true,"href":"https:\/\/rrb.be\/rrb\/wp-json\/wp\/v2\/tags?post=3722"}],"curies":[{"name":"wp","href":"https:\/\/api.w.org\/{rel}","templated":true}]}}