{"id":3681,"date":"2026-01-24T11:27:00","date_gmt":"2026-01-24T11:27:00","guid":{"rendered":"https:\/\/rrb.be\/rrb\/?p=3681"},"modified":"2026-03-01T11:50:02","modified_gmt":"2026-03-01T11:50:02","slug":"la-brafa-2026-hisse-bruxelles-au-sommet-de-la-scene-artistique","status":"publish","type":"post","link":"https:\/\/rrb.be\/rrb\/la-brafa-2026-hisse-bruxelles-au-sommet-de-la-scene-artistique\/","title":{"rendered":"La BRAFA 2026 hisse Bruxelles au sommet de la sc\u00e8ne artistique"},"content":{"rendered":"\n<p><strong>Bruxelles confirme son rang de capitale europ\u00e9enne de l\u2019art avec une BRAFA au sommet : 147 galeries venues de 18 pays, un public international et un programme m\u00ealant cr\u00e9ation, patrimoine et design. Sous la pr\u00e9sidence de Klaas Muller, la 71e \u00e9dition offre une foire plus vaste, plus \u00e9quilibr\u00e9e et toujours aussi s\u00e9lective.<\/strong><\/p>\n\n\n\n<figure class=\"wp-block-pullquote\"><blockquote><p><strong>R\u00e9sum\u00e9 de l&rsquo;article<\/strong><br>La 71e BRAFA r\u00e9unit 147 galeries de 18 pays au Heysel, confirmant Bruxelles comme haut lieu de l\u2019art europ\u00e9en. Sous Klaas Muller, la foire allie Ma\u00eetres Anciens, art moderne et design, avec la Fondation Roi Baudouin mise \u00e0 l\u2019honneur pour ses 50 ans.<\/p><\/blockquote><\/figure>\n\n\n\n<p>R\u00e9partie sur les Palais 3, 4 et 8 du Heysel, la BRAFA 2026 bat un record d\u2019affluence d\u2019exposants, avec 17 galeries suppl\u00e9mentaires par rapport \u00e0 l\u2019an dernier. Le nouvel espace de restauration, la sc\u00e9nographie \u00e9pur\u00e9e aux motifs de nuages et la fluidit\u00e9 du parcours confortent une exp\u00e9rience de visite conviviale. La Fondation Roi Baudouin, invit\u00e9e d\u2019honneur de cette \u00e9dition, c\u00e9l\u00e8bre ses 50 ans par une s\u00e9lection embl\u00e9matique d\u2019\u0153uvres et d\u2019objets d\u2019art belge.<\/p>\n\n\n\n<p><strong>March\u00e9 et tendances<\/strong><\/p>\n\n\n\n<p>Les Ma\u00eetres Anciens gardent une place forte avec Jan Muller Antiques, Lowet de Wotrenge et Douwes Fine Art, qui expose notamment un autoportrait de Rembrandt et une sc\u00e8ne d\u2019\u00e9glise de De Witte. Le mobilier et les arts d\u00e9coratifs brillent par la diversit\u00e9 \u2013 de Serrurier-Bovy \u00e0 Tiffany \u2013 tandis que l\u2019art moderne et contemporain s\u2019impose partout, d\u2019un Dubuffet in\u00e9dit sur le stand des Boulakia \u00e0 la s\u00e9rie de Bram Bogart pr\u00e9sent\u00e9e par Samuel Vanhoegaerden.<\/p>\n\n\n\n<p><strong>Focus des stands<\/strong><\/p>\n\n\n\n<p>Parmi les red\u00e9couvertes, un ensemble de paysages du Su\u00e9dois Oskar Bergman (galerie Perrin) et un remarquable trompe-l\u2019\u0153il de Dominique Doncre, hommage aux ma\u00eetres flamands. Klaas Muller, \u00e9galement pr\u00e9sident de la foire, attire l\u2019attention sur un portrait r\u00e9cemment attribu\u00e9 \u00e0 Rubens, pr\u00e9sent\u00e9 aux c\u00f4t\u00e9s de Van Dyck et Jordaens. L\u2019art ancien s\u2019affirme, notamment avec un buste du gouverneur Charles-Alexandre de Lorraine (galerie Lemaire), une panth\u00e8re italienne en marbre \u00ab jaune tigr\u00e9 \u00bb (Bernard de Leye) ou encore une guillotine miniature dans le cabinet de curiosit\u00e9s de Finch &amp; Co.<\/p>\n\n\n\n<p><strong>Design et arts d\u00e9coratifs<\/strong><\/p>\n\n\n\n<p>Les galeries Haesaert-le Grelle et Mathivet composent un panorama allant de l\u2019Art D\u00e9co au design contemporain br\u00e9silien, tandis que Maison Rapin surprend avec une reconstitution d\u2019int\u00e9rieur m\u00ealant ann\u00e9es 1960 et cr\u00e9ations actuelles. Chez Pron, les amateurs red\u00e9couvrent l\u2019\u00e9l\u00e9gance architecturale d\u2019Ernesto Basile.<\/p>\n\n\n\n<p><strong>Cadre et organisation<\/strong><\/p>\n\n\n\n<p>Sous le th\u00e8me du ciel, imagin\u00e9 par Nicolas de Liedekerke, la sc\u00e9nographie valorise les \u0153uvres tout en fluidifiant les d\u00e9placements. Un vetting assur\u00e9 par 90 experts garantit l\u2019authenticit\u00e9 et la qualit\u00e9 des pi\u00e8ces. Les conf\u00e9rences \u00ab BRAFA Art Talks \u00bb et \u00ab KBF Art Talks \u00bb rythment la semaine, abordant collection, patrimoine et fiscalit\u00e9 dans une ambiance studieuse mais accessible.<\/p>\n\n\n\n<p>Brussels Expo, Place de Belgique 1, 1020 Bruxelles du 25 janvier au 1er f\u00e9vrier 2026<\/p>\n\n\n\n<figure class=\"wp-block-gallery has-nested-images columns-default is-cropped wp-block-gallery-1 is-layout-flex wp-block-gallery-is-layout-flex\">\n<figure class=\"wp-block-image size-large\"><img loading=\"lazy\" decoding=\"async\" width=\"618\" height=\"641\" data-id=\"3687\" src=\"https:\/\/rrb.be\/rrb\/wp-content\/uploads\/2026\/01\/as1.jpg\" alt=\"\" class=\"wp-image-3687\" srcset=\"https:\/\/rrb.be\/rrb\/wp-content\/uploads\/2026\/01\/as1.jpg 618w, https:\/\/rrb.be\/rrb\/wp-content\/uploads\/2026\/01\/as1-289x300.jpg 289w\" sizes=\"auto, (max-width: 618px) 100vw, 618px\" \/><\/figure>\n\n\n\n<figure class=\"wp-block-image size-large\"><img loading=\"lazy\" decoding=\"async\" width=\"659\" height=\"891\" data-id=\"3688\" src=\"https:\/\/rrb.be\/rrb\/wp-content\/uploads\/2026\/01\/as2.jpg\" alt=\"\" class=\"wp-image-3688\" srcset=\"https:\/\/rrb.be\/rrb\/wp-content\/uploads\/2026\/01\/as2.jpg 659w, https:\/\/rrb.be\/rrb\/wp-content\/uploads\/2026\/01\/as2-222x300.jpg 222w\" sizes=\"auto, (max-width: 659px) 100vw, 659px\" \/><\/figure>\n\n\n\n<figure class=\"wp-block-image size-large\"><img loading=\"lazy\" decoding=\"async\" width=\"511\" height=\"720\" data-id=\"3686\" src=\"https:\/\/rrb.be\/rrb\/wp-content\/uploads\/2026\/01\/as3.jpg\" alt=\"\" class=\"wp-image-3686\" srcset=\"https:\/\/rrb.be\/rrb\/wp-content\/uploads\/2026\/01\/as3.jpg 511w, https:\/\/rrb.be\/rrb\/wp-content\/uploads\/2026\/01\/as3-213x300.jpg 213w\" sizes=\"auto, (max-width: 511px) 100vw, 511px\" \/><\/figure>\n<\/figure>\n\n\n\n<p>Par Alain Schenkels<\/p>\n\n\n\n<figure class=\"wp-block-image size-full is-resized\"><img loading=\"lazy\" decoding=\"async\" width=\"395\" height=\"632\" src=\"http:\/\/rrb.be\/rrb\/wp-content\/uploads\/2026\/01\/Alain-Schenkels-Profil.png\" alt=\"\" class=\"wp-image-2062\" style=\"width:165px;height:auto\" srcset=\"https:\/\/rrb.be\/rrb\/wp-content\/uploads\/2026\/01\/Alain-Schenkels-Profil.png 395w, https:\/\/rrb.be\/rrb\/wp-content\/uploads\/2026\/01\/Alain-Schenkels-Profil-188x300.png 188w\" sizes=\"auto, (max-width: 395px) 100vw, 395px\" \/><\/figure>\n\n\n\n<p>Cat\u00e9gorie(s) :<\/p>\n\n\n<div class=\"taxonomy-category wp-block-post-terms\"><a href=\"https:\/\/rrb.be\/rrb\/category\/belgique\/\" rel=\"tag\">Belgique<\/a><span class=\"wp-block-post-terms__separator\">, <\/span><a href=\"https:\/\/rrb.be\/rrb\/category\/culture\/\" rel=\"tag\">Culture<\/a><\/div>\n\n\n<p><em>(Photos Alain Schenkels)<\/em><\/p>\n\n\n\n<p><\/p>\n","protected":false},"excerpt":{"rendered":"<p>Bruxelles confirme son rang de capitale europ\u00e9enne de l\u2019art avec une BRAFA au sommet : 147 galeries venues de 18 pays, un public international et un programme m\u00ealant cr\u00e9ation, patrimoine et design. Sous la pr\u00e9sidence de Klaas Muller, la 71e \u00e9dition offre une foire plus vaste, plus \u00e9quilibr\u00e9e et toujours aussi s\u00e9lective. R\u00e9sum\u00e9 de l&rsquo;articleLa [&hellip;]<\/p>\n","protected":false},"author":1,"featured_media":3682,"comment_status":"closed","ping_status":"open","sticky":false,"template":"","format":"standard","meta":{"footnotes":""},"categories":[4,15],"tags":[],"class_list":["post-3681","post","type-post","status-publish","format-standard","has-post-thumbnail","hentry","category-belgique","category-culture"],"_links":{"self":[{"href":"https:\/\/rrb.be\/rrb\/wp-json\/wp\/v2\/posts\/3681","targetHints":{"allow":["GET"]}}],"collection":[{"href":"https:\/\/rrb.be\/rrb\/wp-json\/wp\/v2\/posts"}],"about":[{"href":"https:\/\/rrb.be\/rrb\/wp-json\/wp\/v2\/types\/post"}],"author":[{"embeddable":true,"href":"https:\/\/rrb.be\/rrb\/wp-json\/wp\/v2\/users\/1"}],"replies":[{"embeddable":true,"href":"https:\/\/rrb.be\/rrb\/wp-json\/wp\/v2\/comments?post=3681"}],"version-history":[{"count":3,"href":"https:\/\/rrb.be\/rrb\/wp-json\/wp\/v2\/posts\/3681\/revisions"}],"predecessor-version":[{"id":3689,"href":"https:\/\/rrb.be\/rrb\/wp-json\/wp\/v2\/posts\/3681\/revisions\/3689"}],"wp:featuredmedia":[{"embeddable":true,"href":"https:\/\/rrb.be\/rrb\/wp-json\/wp\/v2\/media\/3682"}],"wp:attachment":[{"href":"https:\/\/rrb.be\/rrb\/wp-json\/wp\/v2\/media?parent=3681"}],"wp:term":[{"taxonomy":"category","embeddable":true,"href":"https:\/\/rrb.be\/rrb\/wp-json\/wp\/v2\/categories?post=3681"},{"taxonomy":"post_tag","embeddable":true,"href":"https:\/\/rrb.be\/rrb\/wp-json\/wp\/v2\/tags?post=3681"}],"curies":[{"name":"wp","href":"https:\/\/api.w.org\/{rel}","templated":true}]}}