{"id":3602,"date":"2026-02-21T15:46:45","date_gmt":"2026-02-21T15:46:45","guid":{"rendered":"https:\/\/rrb.be\/rrb\/?p=3602"},"modified":"2026-02-21T15:48:06","modified_gmt":"2026-02-21T15:48:06","slug":"fondation-auschwitz-sur-les-traces-de-la-shoah-en-pologne-du-13-au-20-juillet-2026","status":"publish","type":"post","link":"https:\/\/rrb.be\/rrb\/fondation-auschwitz-sur-les-traces-de-la-shoah-en-pologne-du-13-au-20-juillet-2026\/","title":{"rendered":"Fondation Auschwitz : Sur les traces de la Shoah en Pologne du 13 au 20 juillet 2026"},"content":{"rendered":"\n<h2 class=\"wp-block-heading\">Voyage d&rsquo;\u00e9tudes annuel \u00e0 Auschwitz, Birkenau et Cracovie<\/h2>\n\n\n\n<p>La Fondation Auschwitz vous emm\u00e8ne sur les traces de la Shoah \u00e0 travers la Pologne. Au cours de ce voyage, vous retracerez le chemin parcouru par la population juive, depuis les villes (Varsovie, \u0141\u00f3d\u017a, Lublin&#8230;) via les Umschlagplatz jusqu&rsquo;aux centres d&rsquo;extermination (Kulmhof, Majdanek, Be\u0142\u017cec, Sobib\u00f3r et Treblinka).<\/p>\n\n\n\n<blockquote class=\"wp-block-quote is-layout-flow wp-block-quote-is-layout-flow\">\n<p>Cette ann\u00e9e, le voyage d&rsquo;\u00e9tudes aura lieu du 13 au 20 juillet 2026.<\/p>\n<\/blockquote>\n\n\n\n<p>Compl\u00e9mentaire au voyage d&rsquo;\u00e9tudes \u00e0 Auschwitz-Birkenau, ce voyage vise \u00e0 faire conna\u00eetre l&rsquo;\u00ab&nbsp;Aktion Reinhardt&nbsp;\u00bb, l\u2019op\u00e9ration qui avait comme but l\u2019annihilation des Juifs du Gouvernement g\u00e9n\u00e9ral (pendant l&rsquo;entre-deux-guerres, partie centrale de la Pologne actuelle).<\/p>\n\n\n\n<p>Pour toute information et inscription : <strong><a href=\"https:\/\/www.auschwitz.be\/fr\/accueil\/agenda\/voyage-d-etudes-sur-les-traces-de-la-shoah-en-pologne-du-13-au-20-juillet-2026?fbclid=IwY2xjawQGsVRleHRuA2FlbQIxMABicmlkETJPczhjYlh0cG1LamVLWDg1c3J0YwZhcHBfaWQQMjIyMDM5MTc4ODIwMDg5MgABHqvpNFobiSmBod4w_b1qPfSdg8tq-u0s7qw9-a1L1NJxSaZlBnbtoKGQ29XJ_aem__XW5U84aNcu5itInw-r_Hg\" target=\"_blank\" rel=\"noopener\">cliquez ICI<\/a><\/strong><\/p>\n\n\n\n<p>Par Alain Schenkels<\/p>\n\n\n\n<figure class=\"wp-block-image size-full is-resized\"><img loading=\"lazy\" decoding=\"async\" width=\"395\" height=\"632\" src=\"http:\/\/rrb.be\/rrb\/wp-content\/uploads\/2026\/01\/Alain-Schenkels-Profil.png\" alt=\"\" class=\"wp-image-2062\" style=\"width:110px;height:auto\" srcset=\"https:\/\/rrb.be\/rrb\/wp-content\/uploads\/2026\/01\/Alain-Schenkels-Profil.png 395w, https:\/\/rrb.be\/rrb\/wp-content\/uploads\/2026\/01\/Alain-Schenkels-Profil-188x300.png 188w\" sizes=\"auto, (max-width: 395px) 100vw, 395px\" \/><\/figure>\n\n\n\n<p>Cat\u00e9gorie(s) :<\/p>\n\n\n<div class=\"taxonomy-category wp-block-post-terms\"><a href=\"https:\/\/rrb.be\/rrb\/category\/culture\/\" rel=\"tag\">Culture<\/a><span class=\"wp-block-post-terms__separator\">, <\/span><a href=\"https:\/\/rrb.be\/rrb\/category\/histoire\/\" rel=\"tag\">Histoire<\/a><span class=\"wp-block-post-terms__separator\">, <\/span><a href=\"https:\/\/rrb.be\/rrb\/category\/conflits-guerres\/seconde-guerre-mondiale\/\" rel=\"tag\">Seconde guerre mondiale<\/a><\/div>\n\n\n<p><em>(Photo ent\u00eate : Fondation Auschwitz)<\/em><\/p>\n","protected":false},"excerpt":{"rendered":"<p>Voyage d&rsquo;\u00e9tudes annuel \u00e0 Auschwitz, Birkenau et Cracovie La Fondation Auschwitz vous emm\u00e8ne sur les traces de la Shoah \u00e0 travers la Pologne. Au cours de ce voyage, vous retracerez le chemin parcouru par la population juive, depuis les villes (Varsovie, \u0141\u00f3d\u017a, Lublin&#8230;) via les Umschlagplatz jusqu&rsquo;aux centres d&rsquo;extermination (Kulmhof, Majdanek, Be\u0142\u017cec, Sobib\u00f3r et Treblinka). [&hellip;]<\/p>\n","protected":false},"author":1,"featured_media":3603,"comment_status":"closed","ping_status":"open","sticky":false,"template":"","format":"standard","meta":{"footnotes":""},"categories":[15,9,20],"tags":[],"class_list":["post-3602","post","type-post","status-publish","format-standard","has-post-thumbnail","hentry","category-culture","category-histoire","category-seconde-guerre-mondiale"],"_links":{"self":[{"href":"https:\/\/rrb.be\/rrb\/wp-json\/wp\/v2\/posts\/3602","targetHints":{"allow":["GET"]}}],"collection":[{"href":"https:\/\/rrb.be\/rrb\/wp-json\/wp\/v2\/posts"}],"about":[{"href":"https:\/\/rrb.be\/rrb\/wp-json\/wp\/v2\/types\/post"}],"author":[{"embeddable":true,"href":"https:\/\/rrb.be\/rrb\/wp-json\/wp\/v2\/users\/1"}],"replies":[{"embeddable":true,"href":"https:\/\/rrb.be\/rrb\/wp-json\/wp\/v2\/comments?post=3602"}],"version-history":[{"count":2,"href":"https:\/\/rrb.be\/rrb\/wp-json\/wp\/v2\/posts\/3602\/revisions"}],"predecessor-version":[{"id":3605,"href":"https:\/\/rrb.be\/rrb\/wp-json\/wp\/v2\/posts\/3602\/revisions\/3605"}],"wp:featuredmedia":[{"embeddable":true,"href":"https:\/\/rrb.be\/rrb\/wp-json\/wp\/v2\/media\/3603"}],"wp:attachment":[{"href":"https:\/\/rrb.be\/rrb\/wp-json\/wp\/v2\/media?parent=3602"}],"wp:term":[{"taxonomy":"category","embeddable":true,"href":"https:\/\/rrb.be\/rrb\/wp-json\/wp\/v2\/categories?post=3602"},{"taxonomy":"post_tag","embeddable":true,"href":"https:\/\/rrb.be\/rrb\/wp-json\/wp\/v2\/tags?post=3602"}],"curies":[{"name":"wp","href":"https:\/\/api.w.org\/{rel}","templated":true}]}}