{"id":3572,"date":"2026-02-19T12:12:49","date_gmt":"2026-02-19T12:12:49","guid":{"rendered":"https:\/\/rrb.be\/rrb\/?p=3572"},"modified":"2026-02-19T12:12:50","modified_gmt":"2026-02-19T12:12:50","slug":"gaza-5-000-soldats-attendus-sur-une-future-base-americaine","status":"publish","type":"post","link":"https:\/\/rrb.be\/rrb\/gaza-5-000-soldats-attendus-sur-une-future-base-americaine\/","title":{"rendered":"Gaza : 5 000 soldats attendus sur une future base am\u00e9ricaine"},"content":{"rendered":"\n<p><strong>Washington envisage d\u2019implanter une base militaire \u00e0 Gaza pour appuyer une future force internationale de stabilisation. Ce projet, r\u00e9v\u00e9l\u00e9 par&nbsp;<em>The Guardian<\/em>, s\u2019inscrit dans le plan am\u00e9ricain de reconstruction et de s\u00e9curisation de l\u2019enclave palestinienne. L\u2019annonce de Donald Trump est attendue lors de la r\u00e9union du Conseil de paix ce jeudi.<\/strong><\/p>\n\n\n\n<p>Selon le quotidien britannique, l\u2019installation serait capable d\u2019accueillir environ 5 000 soldats sur plus de 350 dunams, soit quelque 35 hectares. Le complexe, d\u2019environ 1 400 m\u00e8tres sur 1 100, comprendrait 26 tours de guet blind\u00e9es, des bunkers, un d\u00e9p\u00f4t de mat\u00e9riel et un stand de tir, l\u2019ensemble \u00e9tant entour\u00e9 de barbel\u00e9s. Le site envisag\u00e9 se situerait dans le sud d\u00e9sertique de Gaza. Plusieurs entreprises internationales sp\u00e9cialis\u00e9es dans les op\u00e9rations en zone de conflit auraient d\u00e9j\u00e0 \u00e9t\u00e9 invit\u00e9es \u00e0 une inspection du terrain.<\/p>\n\n\n\n<p>La porte-parole de la Maison-Blanche, Karoline Leavitt, a indiqu\u00e9 que le pr\u00e9sident Trump devait annoncer un engagement de 5 milliards de dollars pour la reconstruction de Gaza, financ\u00e9 par les \u00c9tats membres du Conseil de paix. Le d\u00e9ploiement de milliers de militaires dans la force internationale figure \u00e9galement \u00e0 l\u2019ordre du jour. La r\u00e9union, pr\u00e9vue \u00e0 16h00 heure isra\u00e9lienne, doit aborder l\u2019organisation administrative de Gaza et la question du d\u00e9sarmement du Hamas.<\/p>\n\n\n\n<p>Isra\u00ebl soutient le projet am\u00e9ricain. Son ministre des Affaires \u00e9trang\u00e8res, Guideon Sa\u2019ar, a r\u00e9affirm\u00e9 \u00e0 l\u2019ONU l\u2019importance du plan reposant sur trois objectifs : d\u00e9sarmement du Hamas, d\u00e9militarisation de Gaza et d\u00e9radicalisation de la soci\u00e9t\u00e9 palestinienne. Il estime que leur r\u00e9alisation ouvrirait la voie \u00e0 une nouvelle stabilit\u00e9 r\u00e9gionale.<\/p>\n\n\n\n<p>Plusieurs pays \u00e9tudient leur participation. L\u2019Indon\u00e9sie a confirm\u00e9 l\u2019envoi de troupes, tandis que le Maroc, la Gr\u00e8ce et l\u2019Albanie discutent de leur contribution. Ath\u00e8nes pr\u00e9voit de d\u00e9ployer un contingent de 100 \u00e0 150 soldats, incluant m\u00e9decins et ing\u00e9nieurs, accompagn\u00e9s de v\u00e9hicules blind\u00e9s.<\/p>\n\n\n\n<p>Par Alain Schenkels<\/p>\n\n\n\n<figure data-wp-context=\"{&quot;imageId&quot;:&quot;69ec93ffc1992&quot;}\" data-wp-interactive=\"core\/image\" data-wp-key=\"69ec93ffc1992\" class=\"wp-block-image size-full is-resized wp-lightbox-container\"><img loading=\"lazy\" decoding=\"async\" width=\"395\" height=\"632\" data-wp-class--hide=\"state.isContentHidden\" data-wp-class--show=\"state.isContentVisible\" data-wp-init=\"callbacks.setButtonStyles\" data-wp-on--click=\"actions.showLightbox\" data-wp-on--load=\"callbacks.setButtonStyles\" data-wp-on-window--resize=\"callbacks.setButtonStyles\" src=\"http:\/\/rrb.be\/rrb\/wp-content\/uploads\/2026\/01\/Alain-Schenkels-Profil.png\" alt=\"\" class=\"wp-image-2062\" style=\"width:158px;height:auto\" srcset=\"https:\/\/rrb.be\/rrb\/wp-content\/uploads\/2026\/01\/Alain-Schenkels-Profil.png 395w, https:\/\/rrb.be\/rrb\/wp-content\/uploads\/2026\/01\/Alain-Schenkels-Profil-188x300.png 188w\" sizes=\"auto, (max-width: 395px) 100vw, 395px\" \/><button\n\t\t\tclass=\"lightbox-trigger\"\n\t\t\ttype=\"button\"\n\t\t\taria-haspopup=\"dialog\"\n\t\t\taria-label=\"Enlarge\"\n\t\t\tdata-wp-init=\"callbacks.initTriggerButton\"\n\t\t\tdata-wp-on--click=\"actions.showLightbox\"\n\t\t\tdata-wp-style--right=\"state.imageButtonRight\"\n\t\t\tdata-wp-style--top=\"state.imageButtonTop\"\n\t\t>\n\t\t\t<svg xmlns=\"http:\/\/www.w3.org\/2000\/svg\" width=\"12\" height=\"12\" fill=\"none\" viewBox=\"0 0 12 12\">\n\t\t\t\t<path fill=\"#fff\" d=\"M2 0a2 2 0 0 0-2 2v2h1.5V2a.5.5 0 0 1 .5-.5h2V0H2Zm2 10.5H2a.5.5 0 0 1-.5-.5V8H0v2a2 2 0 0 0 2 2h2v-1.5ZM8 12v-1.5h2a.5.5 0 0 0 .5-.5V8H12v2a2 2 0 0 1-2 2H8Zm2-12a2 2 0 0 1 2 2v2h-1.5V2a.5.5 0 0 0-.5-.5H8V0h2Z\" \/>\n\t\t\t<\/svg>\n\t\t<\/button><\/figure>\n\n\n\n<p>(Photo ent\u00eate : iStock)<\/p>\n\n\n\n<p>Cat\u00e9gorie(s) :<\/p>\n\n\n<div class=\"taxonomy-category wp-block-post-terms\"><a href=\"https:\/\/rrb.be\/rrb\/category\/conflits-guerres\/\" rel=\"tag\">Conflits &#8211; Guerres<\/a><span class=\"wp-block-post-terms__separator\">, <\/span><a href=\"https:\/\/rrb.be\/rrb\/category\/conflits-guerres\/guerre-israel-palestine\/\" rel=\"tag\">Guerre Isra\u00ebl Palestine<\/a><span class=\"wp-block-post-terms__separator\">, <\/span><a href=\"https:\/\/rrb.be\/rrb\/category\/international\/\" rel=\"tag\">International<\/a><\/div>","protected":false},"excerpt":{"rendered":"<p>Washington envisage d\u2019implanter une base militaire \u00e0 Gaza pour appuyer une future force internationale de stabilisation. Ce projet, r\u00e9v\u00e9l\u00e9 par&nbsp;The Guardian, s\u2019inscrit dans le plan am\u00e9ricain de reconstruction et de s\u00e9curisation de l\u2019enclave palestinienne. L\u2019annonce de Donald Trump est attendue lors de la r\u00e9union du Conseil de paix ce jeudi. Selon le quotidien britannique, l\u2019installation [&hellip;]<\/p>\n","protected":false},"author":1,"featured_media":3573,"comment_status":"closed","ping_status":"open","sticky":false,"template":"","format":"standard","meta":{"footnotes":""},"categories":[18,6,5],"tags":[],"class_list":["post-3572","post","type-post","status-publish","format-standard","has-post-thumbnail","hentry","category-conflits-guerres","category-guerre-israel-palestine","category-international"],"_links":{"self":[{"href":"https:\/\/rrb.be\/rrb\/wp-json\/wp\/v2\/posts\/3572","targetHints":{"allow":["GET"]}}],"collection":[{"href":"https:\/\/rrb.be\/rrb\/wp-json\/wp\/v2\/posts"}],"about":[{"href":"https:\/\/rrb.be\/rrb\/wp-json\/wp\/v2\/types\/post"}],"author":[{"embeddable":true,"href":"https:\/\/rrb.be\/rrb\/wp-json\/wp\/v2\/users\/1"}],"replies":[{"embeddable":true,"href":"https:\/\/rrb.be\/rrb\/wp-json\/wp\/v2\/comments?post=3572"}],"version-history":[{"count":2,"href":"https:\/\/rrb.be\/rrb\/wp-json\/wp\/v2\/posts\/3572\/revisions"}],"predecessor-version":[{"id":3575,"href":"https:\/\/rrb.be\/rrb\/wp-json\/wp\/v2\/posts\/3572\/revisions\/3575"}],"wp:featuredmedia":[{"embeddable":true,"href":"https:\/\/rrb.be\/rrb\/wp-json\/wp\/v2\/media\/3573"}],"wp:attachment":[{"href":"https:\/\/rrb.be\/rrb\/wp-json\/wp\/v2\/media?parent=3572"}],"wp:term":[{"taxonomy":"category","embeddable":true,"href":"https:\/\/rrb.be\/rrb\/wp-json\/wp\/v2\/categories?post=3572"},{"taxonomy":"post_tag","embeddable":true,"href":"https:\/\/rrb.be\/rrb\/wp-json\/wp\/v2\/tags?post=3572"}],"curies":[{"name":"wp","href":"https:\/\/api.w.org\/{rel}","templated":true}]}}