{"id":3541,"date":"2026-02-18T12:48:25","date_gmt":"2026-02-18T12:48:25","guid":{"rendered":"https:\/\/rrb.be\/rrb\/?p=3541"},"modified":"2026-02-18T12:48:53","modified_gmt":"2026-02-18T12:48:53","slug":"quand-l-antifascisme-adopte-les-methodes-quil-pretend-combattre-par-viviane-teitelbaum","status":"publish","type":"post","link":"https:\/\/rrb.be\/rrb\/quand-l-antifascisme-adopte-les-methodes-quil-pretend-combattre-par-viviane-teitelbaum\/","title":{"rendered":"Quand l\u2019\u00ab antifascisme \u00bb adopte les m\u00e9thodes qu\u2019il pr\u00e9tend combattre (par Viviane Teitelbaum)"},"content":{"rendered":"\n<p><strong>Il fut un temps o\u00f9 les \u00ab antifas \u00bb menaient un combat clair : celui de la d\u00e9fense des libert\u00e9s publiques, du pluralisme, du d\u00e9bat contradictoire et de l\u2019\u00c9tat de droit. Un combat pour emp\u00eacher que la violence politique ne s\u2019impose comme mode d\u2019expression.<\/strong><\/p>\n\n\n\n<p>Aujourd\u2019hui, certains groupes se revendiquant \u00ab antifas \u00bb semblent avoir invers\u00e9 cette logique. L\u2019intimidation remplace l\u2019argumentation et le d\u00e9bat d\u00e9mocratique. La violence devient un outil assum\u00e9.<\/p>\n\n\n\n<p>En Belgique, des actions violentes, des perturbations d\u2019\u00e9v\u00e9nements visant le MR, des tentatives d\u2019emp\u00eacher des r\u00e9unions ou des prises de parole, ont montr\u00e9 que la radicalit\u00e9 n\u2019est plus seulement verbale. En France, des sc\u00e8nes similaires se multiplient : allant jusqu\u2019aux menaces et d\u00e9sormais meurtre pr\u00e9m\u00e9dit\u00e9. Cette d\u00e9rive n\u2019est pas un d\u00e9tail. Elle interroge le sens m\u00eame du combat revendiqu\u00e9.<\/p>\n\n\n\n<p>Le pluralisme est le c\u0153ur de la libert\u00e9.<br>On ne d\u00e9fend pas la d\u00e9mocratie en fragilisant ses r\u00e8gles.<br>On ne prot\u00e8ge pas la libert\u00e9 en intimidant ou tuant ceux qui pensent autrement.<br>On ne combat pas le fascisme en empruntant ses m\u00e9thodes.<\/p>\n\n\n\n<p>L\u2019histoire nous a appris que la violence politique, m\u00eame lorsqu\u2019elle se pare de bonnes intentions, finit toujours par ronger les principes qu\u2019elle pr\u00e9tend sauver. La fronti\u00e8re est fine entre la vigilance d\u00e9mocratique et la tentation autoritaire.<\/p>\n\n\n\n<p>L\u2019antifascisme, s\u2019il veut rester fid\u00e8le \u00e0 son h\u00e9ritage, doit s\u2019ancrer dans l\u2019\u00c9tat de droit. Sinon, il se transforme en posture identitaire o\u00f9 l\u2019ennemi d\u00e9sign\u00e9 justifie tout \u2014 y compris l\u2019injustifiable.<\/p>\n\n\n\n<p>La d\u00e9mocratie est exigeante. Elle suppose d\u2019accepter la bataille des d\u2019id\u00e9es sans basculer dans le conflit physique. Elle suppose de combattre les id\u00e9es par d\u2019autres id\u00e9es, non pas par la peur.<\/p>\n\n\n\n<p>Refuser la violence politique n\u2019est pas un signe de faiblesse. C\u2019est au contraire le socle m\u00eame de la civilisation et de la d\u00e9mocratie.<\/p>\n\n\n\n<p>Viviane Teitelbaum<br>Source : <a href=\"https:\/\/www.facebook.com\/viviane.teitelbaum\" target=\"_blank\" rel=\"noopener\">https:\/\/www.facebook.com\/viviane.teitelbaum<\/a><\/p>\n\n\n\n<p>Cat\u00e9gorie(s) : <\/p>\n\n\n<div class=\"taxonomy-category wp-block-post-terms\"><a href=\"https:\/\/rrb.be\/rrb\/category\/antifascisme\/\" rel=\"tag\">Antifascisme<\/a><span class=\"wp-block-post-terms__separator\">, <\/span><a href=\"https:\/\/rrb.be\/rrb\/category\/belgique\/\" rel=\"tag\">Belgique<\/a><span class=\"wp-block-post-terms__separator\">, <\/span><a href=\"https:\/\/rrb.be\/rrb\/category\/international\/\" rel=\"tag\">International<\/a><\/div>\n\n\n<p>(Photo : FB)<\/p>\n","protected":false},"excerpt":{"rendered":"<p>Il fut un temps o\u00f9 les \u00ab antifas \u00bb menaient un combat clair : celui de la d\u00e9fense des libert\u00e9s publiques, du pluralisme, du d\u00e9bat contradictoire et de l\u2019\u00c9tat de droit. Un combat pour emp\u00eacher que la violence politique ne s\u2019impose comme mode d\u2019expression. Aujourd\u2019hui, certains groupes se revendiquant \u00ab antifas \u00bb semblent avoir invers\u00e9 [&hellip;]<\/p>\n","protected":false},"author":1,"featured_media":3546,"comment_status":"closed","ping_status":"open","sticky":false,"template":"","format":"standard","meta":{"footnotes":""},"categories":[47,4,5],"tags":[],"class_list":["post-3541","post","type-post","status-publish","format-standard","has-post-thumbnail","hentry","category-antifascisme","category-belgique","category-international"],"_links":{"self":[{"href":"https:\/\/rrb.be\/rrb\/wp-json\/wp\/v2\/posts\/3541","targetHints":{"allow":["GET"]}}],"collection":[{"href":"https:\/\/rrb.be\/rrb\/wp-json\/wp\/v2\/posts"}],"about":[{"href":"https:\/\/rrb.be\/rrb\/wp-json\/wp\/v2\/types\/post"}],"author":[{"embeddable":true,"href":"https:\/\/rrb.be\/rrb\/wp-json\/wp\/v2\/users\/1"}],"replies":[{"embeddable":true,"href":"https:\/\/rrb.be\/rrb\/wp-json\/wp\/v2\/comments?post=3541"}],"version-history":[{"count":3,"href":"https:\/\/rrb.be\/rrb\/wp-json\/wp\/v2\/posts\/3541\/revisions"}],"predecessor-version":[{"id":3548,"href":"https:\/\/rrb.be\/rrb\/wp-json\/wp\/v2\/posts\/3541\/revisions\/3548"}],"wp:featuredmedia":[{"embeddable":true,"href":"https:\/\/rrb.be\/rrb\/wp-json\/wp\/v2\/media\/3546"}],"wp:attachment":[{"href":"https:\/\/rrb.be\/rrb\/wp-json\/wp\/v2\/media?parent=3541"}],"wp:term":[{"taxonomy":"category","embeddable":true,"href":"https:\/\/rrb.be\/rrb\/wp-json\/wp\/v2\/categories?post=3541"},{"taxonomy":"post_tag","embeddable":true,"href":"https:\/\/rrb.be\/rrb\/wp-json\/wp\/v2\/tags?post=3541"}],"curies":[{"name":"wp","href":"https:\/\/api.w.org\/{rel}","templated":true}]}}