{"id":3227,"date":"2025-03-03T19:16:23","date_gmt":"2025-03-03T19:16:23","guid":{"rendered":"https:\/\/rrb.be\/rrb\/?p=3227"},"modified":"2026-02-10T19:18:54","modified_gmt":"2026-02-10T19:18:54","slug":"israel-intensifie-ses-frappes-en-syrie-un-avertissement-a-damas-et-ses-allies","status":"publish","type":"post","link":"https:\/\/rrb.be\/rrb\/israel-intensifie-ses-frappes-en-syrie-un-avertissement-a-damas-et-ses-allies\/","title":{"rendered":"Isra\u00ebl intensifie ses frappes en Syrie, un avertissement \u00e0 Damas et ses alli\u00e9s"},"content":{"rendered":"\n<p><strong>Dans une d\u00e9monstration de force significative, Isra\u00ebl a men\u00e9 une s\u00e9rie de frappes a\u00e9riennes ciblant des infrastructures militaires syriennes, marquant une escalade des tensions dans la r\u00e9gion d\u00e9j\u00e0 instable. Le ministre de la D\u00e9fense isra\u00e9lien, Isra\u00ebl Katz, a clairement indiqu\u00e9 que ces op\u00e9rations, qui ont vis\u00e9 des a\u00e9roports et des sites militaires cl\u00e9s, servaient d&rsquo;avertissement sans \u00e9quivoque \u00e0 la Syrie et \u00e0 ses alli\u00e9s.<\/strong><\/p>\n\n\n\n<p>\u00ab\u00a0Isra\u00ebl ne permettra en aucun cas que la Syrie devienne un foyer de menaces contre nos communaut\u00e9s et nos int\u00e9r\u00eats de s\u00e9curit\u00e9,\u00a0\u00bb a d\u00e9clar\u00e9 Katz avec fermet\u00e9. Il a adress\u00e9 un message direct au pr\u00e9sident syrien par int\u00e9rim, Ahmed Al-Sharaa, connu sous son nom de guerre Abu Mohammad al-Joulani, soulignant que toute tentative de permettre \u00e0 des forces hostiles \u00e0 Isra\u00ebl de s&rsquo;\u00e9tablir en Syrie aurait des cons\u00e9quences s\u00e9v\u00e8res.<\/p>\n\n\n\n<p>Les frappes a\u00e9riennes, men\u00e9es par l&rsquo;arm\u00e9e de l&rsquo;air isra\u00e9lienne, ont cibl\u00e9 des \u00ab\u00a0capacit\u00e9s militaires restantes\u00a0\u00bb \u00e0 l&rsquo;a\u00e9roport militaire de Hama et \u00e0 la base a\u00e9rienne T-4, ainsi que des \u00ab\u00a0infrastructures militaires\u00a0\u00bb situ\u00e9es pr\u00e8s de Damas. Ces op\u00e9rations soulignent la d\u00e9termination d&rsquo;Isra\u00ebl \u00e0 contrer ce qu&rsquo;il per\u00e7oit comme des menaces imminentes \u00e0 sa s\u00e9curit\u00e9 nationale.<\/p>\n\n\n\n<p>Ce d\u00e9veloppement intervient dans un contexte r\u00e9gional complexe, o\u00f9 la Syrie est devenue un th\u00e9\u00e2tre d&rsquo;op\u00e9rations pour diverses puissances \u00e9trang\u00e8res, notamment l&rsquo;Iran et la Russie. La pr\u00e9sence croissante de l&rsquo;Iran en Syrie, en particulier, est une source de pr\u00e9occupation majeure pour Isra\u00ebl, qui consid\u00e8re l&rsquo;Iran comme son principal adversaire r\u00e9gional.<\/p>\n\n\n\n<p>Les frappes isra\u00e9liennes soul\u00e8vent des questions sur l&rsquo;\u00e9quilibre des pouvoirs en Syrie et sur la capacit\u00e9 de la communaut\u00e9 internationale \u00e0 pr\u00e9venir une escalade plus large. Elles mettent \u00e9galement en lumi\u00e8re les tensions persistantes entre Isra\u00ebl et l&rsquo;axe Iran-Syrie-Hezbollah, qui pourraient avoir des implications significatives pour la stabilit\u00e9 r\u00e9gionale.<\/p>\n\n\n\n<p>Alors que les r\u00e9actions \u00e0 ces frappes continuent d&rsquo;affluer, il est clair que la situation en Syrie reste hautement volatile. Les prochains jours et semaines seront cruciaux pour d\u00e9terminer si cet avertissement d&rsquo;Isra\u00ebl m\u00e8nera \u00e0 une d\u00e9sescalade ou \u00e0 une nouvelle s\u00e9rie de confrontations.<\/p>\n\n\n\n<p>Alain Schenkels<\/p>\n\n\n\n<figure class=\"wp-block-image size-full is-resized\"><img loading=\"lazy\" decoding=\"async\" width=\"412\" height=\"421\" src=\"http:\/\/rrb.be\/rrb\/wp-content\/uploads\/2026\/01\/Alain-Schenkels-rond.png\" alt=\"\" class=\"wp-image-2009\" style=\"width:235px;height:auto\" srcset=\"https:\/\/rrb.be\/rrb\/wp-content\/uploads\/2026\/01\/Alain-Schenkels-rond.png 412w, https:\/\/rrb.be\/rrb\/wp-content\/uploads\/2026\/01\/Alain-Schenkels-rond-294x300.png 294w\" sizes=\"auto, (max-width: 412px) 100vw, 412px\" \/><\/figure>\n\n\n\n<p>Cat\u00e9gorie(s) :<\/p>\n\n\n<div class=\"taxonomy-category wp-block-post-terms\"><a href=\"https:\/\/rrb.be\/rrb\/category\/conflits-guerres\/\" rel=\"tag\">Conflits &#8211; Guerres<\/a><span class=\"wp-block-post-terms__separator\">, <\/span><a href=\"https:\/\/rrb.be\/rrb\/category\/conflits-guerres\/guerre-israel-palestine\/\" rel=\"tag\">Guerre Isra\u00ebl Palestine<\/a><span class=\"wp-block-post-terms__separator\">, <\/span><a href=\"https:\/\/rrb.be\/rrb\/category\/international\/\" rel=\"tag\">International<\/a><span class=\"wp-block-post-terms__separator\">, <\/span><a href=\"https:\/\/rrb.be\/rrb\/category\/islamisme\/\" rel=\"tag\">Islamisme<\/a><\/div>","protected":false},"excerpt":{"rendered":"<p>Dans une d\u00e9monstration de force significative, Isra\u00ebl a men\u00e9 une s\u00e9rie de frappes a\u00e9riennes ciblant des infrastructures militaires syriennes, marquant une escalade des tensions dans la r\u00e9gion d\u00e9j\u00e0 instable. Le ministre de la D\u00e9fense isra\u00e9lien, Isra\u00ebl Katz, a clairement indiqu\u00e9 que ces op\u00e9rations, qui ont vis\u00e9 des a\u00e9roports et des sites militaires cl\u00e9s, servaient d&rsquo;avertissement [&hellip;]<\/p>\n","protected":false},"author":1,"featured_media":3228,"comment_status":"closed","ping_status":"open","sticky":false,"template":"","format":"standard","meta":{"footnotes":""},"categories":[18,6,5,35],"tags":[],"class_list":["post-3227","post","type-post","status-publish","format-standard","has-post-thumbnail","hentry","category-conflits-guerres","category-guerre-israel-palestine","category-international","category-islamisme"],"_links":{"self":[{"href":"https:\/\/rrb.be\/rrb\/wp-json\/wp\/v2\/posts\/3227","targetHints":{"allow":["GET"]}}],"collection":[{"href":"https:\/\/rrb.be\/rrb\/wp-json\/wp\/v2\/posts"}],"about":[{"href":"https:\/\/rrb.be\/rrb\/wp-json\/wp\/v2\/types\/post"}],"author":[{"embeddable":true,"href":"https:\/\/rrb.be\/rrb\/wp-json\/wp\/v2\/users\/1"}],"replies":[{"embeddable":true,"href":"https:\/\/rrb.be\/rrb\/wp-json\/wp\/v2\/comments?post=3227"}],"version-history":[{"count":2,"href":"https:\/\/rrb.be\/rrb\/wp-json\/wp\/v2\/posts\/3227\/revisions"}],"predecessor-version":[{"id":3230,"href":"https:\/\/rrb.be\/rrb\/wp-json\/wp\/v2\/posts\/3227\/revisions\/3230"}],"wp:featuredmedia":[{"embeddable":true,"href":"https:\/\/rrb.be\/rrb\/wp-json\/wp\/v2\/media\/3228"}],"wp:attachment":[{"href":"https:\/\/rrb.be\/rrb\/wp-json\/wp\/v2\/media?parent=3227"}],"wp:term":[{"taxonomy":"category","embeddable":true,"href":"https:\/\/rrb.be\/rrb\/wp-json\/wp\/v2\/categories?post=3227"},{"taxonomy":"post_tag","embeddable":true,"href":"https:\/\/rrb.be\/rrb\/wp-json\/wp\/v2\/tags?post=3227"}],"curies":[{"name":"wp","href":"https:\/\/api.w.org\/{rel}","templated":true}]}}