{"id":3097,"date":"2023-12-10T12:03:17","date_gmt":"2023-12-10T12:03:17","guid":{"rendered":"https:\/\/rrb.be\/rrb\/?p=3097"},"modified":"2026-02-10T12:11:52","modified_gmt":"2026-02-10T12:11:52","slug":"marche-nationale-contre-lantisemitisme","status":"publish","type":"post","link":"https:\/\/rrb.be\/rrb\/marche-nationale-contre-lantisemitisme\/","title":{"rendered":"Marche nationale contre l\u2019antis\u00e9mitisme"},"content":{"rendered":"\n<p><strong>Dimanche 10 d\u00e9cembre 2023, tr\u00e8s belle marche et belle ambiance \u00e0 la mobilisation du jour contre l\u2019antis\u00e9mitisme.<\/strong><\/p>\n\n\n\n<p>De belles rencontres avec le MR tr\u00e8s bien repr\u00e9sent\u00e9\u00a0\ud83d\ude42 <\/p>\n\n\n\n<figure class=\"wp-block-gallery has-nested-images columns-default is-cropped wp-block-gallery-1 is-layout-flex wp-block-gallery-is-layout-flex\">\n<figure data-wp-context=\"{&quot;imageId&quot;:&quot;69f0f2653183a&quot;}\" data-wp-interactive=\"core\/image\" data-wp-key=\"69f0f2653183a\" class=\"wp-block-image size-large wp-lightbox-container\"><img loading=\"lazy\" decoding=\"async\" width=\"1024\" height=\"576\" data-wp-class--hide=\"state.isContentHidden\" data-wp-class--show=\"state.isContentVisible\" data-wp-init=\"callbacks.setButtonStyles\" data-wp-on--click=\"actions.showLightbox\" data-wp-on--load=\"callbacks.setButtonStyles\" data-wp-on-window--resize=\"callbacks.setButtonStyles\" data-id=\"3099\" src=\"https:\/\/rrb.be\/rrb\/wp-content\/uploads\/2026\/02\/Marche-nationale-contre-lantisemitisme-2-1024x576.jpg\" alt=\"\" class=\"wp-image-3099\" srcset=\"https:\/\/rrb.be\/rrb\/wp-content\/uploads\/2026\/02\/Marche-nationale-contre-lantisemitisme-2-1024x576.jpg 1024w, https:\/\/rrb.be\/rrb\/wp-content\/uploads\/2026\/02\/Marche-nationale-contre-lantisemitisme-2-300x169.jpg 300w, https:\/\/rrb.be\/rrb\/wp-content\/uploads\/2026\/02\/Marche-nationale-contre-lantisemitisme-2-768x432.jpg 768w, https:\/\/rrb.be\/rrb\/wp-content\/uploads\/2026\/02\/Marche-nationale-contre-lantisemitisme-2-1536x864.jpg 1536w, https:\/\/rrb.be\/rrb\/wp-content\/uploads\/2026\/02\/Marche-nationale-contre-lantisemitisme-2.jpg 1600w\" sizes=\"auto, (max-width: 1024px) 100vw, 1024px\" \/><button\n\t\t\tclass=\"lightbox-trigger\"\n\t\t\ttype=\"button\"\n\t\t\taria-haspopup=\"dialog\"\n\t\t\taria-label=\"Enlarge\"\n\t\t\tdata-wp-init=\"callbacks.initTriggerButton\"\n\t\t\tdata-wp-on--click=\"actions.showLightbox\"\n\t\t\tdata-wp-style--right=\"state.imageButtonRight\"\n\t\t\tdata-wp-style--top=\"state.imageButtonTop\"\n\t\t>\n\t\t\t<svg xmlns=\"http:\/\/www.w3.org\/2000\/svg\" width=\"12\" height=\"12\" fill=\"none\" viewBox=\"0 0 12 12\">\n\t\t\t\t<path fill=\"#fff\" d=\"M2 0a2 2 0 0 0-2 2v2h1.5V2a.5.5 0 0 1 .5-.5h2V0H2Zm2 10.5H2a.5.5 0 0 1-.5-.5V8H0v2a2 2 0 0 0 2 2h2v-1.5ZM8 12v-1.5h2a.5.5 0 0 0 .5-.5V8H12v2a2 2 0 0 1-2 2H8Zm2-12a2 2 0 0 1 2 2v2h-1.5V2a.5.5 0 0 0-.5-.5H8V0h2Z\" \/>\n\t\t\t<\/svg>\n\t\t<\/button><\/figure>\n\n\n\n<figure data-wp-context=\"{&quot;imageId&quot;:&quot;69f0f26531ca4&quot;}\" data-wp-interactive=\"core\/image\" data-wp-key=\"69f0f26531ca4\" class=\"wp-block-image size-large wp-lightbox-container\"><img loading=\"lazy\" decoding=\"async\" width=\"1024\" height=\"576\" data-wp-class--hide=\"state.isContentHidden\" data-wp-class--show=\"state.isContentVisible\" data-wp-init=\"callbacks.setButtonStyles\" data-wp-on--click=\"actions.showLightbox\" data-wp-on--load=\"callbacks.setButtonStyles\" data-wp-on-window--resize=\"callbacks.setButtonStyles\" data-id=\"3100\" src=\"https:\/\/rrb.be\/rrb\/wp-content\/uploads\/2026\/02\/Marche-nationale-contre-lantisemitisme-4-1024x576.jpg\" alt=\"\" class=\"wp-image-3100\" srcset=\"https:\/\/rrb.be\/rrb\/wp-content\/uploads\/2026\/02\/Marche-nationale-contre-lantisemitisme-4-1024x576.jpg 1024w, https:\/\/rrb.be\/rrb\/wp-content\/uploads\/2026\/02\/Marche-nationale-contre-lantisemitisme-4-300x169.jpg 300w, https:\/\/rrb.be\/rrb\/wp-content\/uploads\/2026\/02\/Marche-nationale-contre-lantisemitisme-4-768x432.jpg 768w, https:\/\/rrb.be\/rrb\/wp-content\/uploads\/2026\/02\/Marche-nationale-contre-lantisemitisme-4-1536x864.jpg 1536w, https:\/\/rrb.be\/rrb\/wp-content\/uploads\/2026\/02\/Marche-nationale-contre-lantisemitisme-4.jpg 1600w\" sizes=\"auto, (max-width: 1024px) 100vw, 1024px\" \/><button\n\t\t\tclass=\"lightbox-trigger\"\n\t\t\ttype=\"button\"\n\t\t\taria-haspopup=\"dialog\"\n\t\t\taria-label=\"Enlarge\"\n\t\t\tdata-wp-init=\"callbacks.initTriggerButton\"\n\t\t\tdata-wp-on--click=\"actions.showLightbox\"\n\t\t\tdata-wp-style--right=\"state.imageButtonRight\"\n\t\t\tdata-wp-style--top=\"state.imageButtonTop\"\n\t\t>\n\t\t\t<svg xmlns=\"http:\/\/www.w3.org\/2000\/svg\" width=\"12\" height=\"12\" fill=\"none\" viewBox=\"0 0 12 12\">\n\t\t\t\t<path fill=\"#fff\" d=\"M2 0a2 2 0 0 0-2 2v2h1.5V2a.5.5 0 0 1 .5-.5h2V0H2Zm2 10.5H2a.5.5 0 0 1-.5-.5V8H0v2a2 2 0 0 0 2 2h2v-1.5ZM8 12v-1.5h2a.5.5 0 0 0 .5-.5V8H12v2a2 2 0 0 1-2 2H8Zm2-12a2 2 0 0 1 2 2v2h-1.5V2a.5.5 0 0 0-.5-.5H8V0h2Z\" \/>\n\t\t\t<\/svg>\n\t\t<\/button><\/figure>\n\n\n\n<figure data-wp-context=\"{&quot;imageId&quot;:&quot;69f0f2653207f&quot;}\" data-wp-interactive=\"core\/image\" data-wp-key=\"69f0f2653207f\" class=\"wp-block-image size-large wp-lightbox-container\"><img loading=\"lazy\" decoding=\"async\" width=\"1024\" height=\"576\" data-wp-class--hide=\"state.isContentHidden\" data-wp-class--show=\"state.isContentVisible\" data-wp-init=\"callbacks.setButtonStyles\" data-wp-on--click=\"actions.showLightbox\" data-wp-on--load=\"callbacks.setButtonStyles\" data-wp-on-window--resize=\"callbacks.setButtonStyles\" data-id=\"3101\" src=\"https:\/\/rrb.be\/rrb\/wp-content\/uploads\/2026\/02\/Marche-nationale-contre-lantisemitisme-5-1024x576.jpg\" alt=\"\" class=\"wp-image-3101\" srcset=\"https:\/\/rrb.be\/rrb\/wp-content\/uploads\/2026\/02\/Marche-nationale-contre-lantisemitisme-5-1024x576.jpg 1024w, https:\/\/rrb.be\/rrb\/wp-content\/uploads\/2026\/02\/Marche-nationale-contre-lantisemitisme-5-300x169.jpg 300w, https:\/\/rrb.be\/rrb\/wp-content\/uploads\/2026\/02\/Marche-nationale-contre-lantisemitisme-5-768x432.jpg 768w, https:\/\/rrb.be\/rrb\/wp-content\/uploads\/2026\/02\/Marche-nationale-contre-lantisemitisme-5-1536x864.jpg 1536w, https:\/\/rrb.be\/rrb\/wp-content\/uploads\/2026\/02\/Marche-nationale-contre-lantisemitisme-5.jpg 1600w\" sizes=\"auto, (max-width: 1024px) 100vw, 1024px\" \/><button\n\t\t\tclass=\"lightbox-trigger\"\n\t\t\ttype=\"button\"\n\t\t\taria-haspopup=\"dialog\"\n\t\t\taria-label=\"Enlarge\"\n\t\t\tdata-wp-init=\"callbacks.initTriggerButton\"\n\t\t\tdata-wp-on--click=\"actions.showLightbox\"\n\t\t\tdata-wp-style--right=\"state.imageButtonRight\"\n\t\t\tdata-wp-style--top=\"state.imageButtonTop\"\n\t\t>\n\t\t\t<svg xmlns=\"http:\/\/www.w3.org\/2000\/svg\" width=\"12\" height=\"12\" fill=\"none\" viewBox=\"0 0 12 12\">\n\t\t\t\t<path fill=\"#fff\" d=\"M2 0a2 2 0 0 0-2 2v2h1.5V2a.5.5 0 0 1 .5-.5h2V0H2Zm2 10.5H2a.5.5 0 0 1-.5-.5V8H0v2a2 2 0 0 0 2 2h2v-1.5ZM8 12v-1.5h2a.5.5 0 0 0 .5-.5V8H12v2a2 2 0 0 1-2 2H8Zm2-12a2 2 0 0 1 2 2v2h-1.5V2a.5.5 0 0 0-.5-.5H8V0h2Z\" \/>\n\t\t\t<\/svg>\n\t\t<\/button><\/figure>\n<\/figure>\n\n\n\n<figure class=\"wp-block-gallery has-nested-images columns-default is-cropped wp-block-gallery-2 is-layout-flex wp-block-gallery-is-layout-flex\">\n<figure data-wp-context=\"{&quot;imageId&quot;:&quot;69f0f26532e65&quot;}\" data-wp-interactive=\"core\/image\" data-wp-key=\"69f0f26532e65\" class=\"wp-block-image size-large wp-lightbox-container\"><img loading=\"lazy\" decoding=\"async\" width=\"1024\" height=\"576\" data-wp-class--hide=\"state.isContentHidden\" data-wp-class--show=\"state.isContentVisible\" data-wp-init=\"callbacks.setButtonStyles\" data-wp-on--click=\"actions.showLightbox\" data-wp-on--load=\"callbacks.setButtonStyles\" data-wp-on-window--resize=\"callbacks.setButtonStyles\" data-id=\"3103\" src=\"https:\/\/rrb.be\/rrb\/wp-content\/uploads\/2026\/02\/Marche-nationale-contre-lantisemitisme-6-1024x576.jpg\" alt=\"\" class=\"wp-image-3103\" srcset=\"https:\/\/rrb.be\/rrb\/wp-content\/uploads\/2026\/02\/Marche-nationale-contre-lantisemitisme-6-1024x576.jpg 1024w, https:\/\/rrb.be\/rrb\/wp-content\/uploads\/2026\/02\/Marche-nationale-contre-lantisemitisme-6-300x169.jpg 300w, https:\/\/rrb.be\/rrb\/wp-content\/uploads\/2026\/02\/Marche-nationale-contre-lantisemitisme-6-768x432.jpg 768w, https:\/\/rrb.be\/rrb\/wp-content\/uploads\/2026\/02\/Marche-nationale-contre-lantisemitisme-6-1536x864.jpg 1536w, https:\/\/rrb.be\/rrb\/wp-content\/uploads\/2026\/02\/Marche-nationale-contre-lantisemitisme-6.jpg 1600w\" sizes=\"auto, (max-width: 1024px) 100vw, 1024px\" \/><button\n\t\t\tclass=\"lightbox-trigger\"\n\t\t\ttype=\"button\"\n\t\t\taria-haspopup=\"dialog\"\n\t\t\taria-label=\"Enlarge\"\n\t\t\tdata-wp-init=\"callbacks.initTriggerButton\"\n\t\t\tdata-wp-on--click=\"actions.showLightbox\"\n\t\t\tdata-wp-style--right=\"state.imageButtonRight\"\n\t\t\tdata-wp-style--top=\"state.imageButtonTop\"\n\t\t>\n\t\t\t<svg xmlns=\"http:\/\/www.w3.org\/2000\/svg\" width=\"12\" height=\"12\" fill=\"none\" viewBox=\"0 0 12 12\">\n\t\t\t\t<path fill=\"#fff\" d=\"M2 0a2 2 0 0 0-2 2v2h1.5V2a.5.5 0 0 1 .5-.5h2V0H2Zm2 10.5H2a.5.5 0 0 1-.5-.5V8H0v2a2 2 0 0 0 2 2h2v-1.5ZM8 12v-1.5h2a.5.5 0 0 0 .5-.5V8H12v2a2 2 0 0 1-2 2H8Zm2-12a2 2 0 0 1 2 2v2h-1.5V2a.5.5 0 0 0-.5-.5H8V0h2Z\" \/>\n\t\t\t<\/svg>\n\t\t<\/button><\/figure>\n\n\n\n<figure data-wp-context=\"{&quot;imageId&quot;:&quot;69f0f2653322e&quot;}\" data-wp-interactive=\"core\/image\" data-wp-key=\"69f0f2653322e\" class=\"wp-block-image size-large wp-lightbox-container\"><img loading=\"lazy\" decoding=\"async\" width=\"1024\" height=\"576\" data-wp-class--hide=\"state.isContentHidden\" data-wp-class--show=\"state.isContentVisible\" data-wp-init=\"callbacks.setButtonStyles\" data-wp-on--click=\"actions.showLightbox\" data-wp-on--load=\"callbacks.setButtonStyles\" data-wp-on-window--resize=\"callbacks.setButtonStyles\" data-id=\"3104\" src=\"https:\/\/rrb.be\/rrb\/wp-content\/uploads\/2026\/02\/Marche-nationale-contre-lantisemitisme-7-1024x576.jpg\" alt=\"\" class=\"wp-image-3104\" srcset=\"https:\/\/rrb.be\/rrb\/wp-content\/uploads\/2026\/02\/Marche-nationale-contre-lantisemitisme-7-1024x576.jpg 1024w, https:\/\/rrb.be\/rrb\/wp-content\/uploads\/2026\/02\/Marche-nationale-contre-lantisemitisme-7-300x169.jpg 300w, https:\/\/rrb.be\/rrb\/wp-content\/uploads\/2026\/02\/Marche-nationale-contre-lantisemitisme-7-768x432.jpg 768w, https:\/\/rrb.be\/rrb\/wp-content\/uploads\/2026\/02\/Marche-nationale-contre-lantisemitisme-7-1536x864.jpg 1536w, https:\/\/rrb.be\/rrb\/wp-content\/uploads\/2026\/02\/Marche-nationale-contre-lantisemitisme-7.jpg 1600w\" sizes=\"auto, (max-width: 1024px) 100vw, 1024px\" \/><button\n\t\t\tclass=\"lightbox-trigger\"\n\t\t\ttype=\"button\"\n\t\t\taria-haspopup=\"dialog\"\n\t\t\taria-label=\"Enlarge\"\n\t\t\tdata-wp-init=\"callbacks.initTriggerButton\"\n\t\t\tdata-wp-on--click=\"actions.showLightbox\"\n\t\t\tdata-wp-style--right=\"state.imageButtonRight\"\n\t\t\tdata-wp-style--top=\"state.imageButtonTop\"\n\t\t>\n\t\t\t<svg xmlns=\"http:\/\/www.w3.org\/2000\/svg\" width=\"12\" height=\"12\" fill=\"none\" viewBox=\"0 0 12 12\">\n\t\t\t\t<path fill=\"#fff\" d=\"M2 0a2 2 0 0 0-2 2v2h1.5V2a.5.5 0 0 1 .5-.5h2V0H2Zm2 10.5H2a.5.5 0 0 1-.5-.5V8H0v2a2 2 0 0 0 2 2h2v-1.5ZM8 12v-1.5h2a.5.5 0 0 0 .5-.5V8H12v2a2 2 0 0 1-2 2H8Zm2-12a2 2 0 0 1 2 2v2h-1.5V2a.5.5 0 0 0-.5-.5H8V0h2Z\" \/>\n\t\t\t<\/svg>\n\t\t<\/button><\/figure>\n\n\n\n<figure data-wp-context=\"{&quot;imageId&quot;:&quot;69f0f265335c9&quot;}\" data-wp-interactive=\"core\/image\" data-wp-key=\"69f0f265335c9\" class=\"wp-block-image size-large wp-lightbox-container\"><img loading=\"lazy\" decoding=\"async\" width=\"1024\" height=\"576\" data-wp-class--hide=\"state.isContentHidden\" data-wp-class--show=\"state.isContentVisible\" data-wp-init=\"callbacks.setButtonStyles\" data-wp-on--click=\"actions.showLightbox\" data-wp-on--load=\"callbacks.setButtonStyles\" data-wp-on-window--resize=\"callbacks.setButtonStyles\" data-id=\"3102\" src=\"https:\/\/rrb.be\/rrb\/wp-content\/uploads\/2026\/02\/Marche-nationale-contre-lantisemitisme-8-1024x576.jpg\" alt=\"\" class=\"wp-image-3102\" srcset=\"https:\/\/rrb.be\/rrb\/wp-content\/uploads\/2026\/02\/Marche-nationale-contre-lantisemitisme-8-1024x576.jpg 1024w, https:\/\/rrb.be\/rrb\/wp-content\/uploads\/2026\/02\/Marche-nationale-contre-lantisemitisme-8-300x169.jpg 300w, https:\/\/rrb.be\/rrb\/wp-content\/uploads\/2026\/02\/Marche-nationale-contre-lantisemitisme-8-768x432.jpg 768w, https:\/\/rrb.be\/rrb\/wp-content\/uploads\/2026\/02\/Marche-nationale-contre-lantisemitisme-8-1536x864.jpg 1536w, https:\/\/rrb.be\/rrb\/wp-content\/uploads\/2026\/02\/Marche-nationale-contre-lantisemitisme-8.jpg 1600w\" sizes=\"auto, (max-width: 1024px) 100vw, 1024px\" \/><button\n\t\t\tclass=\"lightbox-trigger\"\n\t\t\ttype=\"button\"\n\t\t\taria-haspopup=\"dialog\"\n\t\t\taria-label=\"Enlarge\"\n\t\t\tdata-wp-init=\"callbacks.initTriggerButton\"\n\t\t\tdata-wp-on--click=\"actions.showLightbox\"\n\t\t\tdata-wp-style--right=\"state.imageButtonRight\"\n\t\t\tdata-wp-style--top=\"state.imageButtonTop\"\n\t\t>\n\t\t\t<svg xmlns=\"http:\/\/www.w3.org\/2000\/svg\" width=\"12\" height=\"12\" fill=\"none\" viewBox=\"0 0 12 12\">\n\t\t\t\t<path fill=\"#fff\" d=\"M2 0a2 2 0 0 0-2 2v2h1.5V2a.5.5 0 0 1 .5-.5h2V0H2Zm2 10.5H2a.5.5 0 0 1-.5-.5V8H0v2a2 2 0 0 0 2 2h2v-1.5ZM8 12v-1.5h2a.5.5 0 0 0 .5-.5V8H12v2a2 2 0 0 1-2 2H8Zm2-12a2 2 0 0 1 2 2v2h-1.5V2a.5.5 0 0 0-.5-.5H8V0h2Z\" \/>\n\t\t\t<\/svg>\n\t\t<\/button><\/figure>\n<\/figure>\n\n\n\n<figure class=\"wp-block-gallery has-nested-images columns-default is-cropped wp-block-gallery-3 is-layout-flex wp-block-gallery-is-layout-flex\">\n<figure data-wp-context=\"{&quot;imageId&quot;:&quot;69f0f265339f4&quot;}\" data-wp-interactive=\"core\/image\" data-wp-key=\"69f0f265339f4\" class=\"wp-block-image size-large wp-lightbox-container\"><img loading=\"lazy\" decoding=\"async\" width=\"1024\" height=\"576\" data-wp-class--hide=\"state.isContentHidden\" data-wp-class--show=\"state.isContentVisible\" data-wp-init=\"callbacks.setButtonStyles\" data-wp-on--click=\"actions.showLightbox\" data-wp-on--load=\"callbacks.setButtonStyles\" data-wp-on-window--resize=\"callbacks.setButtonStyles\" data-id=\"3105\" src=\"https:\/\/rrb.be\/rrb\/wp-content\/uploads\/2026\/02\/Marche-nationale-contre-lantisemitisme-9-1024x576.jpg\" alt=\"\" class=\"wp-image-3105\" srcset=\"https:\/\/rrb.be\/rrb\/wp-content\/uploads\/2026\/02\/Marche-nationale-contre-lantisemitisme-9-1024x576.jpg 1024w, https:\/\/rrb.be\/rrb\/wp-content\/uploads\/2026\/02\/Marche-nationale-contre-lantisemitisme-9-300x169.jpg 300w, https:\/\/rrb.be\/rrb\/wp-content\/uploads\/2026\/02\/Marche-nationale-contre-lantisemitisme-9-768x432.jpg 768w, https:\/\/rrb.be\/rrb\/wp-content\/uploads\/2026\/02\/Marche-nationale-contre-lantisemitisme-9-1536x864.jpg 1536w, https:\/\/rrb.be\/rrb\/wp-content\/uploads\/2026\/02\/Marche-nationale-contre-lantisemitisme-9.jpg 1600w\" sizes=\"auto, (max-width: 1024px) 100vw, 1024px\" \/><button\n\t\t\tclass=\"lightbox-trigger\"\n\t\t\ttype=\"button\"\n\t\t\taria-haspopup=\"dialog\"\n\t\t\taria-label=\"Enlarge\"\n\t\t\tdata-wp-init=\"callbacks.initTriggerButton\"\n\t\t\tdata-wp-on--click=\"actions.showLightbox\"\n\t\t\tdata-wp-style--right=\"state.imageButtonRight\"\n\t\t\tdata-wp-style--top=\"state.imageButtonTop\"\n\t\t>\n\t\t\t<svg xmlns=\"http:\/\/www.w3.org\/2000\/svg\" width=\"12\" height=\"12\" fill=\"none\" viewBox=\"0 0 12 12\">\n\t\t\t\t<path fill=\"#fff\" d=\"M2 0a2 2 0 0 0-2 2v2h1.5V2a.5.5 0 0 1 .5-.5h2V0H2Zm2 10.5H2a.5.5 0 0 1-.5-.5V8H0v2a2 2 0 0 0 2 2h2v-1.5ZM8 12v-1.5h2a.5.5 0 0 0 .5-.5V8H12v2a2 2 0 0 1-2 2H8Zm2-12a2 2 0 0 1 2 2v2h-1.5V2a.5.5 0 0 0-.5-.5H8V0h2Z\" \/>\n\t\t\t<\/svg>\n\t\t<\/button><\/figure>\n\n\n\n<figure data-wp-context=\"{&quot;imageId&quot;:&quot;69f0f26533d83&quot;}\" data-wp-interactive=\"core\/image\" data-wp-key=\"69f0f26533d83\" class=\"wp-block-image size-large wp-lightbox-container\"><img loading=\"lazy\" decoding=\"async\" width=\"1024\" height=\"576\" data-wp-class--hide=\"state.isContentHidden\" data-wp-class--show=\"state.isContentVisible\" data-wp-init=\"callbacks.setButtonStyles\" data-wp-on--click=\"actions.showLightbox\" data-wp-on--load=\"callbacks.setButtonStyles\" data-wp-on-window--resize=\"callbacks.setButtonStyles\" data-id=\"3106\" src=\"https:\/\/rrb.be\/rrb\/wp-content\/uploads\/2026\/02\/Marche-nationale-contre-lantisemitisme-10-1024x576.jpg\" alt=\"\" class=\"wp-image-3106\" srcset=\"https:\/\/rrb.be\/rrb\/wp-content\/uploads\/2026\/02\/Marche-nationale-contre-lantisemitisme-10-1024x576.jpg 1024w, https:\/\/rrb.be\/rrb\/wp-content\/uploads\/2026\/02\/Marche-nationale-contre-lantisemitisme-10-300x169.jpg 300w, https:\/\/rrb.be\/rrb\/wp-content\/uploads\/2026\/02\/Marche-nationale-contre-lantisemitisme-10-768x432.jpg 768w, https:\/\/rrb.be\/rrb\/wp-content\/uploads\/2026\/02\/Marche-nationale-contre-lantisemitisme-10-1536x864.jpg 1536w, https:\/\/rrb.be\/rrb\/wp-content\/uploads\/2026\/02\/Marche-nationale-contre-lantisemitisme-10.jpg 1600w\" sizes=\"auto, (max-width: 1024px) 100vw, 1024px\" \/><button\n\t\t\tclass=\"lightbox-trigger\"\n\t\t\ttype=\"button\"\n\t\t\taria-haspopup=\"dialog\"\n\t\t\taria-label=\"Enlarge\"\n\t\t\tdata-wp-init=\"callbacks.initTriggerButton\"\n\t\t\tdata-wp-on--click=\"actions.showLightbox\"\n\t\t\tdata-wp-style--right=\"state.imageButtonRight\"\n\t\t\tdata-wp-style--top=\"state.imageButtonTop\"\n\t\t>\n\t\t\t<svg xmlns=\"http:\/\/www.w3.org\/2000\/svg\" width=\"12\" height=\"12\" fill=\"none\" viewBox=\"0 0 12 12\">\n\t\t\t\t<path fill=\"#fff\" d=\"M2 0a2 2 0 0 0-2 2v2h1.5V2a.5.5 0 0 1 .5-.5h2V0H2Zm2 10.5H2a.5.5 0 0 1-.5-.5V8H0v2a2 2 0 0 0 2 2h2v-1.5ZM8 12v-1.5h2a.5.5 0 0 0 .5-.5V8H12v2a2 2 0 0 1-2 2H8Zm2-12a2 2 0 0 1 2 2v2h-1.5V2a.5.5 0 0 0-.5-.5H8V0h2Z\" \/>\n\t\t\t<\/svg>\n\t\t<\/button><\/figure>\n\n\n\n<figure data-wp-context=\"{&quot;imageId&quot;:&quot;69f0f2653414d&quot;}\" data-wp-interactive=\"core\/image\" data-wp-key=\"69f0f2653414d\" class=\"wp-block-image size-large wp-lightbox-container\"><img loading=\"lazy\" decoding=\"async\" width=\"1024\" height=\"576\" data-wp-class--hide=\"state.isContentHidden\" data-wp-class--show=\"state.isContentVisible\" data-wp-init=\"callbacks.setButtonStyles\" data-wp-on--click=\"actions.showLightbox\" data-wp-on--load=\"callbacks.setButtonStyles\" data-wp-on-window--resize=\"callbacks.setButtonStyles\" data-id=\"3107\" src=\"https:\/\/rrb.be\/rrb\/wp-content\/uploads\/2026\/02\/Marche-nationale-contre-lantisemitisme-11-1024x576.jpg\" alt=\"\" class=\"wp-image-3107\" srcset=\"https:\/\/rrb.be\/rrb\/wp-content\/uploads\/2026\/02\/Marche-nationale-contre-lantisemitisme-11-1024x576.jpg 1024w, https:\/\/rrb.be\/rrb\/wp-content\/uploads\/2026\/02\/Marche-nationale-contre-lantisemitisme-11-300x169.jpg 300w, https:\/\/rrb.be\/rrb\/wp-content\/uploads\/2026\/02\/Marche-nationale-contre-lantisemitisme-11-768x432.jpg 768w, https:\/\/rrb.be\/rrb\/wp-content\/uploads\/2026\/02\/Marche-nationale-contre-lantisemitisme-11-1536x864.jpg 1536w, https:\/\/rrb.be\/rrb\/wp-content\/uploads\/2026\/02\/Marche-nationale-contre-lantisemitisme-11.jpg 1600w\" sizes=\"auto, (max-width: 1024px) 100vw, 1024px\" \/><button\n\t\t\tclass=\"lightbox-trigger\"\n\t\t\ttype=\"button\"\n\t\t\taria-haspopup=\"dialog\"\n\t\t\taria-label=\"Enlarge\"\n\t\t\tdata-wp-init=\"callbacks.initTriggerButton\"\n\t\t\tdata-wp-on--click=\"actions.showLightbox\"\n\t\t\tdata-wp-style--right=\"state.imageButtonRight\"\n\t\t\tdata-wp-style--top=\"state.imageButtonTop\"\n\t\t>\n\t\t\t<svg xmlns=\"http:\/\/www.w3.org\/2000\/svg\" width=\"12\" height=\"12\" fill=\"none\" viewBox=\"0 0 12 12\">\n\t\t\t\t<path fill=\"#fff\" d=\"M2 0a2 2 0 0 0-2 2v2h1.5V2a.5.5 0 0 1 .5-.5h2V0H2Zm2 10.5H2a.5.5 0 0 1-.5-.5V8H0v2a2 2 0 0 0 2 2h2v-1.5ZM8 12v-1.5h2a.5.5 0 0 0 .5-.5V8H12v2a2 2 0 0 1-2 2H8Zm2-12a2 2 0 0 1 2 2v2h-1.5V2a.5.5 0 0 0-.5-.5H8V0h2Z\" \/>\n\t\t\t<\/svg>\n\t\t<\/button><\/figure>\n<\/figure>\n\n\n\n<figure class=\"wp-block-gallery has-nested-images columns-default is-cropped wp-block-gallery-4 is-layout-flex wp-block-gallery-is-layout-flex\">\n<figure data-wp-context=\"{&quot;imageId&quot;:&quot;69f0f2653460a&quot;}\" data-wp-interactive=\"core\/image\" data-wp-key=\"69f0f2653460a\" class=\"wp-block-image size-large wp-lightbox-container\"><img loading=\"lazy\" decoding=\"async\" width=\"1024\" height=\"576\" data-wp-class--hide=\"state.isContentHidden\" data-wp-class--show=\"state.isContentVisible\" data-wp-init=\"callbacks.setButtonStyles\" data-wp-on--click=\"actions.showLightbox\" data-wp-on--load=\"callbacks.setButtonStyles\" data-wp-on-window--resize=\"callbacks.setButtonStyles\" data-id=\"3108\" src=\"https:\/\/rrb.be\/rrb\/wp-content\/uploads\/2026\/02\/Marche-nationale-contre-lantisemitisme-12-1024x576.jpg\" alt=\"\" class=\"wp-image-3108\" srcset=\"https:\/\/rrb.be\/rrb\/wp-content\/uploads\/2026\/02\/Marche-nationale-contre-lantisemitisme-12-1024x576.jpg 1024w, https:\/\/rrb.be\/rrb\/wp-content\/uploads\/2026\/02\/Marche-nationale-contre-lantisemitisme-12-300x169.jpg 300w, https:\/\/rrb.be\/rrb\/wp-content\/uploads\/2026\/02\/Marche-nationale-contre-lantisemitisme-12-768x432.jpg 768w, https:\/\/rrb.be\/rrb\/wp-content\/uploads\/2026\/02\/Marche-nationale-contre-lantisemitisme-12-1536x864.jpg 1536w, https:\/\/rrb.be\/rrb\/wp-content\/uploads\/2026\/02\/Marche-nationale-contre-lantisemitisme-12.jpg 1600w\" sizes=\"auto, (max-width: 1024px) 100vw, 1024px\" \/><button\n\t\t\tclass=\"lightbox-trigger\"\n\t\t\ttype=\"button\"\n\t\t\taria-haspopup=\"dialog\"\n\t\t\taria-label=\"Enlarge\"\n\t\t\tdata-wp-init=\"callbacks.initTriggerButton\"\n\t\t\tdata-wp-on--click=\"actions.showLightbox\"\n\t\t\tdata-wp-style--right=\"state.imageButtonRight\"\n\t\t\tdata-wp-style--top=\"state.imageButtonTop\"\n\t\t>\n\t\t\t<svg xmlns=\"http:\/\/www.w3.org\/2000\/svg\" width=\"12\" height=\"12\" fill=\"none\" viewBox=\"0 0 12 12\">\n\t\t\t\t<path fill=\"#fff\" d=\"M2 0a2 2 0 0 0-2 2v2h1.5V2a.5.5 0 0 1 .5-.5h2V0H2Zm2 10.5H2a.5.5 0 0 1-.5-.5V8H0v2a2 2 0 0 0 2 2h2v-1.5ZM8 12v-1.5h2a.5.5 0 0 0 .5-.5V8H12v2a2 2 0 0 1-2 2H8Zm2-12a2 2 0 0 1 2 2v2h-1.5V2a.5.5 0 0 0-.5-.5H8V0h2Z\" \/>\n\t\t\t<\/svg>\n\t\t<\/button><\/figure>\n\n\n\n<figure data-wp-context=\"{&quot;imageId&quot;:&quot;69f0f265349de&quot;}\" data-wp-interactive=\"core\/image\" data-wp-key=\"69f0f265349de\" class=\"wp-block-image size-large wp-lightbox-container\"><img loading=\"lazy\" decoding=\"async\" width=\"1024\" height=\"576\" data-wp-class--hide=\"state.isContentHidden\" data-wp-class--show=\"state.isContentVisible\" data-wp-init=\"callbacks.setButtonStyles\" data-wp-on--click=\"actions.showLightbox\" data-wp-on--load=\"callbacks.setButtonStyles\" data-wp-on-window--resize=\"callbacks.setButtonStyles\" data-id=\"3109\" src=\"https:\/\/rrb.be\/rrb\/wp-content\/uploads\/2026\/02\/Marche-nationale-contre-lantisemitisme-13-1024x576.jpg\" alt=\"\" class=\"wp-image-3109\" srcset=\"https:\/\/rrb.be\/rrb\/wp-content\/uploads\/2026\/02\/Marche-nationale-contre-lantisemitisme-13-1024x576.jpg 1024w, https:\/\/rrb.be\/rrb\/wp-content\/uploads\/2026\/02\/Marche-nationale-contre-lantisemitisme-13-300x169.jpg 300w, https:\/\/rrb.be\/rrb\/wp-content\/uploads\/2026\/02\/Marche-nationale-contre-lantisemitisme-13-768x432.jpg 768w, https:\/\/rrb.be\/rrb\/wp-content\/uploads\/2026\/02\/Marche-nationale-contre-lantisemitisme-13-1536x864.jpg 1536w, https:\/\/rrb.be\/rrb\/wp-content\/uploads\/2026\/02\/Marche-nationale-contre-lantisemitisme-13.jpg 1600w\" sizes=\"auto, (max-width: 1024px) 100vw, 1024px\" \/><button\n\t\t\tclass=\"lightbox-trigger\"\n\t\t\ttype=\"button\"\n\t\t\taria-haspopup=\"dialog\"\n\t\t\taria-label=\"Enlarge\"\n\t\t\tdata-wp-init=\"callbacks.initTriggerButton\"\n\t\t\tdata-wp-on--click=\"actions.showLightbox\"\n\t\t\tdata-wp-style--right=\"state.imageButtonRight\"\n\t\t\tdata-wp-style--top=\"state.imageButtonTop\"\n\t\t>\n\t\t\t<svg xmlns=\"http:\/\/www.w3.org\/2000\/svg\" width=\"12\" height=\"12\" fill=\"none\" viewBox=\"0 0 12 12\">\n\t\t\t\t<path fill=\"#fff\" d=\"M2 0a2 2 0 0 0-2 2v2h1.5V2a.5.5 0 0 1 .5-.5h2V0H2Zm2 10.5H2a.5.5 0 0 1-.5-.5V8H0v2a2 2 0 0 0 2 2h2v-1.5ZM8 12v-1.5h2a.5.5 0 0 0 .5-.5V8H12v2a2 2 0 0 1-2 2H8Zm2-12a2 2 0 0 1 2 2v2h-1.5V2a.5.5 0 0 0-.5-.5H8V0h2Z\" \/>\n\t\t\t<\/svg>\n\t\t<\/button><\/figure>\n\n\n\n<figure data-wp-context=\"{&quot;imageId&quot;:&quot;69f0f26534d7d&quot;}\" data-wp-interactive=\"core\/image\" data-wp-key=\"69f0f26534d7d\" class=\"wp-block-image size-large wp-lightbox-container\"><img loading=\"lazy\" decoding=\"async\" width=\"1024\" height=\"576\" data-wp-class--hide=\"state.isContentHidden\" data-wp-class--show=\"state.isContentVisible\" data-wp-init=\"callbacks.setButtonStyles\" data-wp-on--click=\"actions.showLightbox\" data-wp-on--load=\"callbacks.setButtonStyles\" data-wp-on-window--resize=\"callbacks.setButtonStyles\" data-id=\"3110\" src=\"https:\/\/rrb.be\/rrb\/wp-content\/uploads\/2026\/02\/Marche-nationale-contre-lantisemitisme-14-1024x576.jpg\" alt=\"\" class=\"wp-image-3110\" srcset=\"https:\/\/rrb.be\/rrb\/wp-content\/uploads\/2026\/02\/Marche-nationale-contre-lantisemitisme-14-1024x576.jpg 1024w, https:\/\/rrb.be\/rrb\/wp-content\/uploads\/2026\/02\/Marche-nationale-contre-lantisemitisme-14-300x169.jpg 300w, https:\/\/rrb.be\/rrb\/wp-content\/uploads\/2026\/02\/Marche-nationale-contre-lantisemitisme-14-768x432.jpg 768w, https:\/\/rrb.be\/rrb\/wp-content\/uploads\/2026\/02\/Marche-nationale-contre-lantisemitisme-14-1536x864.jpg 1536w, https:\/\/rrb.be\/rrb\/wp-content\/uploads\/2026\/02\/Marche-nationale-contre-lantisemitisme-14.jpg 1600w\" sizes=\"auto, (max-width: 1024px) 100vw, 1024px\" \/><button\n\t\t\tclass=\"lightbox-trigger\"\n\t\t\ttype=\"button\"\n\t\t\taria-haspopup=\"dialog\"\n\t\t\taria-label=\"Enlarge\"\n\t\t\tdata-wp-init=\"callbacks.initTriggerButton\"\n\t\t\tdata-wp-on--click=\"actions.showLightbox\"\n\t\t\tdata-wp-style--right=\"state.imageButtonRight\"\n\t\t\tdata-wp-style--top=\"state.imageButtonTop\"\n\t\t>\n\t\t\t<svg xmlns=\"http:\/\/www.w3.org\/2000\/svg\" width=\"12\" height=\"12\" fill=\"none\" viewBox=\"0 0 12 12\">\n\t\t\t\t<path fill=\"#fff\" d=\"M2 0a2 2 0 0 0-2 2v2h1.5V2a.5.5 0 0 1 .5-.5h2V0H2Zm2 10.5H2a.5.5 0 0 1-.5-.5V8H0v2a2 2 0 0 0 2 2h2v-1.5ZM8 12v-1.5h2a.5.5 0 0 0 .5-.5V8H12v2a2 2 0 0 1-2 2H8Zm2-12a2 2 0 0 1 2 2v2h-1.5V2a.5.5 0 0 0-.5-.5H8V0h2Z\" \/>\n\t\t\t<\/svg>\n\t\t<\/button><\/figure>\n<\/figure>\n\n\n\n<figure class=\"wp-block-gallery has-nested-images columns-default is-cropped wp-block-gallery-5 is-layout-flex wp-block-gallery-is-layout-flex\">\n<figure data-wp-context=\"{&quot;imageId&quot;:&quot;69f0f265351cd&quot;}\" data-wp-interactive=\"core\/image\" data-wp-key=\"69f0f265351cd\" class=\"wp-block-image size-large wp-lightbox-container\"><img loading=\"lazy\" decoding=\"async\" width=\"576\" height=\"1024\" data-wp-class--hide=\"state.isContentHidden\" data-wp-class--show=\"state.isContentVisible\" data-wp-init=\"callbacks.setButtonStyles\" data-wp-on--click=\"actions.showLightbox\" data-wp-on--load=\"callbacks.setButtonStyles\" data-wp-on-window--resize=\"callbacks.setButtonStyles\" data-id=\"3112\" src=\"https:\/\/rrb.be\/rrb\/wp-content\/uploads\/2026\/02\/Marche-nationale-contre-lantisemitisme-3-576x1024-1.jpg\" alt=\"\" class=\"wp-image-3112\" srcset=\"https:\/\/rrb.be\/rrb\/wp-content\/uploads\/2026\/02\/Marche-nationale-contre-lantisemitisme-3-576x1024-1.jpg 576w, https:\/\/rrb.be\/rrb\/wp-content\/uploads\/2026\/02\/Marche-nationale-contre-lantisemitisme-3-576x1024-1-169x300.jpg 169w\" sizes=\"auto, (max-width: 576px) 100vw, 576px\" \/><button\n\t\t\tclass=\"lightbox-trigger\"\n\t\t\ttype=\"button\"\n\t\t\taria-haspopup=\"dialog\"\n\t\t\taria-label=\"Enlarge\"\n\t\t\tdata-wp-init=\"callbacks.initTriggerButton\"\n\t\t\tdata-wp-on--click=\"actions.showLightbox\"\n\t\t\tdata-wp-style--right=\"state.imageButtonRight\"\n\t\t\tdata-wp-style--top=\"state.imageButtonTop\"\n\t\t>\n\t\t\t<svg xmlns=\"http:\/\/www.w3.org\/2000\/svg\" width=\"12\" height=\"12\" fill=\"none\" viewBox=\"0 0 12 12\">\n\t\t\t\t<path fill=\"#fff\" d=\"M2 0a2 2 0 0 0-2 2v2h1.5V2a.5.5 0 0 1 .5-.5h2V0H2Zm2 10.5H2a.5.5 0 0 1-.5-.5V8H0v2a2 2 0 0 0 2 2h2v-1.5ZM8 12v-1.5h2a.5.5 0 0 0 .5-.5V8H12v2a2 2 0 0 1-2 2H8Zm2-12a2 2 0 0 1 2 2v2h-1.5V2a.5.5 0 0 0-.5-.5H8V0h2Z\" \/>\n\t\t\t<\/svg>\n\t\t<\/button><\/figure>\n\n\n\n<figure data-wp-context=\"{&quot;imageId&quot;:&quot;69f0f26535643&quot;}\" data-wp-interactive=\"core\/image\" data-wp-key=\"69f0f26535643\" class=\"wp-block-image size-large wp-lightbox-container\"><img loading=\"lazy\" decoding=\"async\" width=\"576\" height=\"1024\" data-wp-class--hide=\"state.isContentHidden\" data-wp-class--show=\"state.isContentVisible\" data-wp-init=\"callbacks.setButtonStyles\" data-wp-on--click=\"actions.showLightbox\" data-wp-on--load=\"callbacks.setButtonStyles\" data-wp-on-window--resize=\"callbacks.setButtonStyles\" data-id=\"3111\" src=\"https:\/\/rrb.be\/rrb\/wp-content\/uploads\/2026\/02\/Marche-nationale-contre-lantisemitisme-15-576x1024-1.jpg\" alt=\"\" class=\"wp-image-3111\" srcset=\"https:\/\/rrb.be\/rrb\/wp-content\/uploads\/2026\/02\/Marche-nationale-contre-lantisemitisme-15-576x1024-1.jpg 576w, https:\/\/rrb.be\/rrb\/wp-content\/uploads\/2026\/02\/Marche-nationale-contre-lantisemitisme-15-576x1024-1-169x300.jpg 169w\" sizes=\"auto, (max-width: 576px) 100vw, 576px\" \/><button\n\t\t\tclass=\"lightbox-trigger\"\n\t\t\ttype=\"button\"\n\t\t\taria-haspopup=\"dialog\"\n\t\t\taria-label=\"Enlarge\"\n\t\t\tdata-wp-init=\"callbacks.initTriggerButton\"\n\t\t\tdata-wp-on--click=\"actions.showLightbox\"\n\t\t\tdata-wp-style--right=\"state.imageButtonRight\"\n\t\t\tdata-wp-style--top=\"state.imageButtonTop\"\n\t\t>\n\t\t\t<svg xmlns=\"http:\/\/www.w3.org\/2000\/svg\" width=\"12\" height=\"12\" fill=\"none\" viewBox=\"0 0 12 12\">\n\t\t\t\t<path fill=\"#fff\" d=\"M2 0a2 2 0 0 0-2 2v2h1.5V2a.5.5 0 0 1 .5-.5h2V0H2Zm2 10.5H2a.5.5 0 0 1-.5-.5V8H0v2a2 2 0 0 0 2 2h2v-1.5ZM8 12v-1.5h2a.5.5 0 0 0 .5-.5V8H12v2a2 2 0 0 1-2 2H8Zm2-12a2 2 0 0 1 2 2v2h-1.5V2a.5.5 0 0 0-.5-.5H8V0h2Z\" \/>\n\t\t\t<\/svg>\n\t\t<\/button><\/figure>\n<\/figure>\n\n\n\n<figure class=\"wp-block-image size-large\"><img loading=\"lazy\" decoding=\"async\" width=\"1024\" height=\"1024\" src=\"https:\/\/rrb.be\/rrb\/wp-content\/uploads\/2026\/02\/Marche-nationale-contre-lantisemitisme-16-1-1024x1024.jpg\" alt=\"\" class=\"wp-image-3113\" srcset=\"https:\/\/rrb.be\/rrb\/wp-content\/uploads\/2026\/02\/Marche-nationale-contre-lantisemitisme-16-1-1024x1024.jpg 1024w, https:\/\/rrb.be\/rrb\/wp-content\/uploads\/2026\/02\/Marche-nationale-contre-lantisemitisme-16-1-300x300.jpg 300w, https:\/\/rrb.be\/rrb\/wp-content\/uploads\/2026\/02\/Marche-nationale-contre-lantisemitisme-16-1-150x150.jpg 150w, https:\/\/rrb.be\/rrb\/wp-content\/uploads\/2026\/02\/Marche-nationale-contre-lantisemitisme-16-1-768x768.jpg 768w, https:\/\/rrb.be\/rrb\/wp-content\/uploads\/2026\/02\/Marche-nationale-contre-lantisemitisme-16-1.jpg 1080w\" sizes=\"auto, (max-width: 1024px) 100vw, 1024px\" \/><\/figure>\n\n\n\n<p>Par Alain Schenkels<\/p>\n\n\n\n<figure data-wp-context=\"{&quot;imageId&quot;:&quot;69f0f26535b1c&quot;}\" data-wp-interactive=\"core\/image\" data-wp-key=\"69f0f26535b1c\" class=\"wp-block-image size-full is-resized wp-lightbox-container\"><img loading=\"lazy\" decoding=\"async\" width=\"412\" height=\"421\" data-wp-class--hide=\"state.isContentHidden\" data-wp-class--show=\"state.isContentVisible\" data-wp-init=\"callbacks.setButtonStyles\" data-wp-on--click=\"actions.showLightbox\" data-wp-on--load=\"callbacks.setButtonStyles\" data-wp-on-window--resize=\"callbacks.setButtonStyles\" src=\"http:\/\/rrb.be\/rrb\/wp-content\/uploads\/2026\/01\/Alain-Schenkels-rond.png\" alt=\"\" class=\"wp-image-2009\" style=\"width:243px;height:auto\" srcset=\"https:\/\/rrb.be\/rrb\/wp-content\/uploads\/2026\/01\/Alain-Schenkels-rond.png 412w, https:\/\/rrb.be\/rrb\/wp-content\/uploads\/2026\/01\/Alain-Schenkels-rond-294x300.png 294w\" sizes=\"auto, (max-width: 412px) 100vw, 412px\" \/><button\n\t\t\tclass=\"lightbox-trigger\"\n\t\t\ttype=\"button\"\n\t\t\taria-haspopup=\"dialog\"\n\t\t\taria-label=\"Enlarge\"\n\t\t\tdata-wp-init=\"callbacks.initTriggerButton\"\n\t\t\tdata-wp-on--click=\"actions.showLightbox\"\n\t\t\tdata-wp-style--right=\"state.imageButtonRight\"\n\t\t\tdata-wp-style--top=\"state.imageButtonTop\"\n\t\t>\n\t\t\t<svg xmlns=\"http:\/\/www.w3.org\/2000\/svg\" width=\"12\" height=\"12\" fill=\"none\" viewBox=\"0 0 12 12\">\n\t\t\t\t<path fill=\"#fff\" d=\"M2 0a2 2 0 0 0-2 2v2h1.5V2a.5.5 0 0 1 .5-.5h2V0H2Zm2 10.5H2a.5.5 0 0 1-.5-.5V8H0v2a2 2 0 0 0 2 2h2v-1.5ZM8 12v-1.5h2a.5.5 0 0 0 .5-.5V8H12v2a2 2 0 0 1-2 2H8Zm2-12a2 2 0 0 1 2 2v2h-1.5V2a.5.5 0 0 0-.5-.5H8V0h2Z\" \/>\n\t\t\t<\/svg>\n\t\t<\/button><\/figure>\n\n\n\n<p>Cat\u00e9gorie(s) :<\/p>\n\n\n<div class=\"taxonomy-category wp-block-post-terms\"><a href=\"https:\/\/rrb.be\/rrb\/category\/antisemitisme\/\" rel=\"tag\">Antis\u00e9mitisme<\/a><span class=\"wp-block-post-terms__separator\">, <\/span><a href=\"https:\/\/rrb.be\/rrb\/category\/belgique\/\" rel=\"tag\">Belgique<\/a><span class=\"wp-block-post-terms__separator\">, <\/span><a href=\"https:\/\/rrb.be\/rrb\/category\/islamisme\/\" rel=\"tag\">Islamisme<\/a><\/div>\n\n\n<p><\/p>\n","protected":false},"excerpt":{"rendered":"<p>Dimanche 10 d\u00e9cembre 2023, tr\u00e8s belle marche et belle ambiance \u00e0 la mobilisation du jour contre l\u2019antis\u00e9mitisme. De belles rencontres avec le MR tr\u00e8s bien repr\u00e9sent\u00e9\u00a0\ud83d\ude42 Par Alain Schenkels Cat\u00e9gorie(s) :<\/p>\n","protected":false},"author":1,"featured_media":3098,"comment_status":"closed","ping_status":"open","sticky":false,"template":"","format":"standard","meta":{"footnotes":""},"categories":[36,4,35],"tags":[],"class_list":["post-3097","post","type-post","status-publish","format-standard","has-post-thumbnail","hentry","category-antisemitisme","category-belgique","category-islamisme"],"_links":{"self":[{"href":"https:\/\/rrb.be\/rrb\/wp-json\/wp\/v2\/posts\/3097","targetHints":{"allow":["GET"]}}],"collection":[{"href":"https:\/\/rrb.be\/rrb\/wp-json\/wp\/v2\/posts"}],"about":[{"href":"https:\/\/rrb.be\/rrb\/wp-json\/wp\/v2\/types\/post"}],"author":[{"embeddable":true,"href":"https:\/\/rrb.be\/rrb\/wp-json\/wp\/v2\/users\/1"}],"replies":[{"embeddable":true,"href":"https:\/\/rrb.be\/rrb\/wp-json\/wp\/v2\/comments?post=3097"}],"version-history":[{"count":1,"href":"https:\/\/rrb.be\/rrb\/wp-json\/wp\/v2\/posts\/3097\/revisions"}],"predecessor-version":[{"id":3114,"href":"https:\/\/rrb.be\/rrb\/wp-json\/wp\/v2\/posts\/3097\/revisions\/3114"}],"wp:featuredmedia":[{"embeddable":true,"href":"https:\/\/rrb.be\/rrb\/wp-json\/wp\/v2\/media\/3098"}],"wp:attachment":[{"href":"https:\/\/rrb.be\/rrb\/wp-json\/wp\/v2\/media?parent=3097"}],"wp:term":[{"taxonomy":"category","embeddable":true,"href":"https:\/\/rrb.be\/rrb\/wp-json\/wp\/v2\/categories?post=3097"},{"taxonomy":"post_tag","embeddable":true,"href":"https:\/\/rrb.be\/rrb\/wp-json\/wp\/v2\/tags?post=3097"}],"curies":[{"name":"wp","href":"https:\/\/api.w.org\/{rel}","templated":true}]}}