{"id":3055,"date":"2025-05-29T10:31:55","date_gmt":"2025-05-29T10:31:55","guid":{"rendered":"https:\/\/rrb.be\/rrb\/?p=3055"},"modified":"2026-02-10T10:46:33","modified_gmt":"2026-02-10T10:46:33","slug":"un-palestinien-inculpe-en-suede-pour-crime-de-guerre-lie-a-lexecution-du-pilote-jordanien-en-2014-21news-et-alain-schenkels","status":"publish","type":"post","link":"https:\/\/rrb.be\/rrb\/un-palestinien-inculpe-en-suede-pour-crime-de-guerre-lie-a-lexecution-du-pilote-jordanien-en-2014-21news-et-alain-schenkels\/","title":{"rendered":"Un Palestinien inculp\u00e9 en Su\u00e8de pour crime de guerre li\u00e9 \u00e0 l\u2019ex\u00e9cution du pilote jordanien en 2014 (21News) et Alain Schenkels"},"content":{"rendered":"\n<p><strong>Le parquet su\u00e9dois a annonc\u00e9 ce mardi avoir inculp\u00e9 Osama Krayem, un ressortissant de Malm\u00f6 d\u2019origine palestinienne de 32 ans, pour crime de guerre aggrav\u00e9 et actes de terrorisme.<\/strong><\/p>\n\n\n\n<blockquote class=\"wp-block-quote is-layout-flow wp-block-quote-is-layout-flow\">\n<p><em><strong>Selon Reuters, l\u2019homme est accus\u00e9 d\u2019avoir particip\u00e9 au meurtre du pilote jordanien Muath al-Kasasbeh, br\u00fbl\u00e9 vif dans une cage en 2014 par l\u2019\u00c9tat islamique en Syrie,<\/strong><\/em>&nbsp;une ex\u00e9cution largement m\u00e9diatis\u00e9e \u00e0 des fins de propagande.<\/p>\n<\/blockquote>\n\n\n\n<p>Selon l\u2019acte d\u2019accusation, Krayem aurait contraint le pilote \u00e0 entrer dans la cage et pos\u00e9 pour les cam\u00e9ras en toute connaissance de cause.<\/p>\n\n\n\n<p>Suite de l\u2019article \u00e0 d\u00e9couvrir dans&nbsp;<a href=\"https:\/\/www.21news.be\/un-palestinien-inculpe-en-suede-pour-crime-de-guerre-lie-a-lexecution-du-pilote-jordanien-en-2014\/\" target=\"_blank\" rel=\"noreferrer noopener\">21News<\/a><\/p>\n\n\n\n<hr class=\"wp-block-separator has-alpha-channel-opacity\"\/>\n\n\n\n<h2 class=\"wp-block-heading\">Compl\u00e9ment par Alain Schenkels<\/h2>\n\n\n\n<blockquote class=\"wp-block-quote is-layout-flow wp-block-quote-is-layout-flow\">\n<p>Br\u00fbler volontairement un homme vivant en l\u2019enfermant dans une cage et en plus diffuser les images en ligne pour la propagande, il n\u2019y a pas de mot assez dure pour qualifier cet acte de barbarie, comment un \u00eatre humain peut-il infliger \u00e0 un autre homme pareille souffrance, c\u2019est une ignominie.<\/p>\n<\/blockquote>\n\n\n\n<p>\u00ab&nbsp;<em>C\u2019est un film brutal qui utilise le pilote comme un outil dans la machine de propagande de l\u2019EI. Aucune autre personne n\u2019a \u00e9t\u00e9 traduite en justice pour cet acte et l\u2019homme dont nous avons demand\u00e9 la d\u00e9tention sera la premi\u00e8re personne qui pourrait \u00eatre poursuivie pour cet incident<\/em>\u00ab&nbsp;, a d\u00e9clar\u00e9 lundi le procureur en chef adjoint Henrik Olin.<\/p>\n\n\n\n<p>\u00c0 gauche le terroriste Osama Krayem,<br>\u00e0 droite sa victime le pilote jordanien Muath al-Kasasbeh assassin\u00e9 et tortur\u00e9 br\u00fbl\u00e9 vif \u00e0 l\u2019\u00e2ge de 26 ans.<\/p>\n\n\n\n<figure class=\"wp-block-image size-full\"><img loading=\"lazy\" decoding=\"async\" width=\"557\" height=\"302\" src=\"https:\/\/rrb.be\/rrb\/wp-content\/uploads\/2026\/02\/Un-Palestinien-inculpe-en-Suede-pour-crime-de-guerre-lie-a-lexecution-du-pilote-jordanien-en-2014-3.jpg\" alt=\"\" class=\"wp-image-3057\" srcset=\"https:\/\/rrb.be\/rrb\/wp-content\/uploads\/2026\/02\/Un-Palestinien-inculpe-en-Suede-pour-crime-de-guerre-lie-a-lexecution-du-pilote-jordanien-en-2014-3.jpg 557w, https:\/\/rrb.be\/rrb\/wp-content\/uploads\/2026\/02\/Un-Palestinien-inculpe-en-Suede-pour-crime-de-guerre-lie-a-lexecution-du-pilote-jordanien-en-2014-3-300x163.jpg 300w\" sizes=\"auto, (max-width: 557px) 100vw, 557px\" \/><\/figure>\n\n\n\n<p>Avant d\u2019\u00eatre br\u00fbl\u00e9 vif, al-Kassasbeh a \u00e9t\u00e9 contraint de r\u00e9v\u00e9ler les noms et les adresses d\u2019un certain nombre de ses coll\u00e8gues de la&nbsp;Force a\u00e9rienne royale jordanienne&nbsp;vivants \u00e0&nbsp;Al-Karak,&nbsp;Amman,&nbsp;Azraq&nbsp;et&nbsp;Ar Ramtha. Leurs noms et leurs photographies ont \u00e9t\u00e9 affich\u00e9s \u00e0 la fin de la vid\u00e9o, avec une prime de 100&nbsp;dinars d\u2019or&nbsp;(environ 20&nbsp;000$)&nbsp;pour chaque \u00abpilote&nbsp;crois\u00e9\u00bb qui serait tu\u00e9.<\/p>\n\n\n\n<p>En 2018, la&nbsp;police&nbsp;belge&nbsp;identifie&nbsp;Osama Krayem, un su\u00e9dois impliqu\u00e9 dans les attentats commis en 2015-2016&nbsp;\u00e0 Paris&nbsp;et&nbsp;Bruxelles, comme \u00e9tant&nbsp;\u00abl\u2019un des auteurs actifs de l\u2019ex\u00e9cution\u00bb&nbsp;d\u2019al-Kassasbeh.<\/p>\n\n\n\n<p>En 2019, les autorit\u00e9s irakiennes ont ratifi\u00e9 le verdict rendu par un tribunal d\u2019ex\u00e9cuter&nbsp;l\u2019ancien \u00ab&nbsp;wali&nbsp;de l\u2019Euphrate&nbsp;\u00bb&nbsp;Saddam Omar al-Jamal&nbsp;pour son implication dans la mise \u00e0 mort d\u2019al-Kassasbeh.<\/p>\n\n\n\n<blockquote class=\"wp-block-quote is-layout-flow wp-block-quote-is-layout-flow\">\n<p>Aucune condamnation ne pourra \u00eatre \u00e0 la hauteur de la monstruosit\u00e9 des actes commis par ce terroriste fort heureusement arr\u00eat\u00e9. Je suis en r\u00e8gle g\u00e9n\u00e9rale contre la peine de mort, pourtant dans le cas pr\u00e9sent, je me pose de v\u00e9ritables questions. Non il ne m\u00e9rite plus de vivre. S\u2019il est extrad\u00e9 en Irak, il devrait \u00eatre ex\u00e9cut\u00e9 et tr\u00e8s franchement, j&rsquo;assume pleinement ce souhait, cette b\u00eate (on ne peut plus parler d&rsquo;un homme) ne m\u00e9rite pas de vivre !<\/p>\n<\/blockquote>\n\n\n\n<p>Le pseudo-EI, les Talibans, les Fr\u00e8res musulmans, le Hamas, le Hezbollah, etc., tous des groupes terroristes qui assassinent les prisonniers et les otages. Et dire que, de par le monde, des gens crient \u00ab\u202fMort \u00e0 Isra\u00ebl\u202f\u00bb en soutenant la barbarie du Hamas\u2026 <\/p>\n\n\n\n<p><strong>Le monde est fou. <\/strong><br>Face \u00e0 l\u2019islamisme, il faudrait faire bloc, mais les m\u00e9dias, bien souvent complices, jouent un jeu extr\u00eamement dangereux, tout comme de nombreux politiques, surtout de gauche. Un jour, tout cela finira tr\u00e8s mal. Leur objectif final, c\u2019est la charia et la conversion du monde entier \u00e0 l\u2019Islam radical. <\/p>\n\n\n\n<p>Nous sommes quotidiennement victimes de l\u2019islamisme, mais ce n\u2019est qu\u2019une question de temps. Un jour, si on ne fait rien \u2014 et c\u2019est bien mal parti avec tous ces collabos de l\u2019islamisme \u2014, nous en serons vraiment victimes. <\/p>\n\n\n\n<p>Ils nous an\u00e9antiront physiquement, comme ils l\u2019ont fait le 7 octobre 2023 en Isra\u00ebl. <br>Un massacre de grande ampleur, voil\u00e0 ce qui nous attend, une guerre civile. <br>Et ce jour-l\u00e0, il sera bien trop tard pour r\u00e9agir, ce sera la fin de notre civilisation, ils nous tueront tous\u2026<\/p>\n\n\n\n<p>Par Alain Schenkels<\/p>\n\n\n\n<figure class=\"wp-block-image size-full\"><img loading=\"lazy\" decoding=\"async\" width=\"184\" height=\"184\" src=\"http:\/\/rrb.be\/rrb\/wp-content\/uploads\/2026\/01\/Alain-Schenkels-meditation.png\" alt=\"\" class=\"wp-image-2011\" srcset=\"https:\/\/rrb.be\/rrb\/wp-content\/uploads\/2026\/01\/Alain-Schenkels-meditation.png 184w, https:\/\/rrb.be\/rrb\/wp-content\/uploads\/2026\/01\/Alain-Schenkels-meditation-150x150.png 150w\" sizes=\"auto, (max-width: 184px) 100vw, 184px\" \/><\/figure>\n\n\n\n<p>Cat\u00e9gorie(s) :<\/p>\n\n\n<div class=\"taxonomy-category wp-block-post-terms\"><a href=\"https:\/\/rrb.be\/rrb\/category\/conflits-guerres\/guerre-israel-palestine\/\" rel=\"tag\">Guerre Isra\u00ebl Palestine<\/a><span class=\"wp-block-post-terms__separator\">, <\/span><a href=\"https:\/\/rrb.be\/rrb\/category\/islamisme\/\" rel=\"tag\">Islamisme<\/a><span class=\"wp-block-post-terms__separator\">, <\/span><a href=\"https:\/\/rrb.be\/rrb\/category\/avis-de-recherche\/\" rel=\"tag\">Police &#8211; Criminalit\u00e9 &#8211; Avis de recherche<\/a><\/div>","protected":false},"excerpt":{"rendered":"<p>Le parquet su\u00e9dois a annonc\u00e9 ce mardi avoir inculp\u00e9 Osama Krayem, un ressortissant de Malm\u00f6 d\u2019origine palestinienne de 32 ans, pour crime de guerre aggrav\u00e9 et actes de terrorisme. Selon Reuters, l\u2019homme est accus\u00e9 d\u2019avoir particip\u00e9 au meurtre du pilote jordanien Muath al-Kasasbeh, br\u00fbl\u00e9 vif dans une cage en 2014 par l\u2019\u00c9tat islamique en Syrie,&nbsp;une [&hellip;]<\/p>\n","protected":false},"author":1,"featured_media":3056,"comment_status":"closed","ping_status":"open","sticky":false,"template":"","format":"standard","meta":{"footnotes":""},"categories":[6,35,11],"tags":[],"class_list":["post-3055","post","type-post","status-publish","format-standard","has-post-thumbnail","hentry","category-guerre-israel-palestine","category-islamisme","category-avis-de-recherche"],"_links":{"self":[{"href":"https:\/\/rrb.be\/rrb\/wp-json\/wp\/v2\/posts\/3055","targetHints":{"allow":["GET"]}}],"collection":[{"href":"https:\/\/rrb.be\/rrb\/wp-json\/wp\/v2\/posts"}],"about":[{"href":"https:\/\/rrb.be\/rrb\/wp-json\/wp\/v2\/types\/post"}],"author":[{"embeddable":true,"href":"https:\/\/rrb.be\/rrb\/wp-json\/wp\/v2\/users\/1"}],"replies":[{"embeddable":true,"href":"https:\/\/rrb.be\/rrb\/wp-json\/wp\/v2\/comments?post=3055"}],"version-history":[{"count":2,"href":"https:\/\/rrb.be\/rrb\/wp-json\/wp\/v2\/posts\/3055\/revisions"}],"predecessor-version":[{"id":3060,"href":"https:\/\/rrb.be\/rrb\/wp-json\/wp\/v2\/posts\/3055\/revisions\/3060"}],"wp:featuredmedia":[{"embeddable":true,"href":"https:\/\/rrb.be\/rrb\/wp-json\/wp\/v2\/media\/3056"}],"wp:attachment":[{"href":"https:\/\/rrb.be\/rrb\/wp-json\/wp\/v2\/media?parent=3055"}],"wp:term":[{"taxonomy":"category","embeddable":true,"href":"https:\/\/rrb.be\/rrb\/wp-json\/wp\/v2\/categories?post=3055"},{"taxonomy":"post_tag","embeddable":true,"href":"https:\/\/rrb.be\/rrb\/wp-json\/wp\/v2\/tags?post=3055"}],"curies":[{"name":"wp","href":"https:\/\/api.w.org\/{rel}","templated":true}]}}