{"id":3047,"date":"2024-12-18T10:12:46","date_gmt":"2024-12-18T10:12:46","guid":{"rendered":"https:\/\/rrb.be\/rrb\/?p=3047"},"modified":"2026-02-10T10:27:49","modified_gmt":"2026-02-10T10:27:49","slug":"toulouse-un-chauffeur-de-bus-agresse-et-licencie","status":"publish","type":"post","link":"https:\/\/rrb.be\/rrb\/toulouse-un-chauffeur-de-bus-agresse-et-licencie\/","title":{"rendered":"Toulouse, un chauffeur de bus agress\u00e9 et licenci\u00e9!"},"content":{"rendered":"\n<blockquote class=\"wp-block-quote is-layout-flow wp-block-quote-is-layout-flow\">\n<p><strong><em>De nos jours, il faut \u00eatre particuli\u00e8rement courageux pour exercer le m\u00e9tier de chauffeur de bus. Face \u00e0 cette horde de voyous en herbe qui n\u2019ont plus aucun respect pour rien ni pour personne, comment s\u2019\u00e9tonner que ce chauffeur perde le contr\u00f4le ?<\/em><\/strong><\/p>\n<\/blockquote>\n\n\n\n<p>Ce chauffeur s\u2019est fait cracher dessus par ce jeune qui n\u2019a cess\u00e9 de l\u2019insulter, un fait h\u00e9las r\u00e9gulier dans les transports en commun. Pire encore \u2014 et c\u2019est la m\u00eame chose dans l\u2019enseignement \u2014, au lieu d\u2019apporter un soutien psychologique \u00e0 ce chauffeur agress\u00e9, la direction de Tiss\u00e9o n\u2019a rien trouv\u00e9 de mieux que de le convoquer\u2026 pour le licencier !<\/p>\n\n\n\n<p>Est-ce donc cela, l\u2019avenir de l\u2019Europe : le laisser-faire, l\u2019absence d\u2019\u00e9ducation des jeunes, l\u2019acceptation de la violence ? Je ne me reconnais pas dans cette soci\u00e9t\u00e9 ; bien au contraire, il faut combattre de tels faits et reconna\u00eetre les victimes au lieu de les condamner.<\/p>\n\n\n\n<p>Vid\u00e9o :<\/p>\n\n\n\n<video controls width=\"400\" poster=\"https:\/\/www.rrb.be\/Toulouse-un-chauffeur-de-bus-agresse-et-licencie.jpg\" src=\"https:\/\/rrb.be\/rrb\/wp-content\/uploads\/2026\/02\/toulouse-un-chauffeur-de-bus-agresse-et-licenc.mp4\"><\/video>\n\n\n\n<blockquote class=\"wp-block-quote is-layout-flow wp-block-quote-is-layout-flow\">\n<p>Et entendre des passagers qui prot\u00e8gent le jeune voyou qui s\u2019en est pris physiquement au chauffeur\u2026<\/p>\n<\/blockquote>\n\n\n\n<p><strong>Suite de l\u2019affaire en date du 19 d\u00e9cembre<\/strong><br>Le chauffeur de bus Tiss\u00e9o dans une altercation avec un mineur \u00e0 Toulouse le 6 d\u00e9cembre 2024 ne sera pas licenci\u00e9, mais il fera l\u2019objet d\u2019une sanction. Le conducteur a annonc\u00e9 la nouvelle \u00e0 ses coll\u00e8gues. La raison de la sanction \u00ab&nbsp;<em>la Direction g\u00e9n\u00e9rale a donc opt\u00e9 pour une mesure de mise \u00e0 pied d\u2019une journ\u00e9e pour avoir quitt\u00e9 son poste et s\u2019\u00eatre expos\u00e9 au danger.<\/em>&nbsp;\u00bb Cette issue favorable fait suite \u00e0 un large mouvement de soutien. Une p\u00e9tition interne a \u00e9galement \u00e9t\u00e9 lanc\u00e9e par le syndicat Sud.<\/p>\n\n\n\n<p>Il est \u00e0 noter que les deux jeunes incrimin\u00e9s ont refus\u00e9 de payer leur ticket et que l\u2019un d\u2019eux \u00e0 crach\u00e9 sur le chauffeur lorsqu\u2019il leur a demand\u00e9 de sortir. Pr\u00e9cision importante, le maire de la ville a fait part de son soutien au chauffeur \u00e0 travers un post sur le r\u00e9seau social X \u00ab<em>&nbsp;Les usagers devraient aussi \u00eatre de son c\u00f4t\u00e9, ils sont aussi les victimes collat\u00e9rales de cette ins\u00e9curit\u00e9 dans les transports<\/em>&nbsp;\u00bb.<\/p>\n\n\n\n<h2 class=\"wp-block-heading\"><strong>Ce qui n\u2019est pas pr\u00e9cis\u00e9, quid du petit voyou, a-t-il \u00e9t\u00e9 sanctionn\u00e9???<\/strong><\/h2>\n\n\n\n<p>La famille des deux jeunes a \u00e9t\u00e9 invit\u00e9e \u00e0 une rencontre afin de tenter une conciliation. Pendant ce temps, le chauffeur \u2013 v\u00e9ritable victime \u2013 a \u00e9t\u00e9 mis \u00e0 pied (donc sans solde) pendant une journ\u00e9e, et ce, uniquement gr\u00e2ce \u00e0 une p\u00e9tition et au soutien du maire ; sans cela, il aurait \u00e9t\u00e9 licenci\u00e9.<\/p>\n\n\n\n<blockquote class=\"wp-block-quote is-layout-flow wp-block-quote-is-layout-flow\">\n<p>Tiss\u00e9o : encore une entreprise qui ne soutient pas ses salari\u00e9s, alors m\u00eame qu\u2019il s\u2019agit d\u2019un homme \u00e0 la carri\u00e8re exemplaire !<\/p>\n<\/blockquote>\n\n\n\n<p>Ces jeunes d\u00e9linquants qui se permettent tout, des parents qui d\u00e9missionnent, des enseignants qui ont peur\u2026 L\u2019\u00c9tat doit prendre ce probl\u00e8me au s\u00e9rieux, car nous allons droit dans le mur. Il est n\u00e9cessaire de retirer les allocations familiales aux parents de ces d\u00e9linquants, et de s\u00e9rieusement sanctionner ces jeunes.<\/p>\n\n\n\n<p>Par Alain Schenkels<\/p>\n\n\n\n<figure class=\"wp-block-image size-full is-resized\"><img loading=\"lazy\" decoding=\"async\" width=\"412\" height=\"421\" src=\"http:\/\/rrb.be\/rrb\/wp-content\/uploads\/2026\/01\/Alain-Schenkels-rond.png\" alt=\"\" class=\"wp-image-2009\" style=\"width:228px;height:auto\" srcset=\"https:\/\/rrb.be\/rrb\/wp-content\/uploads\/2026\/01\/Alain-Schenkels-rond.png 412w, https:\/\/rrb.be\/rrb\/wp-content\/uploads\/2026\/01\/Alain-Schenkels-rond-294x300.png 294w\" sizes=\"auto, (max-width: 412px) 100vw, 412px\" \/><\/figure>\n\n\n\n<blockquote class=\"twitter-tweet\"><p lang=\"fr\" dir=\"ltr\">Suite : Le chauffeur de bus <a href=\"https:\/\/twitter.com\/hashtag\/Tiss%C3%A9o?src=hash&amp;ref_src=twsrc%5Etfw\" target=\"_blank\" rel=\"noopener\">#Tiss\u00e9o<\/a> dans une altercation avec un mineur \u00e0 Toulouse le 6 d\u00e9cembre 2024 ne sera pas licenci\u00e9, mais il fera l&#39;objet d&#39;une sanction. Le conducteur a annonc\u00e9 la nouvelle \u00e0 ses coll\u00e8gues. La raison de la sanction &quot;la Direction g\u00e9n\u00e9rale a opt\u00e9 pour une\u2026<\/p>&mdash; Alain Schenkels (@Aranjarrett) <a href=\"https:\/\/twitter.com\/Aranjarrett\/status\/1869884390462894456?ref_src=twsrc%5Etfw\" target=\"_blank\" rel=\"noopener\">December 19, 2024<\/a><\/blockquote> <script async src=\"https:\/\/platform.twitter.com\/widgets.js\" charset=\"utf-8\"><\/script>\n\n\n\n<p>Cat\u00e9gorie(s) :<\/p>\n\n\n<div class=\"taxonomy-category wp-block-post-terms\"><a href=\"https:\/\/rrb.be\/rrb\/category\/international\/\" rel=\"tag\">International<\/a><span class=\"wp-block-post-terms__separator\">, <\/span><a href=\"https:\/\/rrb.be\/rrb\/category\/avis-de-recherche\/\" rel=\"tag\">Police &#8211; Criminalit\u00e9 &#8211; Avis de recherche<\/a><\/div>","protected":false},"excerpt":{"rendered":"<p>De nos jours, il faut \u00eatre particuli\u00e8rement courageux pour exercer le m\u00e9tier de chauffeur de bus. Face \u00e0 cette horde de voyous en herbe qui n\u2019ont plus aucun respect pour rien ni pour personne, comment s\u2019\u00e9tonner que ce chauffeur perde le contr\u00f4le ? Ce chauffeur s\u2019est fait cracher dessus par ce jeune qui n\u2019a cess\u00e9 [&hellip;]<\/p>\n","protected":false},"author":1,"featured_media":3048,"comment_status":"closed","ping_status":"open","sticky":false,"template":"","format":"standard","meta":{"footnotes":""},"categories":[5,11],"tags":[],"class_list":["post-3047","post","type-post","status-publish","format-standard","has-post-thumbnail","hentry","category-international","category-avis-de-recherche"],"_links":{"self":[{"href":"https:\/\/rrb.be\/rrb\/wp-json\/wp\/v2\/posts\/3047","targetHints":{"allow":["GET"]}}],"collection":[{"href":"https:\/\/rrb.be\/rrb\/wp-json\/wp\/v2\/posts"}],"about":[{"href":"https:\/\/rrb.be\/rrb\/wp-json\/wp\/v2\/types\/post"}],"author":[{"embeddable":true,"href":"https:\/\/rrb.be\/rrb\/wp-json\/wp\/v2\/users\/1"}],"replies":[{"embeddable":true,"href":"https:\/\/rrb.be\/rrb\/wp-json\/wp\/v2\/comments?post=3047"}],"version-history":[{"count":3,"href":"https:\/\/rrb.be\/rrb\/wp-json\/wp\/v2\/posts\/3047\/revisions"}],"predecessor-version":[{"id":3054,"href":"https:\/\/rrb.be\/rrb\/wp-json\/wp\/v2\/posts\/3047\/revisions\/3054"}],"wp:featuredmedia":[{"embeddable":true,"href":"https:\/\/rrb.be\/rrb\/wp-json\/wp\/v2\/media\/3048"}],"wp:attachment":[{"href":"https:\/\/rrb.be\/rrb\/wp-json\/wp\/v2\/media?parent=3047"}],"wp:term":[{"taxonomy":"category","embeddable":true,"href":"https:\/\/rrb.be\/rrb\/wp-json\/wp\/v2\/categories?post=3047"},{"taxonomy":"post_tag","embeddable":true,"href":"https:\/\/rrb.be\/rrb\/wp-json\/wp\/v2\/tags?post=3047"}],"curies":[{"name":"wp","href":"https:\/\/api.w.org\/{rel}","templated":true}]}}