{"id":3040,"date":"2024-02-01T09:49:43","date_gmt":"2024-02-01T09:49:43","guid":{"rendered":"https:\/\/rrb.be\/rrb\/?p=3040"},"modified":"2026-02-10T09:53:16","modified_gmt":"2026-02-10T09:53:16","slug":"premiere-reunion-de-la-nouvelle-assemblee-consultative-des-membres-du-mr","status":"publish","type":"post","link":"https:\/\/rrb.be\/rrb\/premiere-reunion-de-la-nouvelle-assemblee-consultative-des-membres-du-mr\/","title":{"rendered":"Premi\u00e8re r\u00e9union de la nouvelle Assembl\u00e9e Consultative des Membres du MR"},"content":{"rendered":"\n<p><strong>Le 9 septembre dernier, lors des Universit\u00e9s d\u2019\u00e9t\u00e9, la nouvelle Assembl\u00e9e Consultative des Membres a \u00e9t\u00e9 tir\u00e9e au sort parmi les candidats. Les heureux \u00e9lus se sont r\u00e9unis pour la premi\u00e8re fois ce mercredi 27 septembre. Cette rencontre marque le d\u00e9but d\u2019une nouvelle \u00e8re de participation d\u00e9mocratique au sein du parti, o\u00f9 chaque membre a l\u2019occasion de faire entendre sa voix.<\/strong><\/p>\n\n\n\n<p>Lors de cette r\u00e9union, le Pr\u00e9sident du MR \u00e9tait pr\u00e9sent pour souhaiter bonne chance aux membres et les remercier de leur engagement au sein du parti. La soir\u00e9e \u00e9tait pr\u00e9sid\u00e9e par la Pr\u00e9sidente, Pia Janssens, nouvellement r\u00e9\u00e9lue, aux c\u00f4t\u00e9s du Vice-Pr\u00e9sident et de la Secr\u00e9taire nouvellement \u00e9lus \u00e9galement, Matt\u00e9o Vanderbecken et Annabelle Kaloo. Georges-Louis Bouchez a exprim\u00e9 son soutien \u00e0 cette initiative et son enthousiasme pour le r\u00f4le accru des membres dans le processus d\u00e9cisionnel du parti.<\/p>\n\n\n\n<p>Il est important de noter que cette Assembl\u00e9e n\u2019en est pas \u00e0 sa premi\u00e8re \u00e9dition. Elle a d\u00e9j\u00e0 exist\u00e9 l\u2019ann\u00e9e derni\u00e8re, montrant ainsi la volont\u00e9 continue du MR de favoriser la participation d\u00e9mocratique au sein du parti. Les membres du Conseil du MR, Matt\u00e9o Vanderbecken et Nicolas Vermeulen qui participeront activement aux prises de d\u00e9cision du parti, ont \u00e9galement \u00e9t\u00e9 tir\u00e9s au sort, d\u00e9montrant l\u2019engagement du MR envers la diversit\u00e9 des voix au sein de son leadership.<\/p>\n\n\n\n<p>Ils ont \u00e9galement convenu de se r\u00e9unir \u00e0 nouveau le 10 octobre pour une r\u00e9union de travail au cours de laquelle ils discuteront des questions et des d\u00e9fis actuels du MR, tout en continuant \u00e0 fa\u00e7onner leur r\u00f4le au sein de l\u2019organisation. Cette initiative de l\u2019Assembl\u00e9e Consultative des Membres du MR constitue un exemple inspirant de d\u00e9mocratie participative au sein d\u2019un parti politique. Elle montre que le MR est d\u00e9termin\u00e9 \u00e0 \u00e9couter la voix de ses membres et \u00e0 les impliquer activement dans le processus de prise de d\u00e9cision. Cette deuxi\u00e8me r\u00e9union marque une \u00e9tape importante dans le renforcement de la confiance des membres et de leur engagement envers les valeurs et les objectifs du Mouvement R\u00e9formateur.<\/p>\n\n\n\n<p>Par Alain Schenkels<\/p>\n\n\n\n<figure data-wp-context=\"{&quot;imageId&quot;:&quot;69f1059be0b13&quot;}\" data-wp-interactive=\"core\/image\" data-wp-key=\"69f1059be0b13\" class=\"wp-block-image size-full is-resized wp-lightbox-container\"><img loading=\"lazy\" decoding=\"async\" width=\"412\" height=\"421\" data-wp-class--hide=\"state.isContentHidden\" data-wp-class--show=\"state.isContentVisible\" data-wp-init=\"callbacks.setButtonStyles\" data-wp-on--click=\"actions.showLightbox\" data-wp-on--load=\"callbacks.setButtonStyles\" data-wp-on-window--resize=\"callbacks.setButtonStyles\" src=\"http:\/\/rrb.be\/rrb\/wp-content\/uploads\/2026\/01\/Alain-Schenkels-rond.png\" alt=\"\" class=\"wp-image-2009\" style=\"width:238px;height:auto\" srcset=\"https:\/\/rrb.be\/rrb\/wp-content\/uploads\/2026\/01\/Alain-Schenkels-rond.png 412w, https:\/\/rrb.be\/rrb\/wp-content\/uploads\/2026\/01\/Alain-Schenkels-rond-294x300.png 294w\" sizes=\"auto, (max-width: 412px) 100vw, 412px\" \/><button\n\t\t\tclass=\"lightbox-trigger\"\n\t\t\ttype=\"button\"\n\t\t\taria-haspopup=\"dialog\"\n\t\t\taria-label=\"Enlarge\"\n\t\t\tdata-wp-init=\"callbacks.initTriggerButton\"\n\t\t\tdata-wp-on--click=\"actions.showLightbox\"\n\t\t\tdata-wp-style--right=\"state.imageButtonRight\"\n\t\t\tdata-wp-style--top=\"state.imageButtonTop\"\n\t\t>\n\t\t\t<svg xmlns=\"http:\/\/www.w3.org\/2000\/svg\" width=\"12\" height=\"12\" fill=\"none\" viewBox=\"0 0 12 12\">\n\t\t\t\t<path fill=\"#fff\" d=\"M2 0a2 2 0 0 0-2 2v2h1.5V2a.5.5 0 0 1 .5-.5h2V0H2Zm2 10.5H2a.5.5 0 0 1-.5-.5V8H0v2a2 2 0 0 0 2 2h2v-1.5ZM8 12v-1.5h2a.5.5 0 0 0 .5-.5V8H12v2a2 2 0 0 1-2 2H8Zm2-12a2 2 0 0 1 2 2v2h-1.5V2a.5.5 0 0 0-.5-.5H8V0h2Z\" \/>\n\t\t\t<\/svg>\n\t\t<\/button><\/figure>\n\n\n\n<p>Cat\u00e9gorie(s) :<\/p>\n\n\n<div class=\"taxonomy-category wp-block-post-terms\"><a href=\"https:\/\/rrb.be\/rrb\/category\/belgique\/\" rel=\"tag\">Belgique<\/a><\/div>","protected":false},"excerpt":{"rendered":"<p>Le 9 septembre dernier, lors des Universit\u00e9s d\u2019\u00e9t\u00e9, la nouvelle Assembl\u00e9e Consultative des Membres a \u00e9t\u00e9 tir\u00e9e au sort parmi les candidats. Les heureux \u00e9lus se sont r\u00e9unis pour la premi\u00e8re fois ce mercredi 27 septembre. Cette rencontre marque le d\u00e9but d\u2019une nouvelle \u00e8re de participation d\u00e9mocratique au sein du parti, o\u00f9 chaque membre a [&hellip;]<\/p>\n","protected":false},"author":1,"featured_media":3041,"comment_status":"closed","ping_status":"open","sticky":false,"template":"","format":"standard","meta":{"footnotes":""},"categories":[4],"tags":[],"class_list":["post-3040","post","type-post","status-publish","format-standard","has-post-thumbnail","hentry","category-belgique"],"_links":{"self":[{"href":"https:\/\/rrb.be\/rrb\/wp-json\/wp\/v2\/posts\/3040","targetHints":{"allow":["GET"]}}],"collection":[{"href":"https:\/\/rrb.be\/rrb\/wp-json\/wp\/v2\/posts"}],"about":[{"href":"https:\/\/rrb.be\/rrb\/wp-json\/wp\/v2\/types\/post"}],"author":[{"embeddable":true,"href":"https:\/\/rrb.be\/rrb\/wp-json\/wp\/v2\/users\/1"}],"replies":[{"embeddable":true,"href":"https:\/\/rrb.be\/rrb\/wp-json\/wp\/v2\/comments?post=3040"}],"version-history":[{"count":1,"href":"https:\/\/rrb.be\/rrb\/wp-json\/wp\/v2\/posts\/3040\/revisions"}],"predecessor-version":[{"id":3042,"href":"https:\/\/rrb.be\/rrb\/wp-json\/wp\/v2\/posts\/3040\/revisions\/3042"}],"wp:featuredmedia":[{"embeddable":true,"href":"https:\/\/rrb.be\/rrb\/wp-json\/wp\/v2\/media\/3041"}],"wp:attachment":[{"href":"https:\/\/rrb.be\/rrb\/wp-json\/wp\/v2\/media?parent=3040"}],"wp:term":[{"taxonomy":"category","embeddable":true,"href":"https:\/\/rrb.be\/rrb\/wp-json\/wp\/v2\/categories?post=3040"},{"taxonomy":"post_tag","embeddable":true,"href":"https:\/\/rrb.be\/rrb\/wp-json\/wp\/v2\/tags?post=3040"}],"curies":[{"name":"wp","href":"https:\/\/api.w.org\/{rel}","templated":true}]}}