{"id":3037,"date":"2025-06-14T09:44:44","date_gmt":"2025-06-14T09:44:44","guid":{"rendered":"https:\/\/rrb.be\/rrb\/?p=3037"},"modified":"2026-02-10T09:48:38","modified_gmt":"2026-02-10T09:48:38","slug":"pourquoi-le-conflit-israelo-palestinien-obsede-t-il-loccident-emmanuel-rumy","status":"publish","type":"post","link":"https:\/\/rrb.be\/rrb\/pourquoi-le-conflit-israelo-palestinien-obsede-t-il-loccident-emmanuel-rumy\/","title":{"rendered":"Pourquoi le conflit isra\u00e9lo-palestinien obs\u00e8de-t-il l\u2019Occident ? (Emmanuel Rumy)"},"content":{"rendered":"\n<blockquote class=\"wp-block-quote is-layout-flow wp-block-quote-is-layout-flow\">\n<p><strong><em>Pourquoi ce conflit, et pas le Soudan, le Y\u00e9men, la Syrie, l\u2019Arm\u00e9nie ou le Congo ? Parce que ce qui qui fascine l\u2019Europe, ce n\u2019est pas le sort des Palestiniens, mais celui du Juif lib\u00e9r\u00e9 de son r\u00f4le sacrificiel.<\/em><\/strong><\/p>\n<\/blockquote>\n\n\n\n<p>Aucun autre conflit, f\u00fbt-il plus sanglant, plus proche ou plus durable, n\u2019a jamais suscit\u00e9 une telle mobilisation symbolique. Ni les 500 000 morts en Syrie, ni les famines organis\u00e9es au Y\u00e9men, ni les nettoyages ethniques en Afrique. On ne descend pas dans la rue pour les Rohingyas, les Tigr\u00e9ens ou les Kurdes bombard\u00e9s. Il ne s\u2019agit donc pas d\u2019une r\u00e9action morale universelle, mais d\u2019un point de fixation.<\/p>\n\n\n\n<p>Depuis la Shoah, l\u2019histoire a sacralis\u00e9 la souffrance juive. Elle a assign\u00e9 au Juif une place d\u2019absolue innocence, encombrante, pesante, presque insoutenable pour la conscience occidentale. Ce trop-plein de m\u00e9moire, cette dette morale, l\u2019Occident ne sait pas quoi en faire. On l\u2019honore rituellement, mais on r\u00eave secr\u00e8tement de s\u2019en d\u00e9lester. Ce conflit captive moins par ses faits que par ce qu\u2019il lib\u00e8re dans la psych\u00e9 europ\u00e9enne.<\/p>\n\n\n\n<p>La cr\u00e9ation d\u2019Isra\u00ebl offre une \u00e9chappatoire inesp\u00e9r\u00e9e. Un peuple autrefois martyr devient un peuple arm\u00e9, souverain, faillible. Et d\u00e8s lors, la m\u00e9moire peut \u00eatre retourn\u00e9e. \u00c0 l\u2019exc\u00e8s de souffrance juive doit r\u00e9pondre un contre-r\u00e9cit palestinien : c\u2019est la loi morale du balancier. D\u00e8s lors, tout se rejoue \u00e0 travers un mim\u00e9tisme invers\u00e9 : \u2013 Gaza devient un \u00ab&nbsp;ghetto&nbsp;\u00bb, \u2013 les Palestiniens, des \u00ab&nbsp;d\u00e9port\u00e9s&nbsp;\u00bb, \u2013 Tsahal, une \u00ab&nbsp;arm\u00e9e nazie&nbsp;\u00bb, \u2013 et la guerre \u00e0 Gaza, un \u00ab&nbsp;g\u00e9nocide&nbsp;\u00bb.<\/p>\n\n\n\n<p>Ce retournement s\u00e9mantique n\u2019est pas une d\u00e9rive, c\u2019est une n\u00e9cessit\u00e9 psychologique et symbolique pour l\u2019Occident. En r\u00e9assignant le crime \u00e0 ses anciens objets, elle se lib\u00e8re. Chaque accusation de \u00ab g\u00e9nocide \u00bb est une tentative de purification par procuration. Chaque mot du lexique de la Shoah appliqu\u00e9 \u00e0 Isra\u00ebl agit comme une transfusion invers\u00e9e de culpabilit\u00e9. On ne dit pas que Gaza est un ghetto parce que c\u2019est vrai, mais parce qu\u2019on a besoin que ce le soit. C\u2019est bien l\u00e0, l\u2019ultime ironie de l\u2019histoire : l\u2019Occident accuse Isra\u00ebl avec les mots qu\u2019elle a invent\u00e9s pour d\u00e9crire ce qu\u2019elle lui a fait.<\/p>\n\n\n\n<p>C\u2019est un rituel la\u00efque d\u2019expiation, o\u00f9 l\u2019on sacrifie l\u2019Isra\u00e9lien pour se laver du Juif. C\u2019est pour cela que ce conflit obs\u00e8de tant, disproportionnellement. Parce qu\u2019il donne \u00e0 l\u2019Occident l\u2019occasion rare de se reconstituer une innocence, en renvoyant le Juif \u00e0 la faute. Parce qu\u2019il parle moins de la Palestine que du besoin occidental de r\u00e9\u00e9quilibrer sa propre histoire morale. L\u2019obsession pour ce conflit est invers\u00e9ment proportionnelle \u00e0 l\u2019int\u00e9r\u00eat r\u00e9el pour les Palestiniens : ce qui importe, c\u2019est le soulagement int\u00e9rieur qu\u2019il procure.<\/p>\n\n\n\n<p><strong>Emmanuel Rumy<\/strong><\/p>\n\n\n\n<blockquote class=\"twitter-tweet\"><p lang=\"fr\" dir=\"ltr\">Pourquoi le conflit isra\u00e9lo-palestinien obs\u00e8de-t-il l\u2019Occident ? Pourquoi ce conflit, et pas le Soudan, le Y\u00e9men, la Syrie, l&#39;Arm\u00e9nie ou le Congo ? Parce que ce qui qui fascine l\u2019Europe, ce n\u2019est pas le sort des Palestiniens, mais celui du Juif lib\u00e9r\u00e9 de son r\u00f4le sacrificiel. \u2935\ufe0f\u2026<\/p>&mdash; Emmanuel Ruimy (@EmmanuelRuimy) <a href=\"https:\/\/twitter.com\/EmmanuelRuimy\/status\/1932381011507138700?ref_src=twsrc%5Etfw\" target=\"_blank\" rel=\"noopener\">June 10, 2025<\/a><\/blockquote> <script async src=\"https:\/\/platform.twitter.com\/widgets.js\" charset=\"utf-8\"><\/script>\n\n\n\n<p>Cat\u00e9gorie(s) :<\/p>\n\n\n<div class=\"taxonomy-category wp-block-post-terms\"><a href=\"https:\/\/rrb.be\/rrb\/category\/conflits-guerres\/guerre-israel-palestine\/\" rel=\"tag\">Guerre Isra\u00ebl Palestine<\/a><span class=\"wp-block-post-terms__separator\">, <\/span><a href=\"https:\/\/rrb.be\/rrb\/category\/histoire\/\" rel=\"tag\">Histoire<\/a><span class=\"wp-block-post-terms__separator\">, <\/span><a href=\"https:\/\/rrb.be\/rrb\/category\/international\/\" rel=\"tag\">International<\/a><\/div>","protected":false},"excerpt":{"rendered":"<p>Pourquoi ce conflit, et pas le Soudan, le Y\u00e9men, la Syrie, l\u2019Arm\u00e9nie ou le Congo ? Parce que ce qui qui fascine l\u2019Europe, ce n\u2019est pas le sort des Palestiniens, mais celui du Juif lib\u00e9r\u00e9 de son r\u00f4le sacrificiel. Aucun autre conflit, f\u00fbt-il plus sanglant, plus proche ou plus durable, n\u2019a jamais suscit\u00e9 une telle [&hellip;]<\/p>\n","protected":false},"author":1,"featured_media":3038,"comment_status":"closed","ping_status":"open","sticky":false,"template":"","format":"standard","meta":{"footnotes":""},"categories":[6,9,5],"tags":[],"class_list":["post-3037","post","type-post","status-publish","format-standard","has-post-thumbnail","hentry","category-guerre-israel-palestine","category-histoire","category-international"],"_links":{"self":[{"href":"https:\/\/rrb.be\/rrb\/wp-json\/wp\/v2\/posts\/3037","targetHints":{"allow":["GET"]}}],"collection":[{"href":"https:\/\/rrb.be\/rrb\/wp-json\/wp\/v2\/posts"}],"about":[{"href":"https:\/\/rrb.be\/rrb\/wp-json\/wp\/v2\/types\/post"}],"author":[{"embeddable":true,"href":"https:\/\/rrb.be\/rrb\/wp-json\/wp\/v2\/users\/1"}],"replies":[{"embeddable":true,"href":"https:\/\/rrb.be\/rrb\/wp-json\/wp\/v2\/comments?post=3037"}],"version-history":[{"count":1,"href":"https:\/\/rrb.be\/rrb\/wp-json\/wp\/v2\/posts\/3037\/revisions"}],"predecessor-version":[{"id":3039,"href":"https:\/\/rrb.be\/rrb\/wp-json\/wp\/v2\/posts\/3037\/revisions\/3039"}],"wp:featuredmedia":[{"embeddable":true,"href":"https:\/\/rrb.be\/rrb\/wp-json\/wp\/v2\/media\/3038"}],"wp:attachment":[{"href":"https:\/\/rrb.be\/rrb\/wp-json\/wp\/v2\/media?parent=3037"}],"wp:term":[{"taxonomy":"category","embeddable":true,"href":"https:\/\/rrb.be\/rrb\/wp-json\/wp\/v2\/categories?post=3037"},{"taxonomy":"post_tag","embeddable":true,"href":"https:\/\/rrb.be\/rrb\/wp-json\/wp\/v2\/tags?post=3037"}],"curies":[{"name":"wp","href":"https:\/\/api.w.org\/{rel}","templated":true}]}}