{"id":2903,"date":"2024-10-21T23:06:12","date_gmt":"2024-10-21T23:06:12","guid":{"rendered":"https:\/\/rrb.be\/rrb\/?p=2903"},"modified":"2026-02-09T23:08:13","modified_gmt":"2026-02-09T23:08:13","slug":"nouveau-media-21news-be","status":"publish","type":"post","link":"https:\/\/rrb.be\/rrb\/nouveau-media-21news-be\/","title":{"rendered":"Nouveau m\u00e9dia : 21News.be"},"content":{"rendered":"\n<p>Lanc\u00e9 pour offrir un aper\u00e7u clair et complet des \u00e9v\u00e9nements qui fa\u00e7onnent notre monde, 21News se concentre sur l\u2019actualit\u00e9 politique, \u00e9conomique et sociale en Belgique, tout en couvrant les grands sujets internationaux. Ind\u00e9pendante et dynamique, la r\u00e9daction francophone travaille jour apr\u00e8s jour pour nous fournir des informations pr\u00e9cises, \u00e9quilibr\u00e9es et sans compromis.<\/p>\n\n\n\n<p>Pour 21News, il est essentiel d\u2019informer avec rigueur et impartialit\u00e9. Ils proposent une large gamme de contenus allant des analyses politiques et des enqu\u00eates \u00e9conomiques, jusqu\u2019aux actualit\u00e9s culturelles, sportives et insolites.<\/p>\n\n\n\n<p>Leur ambition est simple : fournir une information v\u00e9rifi\u00e9e et approfondie, tout en offrant des perspectives diverses et \u00e9clair\u00e9es sur les sujets d\u2019actualit\u00e9.<\/p>\n\n\n\n<p>\u00c0 d\u00e9couvrir en&nbsp;<strong><a href=\"https:\/\/www.21news.be\/\" target=\"_blank\" rel=\"noreferrer noopener\">cliquant ICI<\/a><\/strong><\/p>\n\n\n\n<p>Par Alain Schenkels<\/p>\n\n\n\n<figure data-wp-context=\"{&quot;imageId&quot;:&quot;69f105e02b2f8&quot;}\" data-wp-interactive=\"core\/image\" data-wp-key=\"69f105e02b2f8\" class=\"wp-block-image size-full is-resized wp-lightbox-container\"><img loading=\"lazy\" decoding=\"async\" width=\"412\" height=\"421\" data-wp-class--hide=\"state.isContentHidden\" data-wp-class--show=\"state.isContentVisible\" data-wp-init=\"callbacks.setButtonStyles\" data-wp-on--click=\"actions.showLightbox\" data-wp-on--load=\"callbacks.setButtonStyles\" data-wp-on-window--resize=\"callbacks.setButtonStyles\" src=\"http:\/\/rrb.be\/rrb\/wp-content\/uploads\/2026\/01\/Alain-Schenkels-rond.png\" alt=\"\" class=\"wp-image-2009\" style=\"width:238px;height:auto\" srcset=\"https:\/\/rrb.be\/rrb\/wp-content\/uploads\/2026\/01\/Alain-Schenkels-rond.png 412w, https:\/\/rrb.be\/rrb\/wp-content\/uploads\/2026\/01\/Alain-Schenkels-rond-294x300.png 294w\" sizes=\"auto, (max-width: 412px) 100vw, 412px\" \/><button\n\t\t\tclass=\"lightbox-trigger\"\n\t\t\ttype=\"button\"\n\t\t\taria-haspopup=\"dialog\"\n\t\t\taria-label=\"Enlarge\"\n\t\t\tdata-wp-init=\"callbacks.initTriggerButton\"\n\t\t\tdata-wp-on--click=\"actions.showLightbox\"\n\t\t\tdata-wp-style--right=\"state.imageButtonRight\"\n\t\t\tdata-wp-style--top=\"state.imageButtonTop\"\n\t\t>\n\t\t\t<svg xmlns=\"http:\/\/www.w3.org\/2000\/svg\" width=\"12\" height=\"12\" fill=\"none\" viewBox=\"0 0 12 12\">\n\t\t\t\t<path fill=\"#fff\" d=\"M2 0a2 2 0 0 0-2 2v2h1.5V2a.5.5 0 0 1 .5-.5h2V0H2Zm2 10.5H2a.5.5 0 0 1-.5-.5V8H0v2a2 2 0 0 0 2 2h2v-1.5ZM8 12v-1.5h2a.5.5 0 0 0 .5-.5V8H12v2a2 2 0 0 1-2 2H8Zm2-12a2 2 0 0 1 2 2v2h-1.5V2a.5.5 0 0 0-.5-.5H8V0h2Z\" \/>\n\t\t\t<\/svg>\n\t\t<\/button><\/figure>\n\n\n\n<p>Cat\u00e9gorie(s)<\/p>\n\n\n<div class=\"taxonomy-category wp-block-post-terms\"><a href=\"https:\/\/rrb.be\/rrb\/category\/belgique\/\" rel=\"tag\">Belgique<\/a><\/div>","protected":false},"excerpt":{"rendered":"<p>Lanc\u00e9 pour offrir un aper\u00e7u clair et complet des \u00e9v\u00e9nements qui fa\u00e7onnent notre monde, 21News se concentre sur l\u2019actualit\u00e9 politique, \u00e9conomique et sociale en Belgique, tout en couvrant les grands sujets internationaux. Ind\u00e9pendante et dynamique, la r\u00e9daction francophone travaille jour apr\u00e8s jour pour nous fournir des informations pr\u00e9cises, \u00e9quilibr\u00e9es et sans compromis. Pour 21News, il [&hellip;]<\/p>\n","protected":false},"author":1,"featured_media":2904,"comment_status":"closed","ping_status":"open","sticky":false,"template":"","format":"standard","meta":{"footnotes":""},"categories":[4],"tags":[],"class_list":["post-2903","post","type-post","status-publish","format-standard","has-post-thumbnail","hentry","category-belgique"],"_links":{"self":[{"href":"https:\/\/rrb.be\/rrb\/wp-json\/wp\/v2\/posts\/2903","targetHints":{"allow":["GET"]}}],"collection":[{"href":"https:\/\/rrb.be\/rrb\/wp-json\/wp\/v2\/posts"}],"about":[{"href":"https:\/\/rrb.be\/rrb\/wp-json\/wp\/v2\/types\/post"}],"author":[{"embeddable":true,"href":"https:\/\/rrb.be\/rrb\/wp-json\/wp\/v2\/users\/1"}],"replies":[{"embeddable":true,"href":"https:\/\/rrb.be\/rrb\/wp-json\/wp\/v2\/comments?post=2903"}],"version-history":[{"count":1,"href":"https:\/\/rrb.be\/rrb\/wp-json\/wp\/v2\/posts\/2903\/revisions"}],"predecessor-version":[{"id":2905,"href":"https:\/\/rrb.be\/rrb\/wp-json\/wp\/v2\/posts\/2903\/revisions\/2905"}],"wp:featuredmedia":[{"embeddable":true,"href":"https:\/\/rrb.be\/rrb\/wp-json\/wp\/v2\/media\/2904"}],"wp:attachment":[{"href":"https:\/\/rrb.be\/rrb\/wp-json\/wp\/v2\/media?parent=2903"}],"wp:term":[{"taxonomy":"category","embeddable":true,"href":"https:\/\/rrb.be\/rrb\/wp-json\/wp\/v2\/categories?post=2903"},{"taxonomy":"post_tag","embeddable":true,"href":"https:\/\/rrb.be\/rrb\/wp-json\/wp\/v2\/tags?post=2903"}],"curies":[{"name":"wp","href":"https:\/\/api.w.org\/{rel}","templated":true}]}}