{"id":2897,"date":"2025-01-08T22:58:20","date_gmt":"2025-01-08T22:58:20","guid":{"rendered":"https:\/\/rrb.be\/rrb\/?p=2897"},"modified":"2026-02-09T23:04:57","modified_gmt":"2026-02-09T23:04:57","slug":"les-propos-de-ridouane-chahid-qui-causent-le-chaos-2","status":"publish","type":"post","link":"https:\/\/rrb.be\/rrb\/les-propos-de-ridouane-chahid-qui-causent-le-chaos-2\/","title":{"rendered":"Les propos de Ridouane Chahid qui causent le chaos"},"content":{"rendered":"\n<p>Selon Ridouane Chahid :<br>\u00ab&nbsp;<em>Les propos de Theo Francken sont aussi dangereux que les voyous qui utilisent des feux d\u2019artifices. Quand on est responsable politique, on ne tient pas ce genre de propos<\/em>\u00ab&nbsp;. Selon Ridouane Chahid, \u00ab&nbsp;<em>Theo Francken incite \u00e0 la guerre civile<\/em>\u00ab&nbsp;, rien que \u00e7a&nbsp;!<\/p>\n\n\n\n<p>Lorsque l\u2019int\u00e9grit\u00e9 physique des forces de l\u2019ordre et de tout autre citoyen est menac\u00e9e, lorsque des voyous utilisent des armes contre l\u2019autorit\u00e9, il faut une r\u00e9ponse appropri\u00e9e, \u00e7a n\u2019a rien \u00e0 voir avec une pseudo guerre civile, ce sont les propos de Ridouane Chahid qui causent le chaos, je souscris enti\u00e8rement aux d\u00e9clarations de Theo Francken. Ridouane Chahid de par ses d\u00e9clarations remet en cause le droit \u00e9l\u00e9mentaire \u00e0 la d\u00e9fense des forces de l\u2019ordre et met \u00e0 pied d\u2019\u00e9galig\u00e9 les criminels qui s\u2019attaquent aux forces de l\u2019ordre et Theo Francken qui les soutient.<\/p>\n\n\n\n<p>Chaque ann\u00e9e des faits similaires sont recens\u00e9s, cela ne peut plus durer, il faut remettre de l\u2019ordre dans nos rues non seulement lors des \u00e9v\u00e9nements, mais aussi en r\u00e8gle g\u00e9n\u00e9rale, le citoyen doit pouvoir se promener en rue en toute s\u00e9curit\u00e9, c\u2019est la base de vivre ensemble.<\/p>\n\n\n\n<p>Les forces de l\u2019ordre doivent pouvoir se d\u00e9fendre face \u00e0 toute menace, ils ont droit au retour du respect de l\u2019uniforme et les citoyens \u00e0 retrouver de la s\u00e9curit\u00e9 dans les rues&nbsp;!<\/p>\n\n\n\n<p>Ridouane Chahid s\u2019\u00e9tonne que malgr\u00e9 l\u2019interdiction, des feux d\u2019artifice sont entre les mains des citoyens et se demande pourquoi la ministre ne fait pas de contr\u00f4les aux fronti\u00e8res. Et quid des importations d\u2019armes \u00e0 feu, des drogues ilicites&nbsp;, il donne l\u2019impression de se r\u00e9veiller d\u2019une longue agonie. Ses propos sont en r\u00e9alit\u00e9 purement populistes et contre les forces de l\u2019ordre, c\u2019est indigne de sa fonction de parlementaire&nbsp;!<\/p>\n\n\n\n<p>J\u2019apporte tout mon soutien \u00e0 la police qui fait un travail remarquable malgr\u00e9 le peu de moyens dont elle dispose et les attaques incessantes contre leurs repr\u00e9sentants.<br>Je condamne fermement et sans \u00e9quivoque les propos outranciers de Ridouane Chahid&nbsp;!<\/p>\n\n\n\n<p>Par Alain Schenkels<\/p>\n\n\n\n<figure data-wp-context=\"{&quot;imageId&quot;:&quot;69f0df1394f9d&quot;}\" data-wp-interactive=\"core\/image\" data-wp-key=\"69f0df1394f9d\" class=\"wp-block-image size-full is-resized wp-lightbox-container\"><img loading=\"lazy\" decoding=\"async\" width=\"412\" height=\"421\" data-wp-class--hide=\"state.isContentHidden\" data-wp-class--show=\"state.isContentVisible\" data-wp-init=\"callbacks.setButtonStyles\" data-wp-on--click=\"actions.showLightbox\" data-wp-on--load=\"callbacks.setButtonStyles\" data-wp-on-window--resize=\"callbacks.setButtonStyles\" src=\"http:\/\/rrb.be\/rrb\/wp-content\/uploads\/2026\/01\/Alain-Schenkels-rond.png\" alt=\"\" class=\"wp-image-2009\" style=\"width:189px;height:auto\" srcset=\"https:\/\/rrb.be\/rrb\/wp-content\/uploads\/2026\/01\/Alain-Schenkels-rond.png 412w, https:\/\/rrb.be\/rrb\/wp-content\/uploads\/2026\/01\/Alain-Schenkels-rond-294x300.png 294w\" sizes=\"auto, (max-width: 412px) 100vw, 412px\" \/><button\n\t\t\tclass=\"lightbox-trigger\"\n\t\t\ttype=\"button\"\n\t\t\taria-haspopup=\"dialog\"\n\t\t\taria-label=\"Enlarge\"\n\t\t\tdata-wp-init=\"callbacks.initTriggerButton\"\n\t\t\tdata-wp-on--click=\"actions.showLightbox\"\n\t\t\tdata-wp-style--right=\"state.imageButtonRight\"\n\t\t\tdata-wp-style--top=\"state.imageButtonTop\"\n\t\t>\n\t\t\t<svg xmlns=\"http:\/\/www.w3.org\/2000\/svg\" width=\"12\" height=\"12\" fill=\"none\" viewBox=\"0 0 12 12\">\n\t\t\t\t<path fill=\"#fff\" d=\"M2 0a2 2 0 0 0-2 2v2h1.5V2a.5.5 0 0 1 .5-.5h2V0H2Zm2 10.5H2a.5.5 0 0 1-.5-.5V8H0v2a2 2 0 0 0 2 2h2v-1.5ZM8 12v-1.5h2a.5.5 0 0 0 .5-.5V8H12v2a2 2 0 0 1-2 2H8Zm2-12a2 2 0 0 1 2 2v2h-1.5V2a.5.5 0 0 0-.5-.5H8V0h2Z\" \/>\n\t\t\t<\/svg>\n\t\t<\/button><\/figure>\n\n\n\n<figure class=\"wp-block-video\"><video height=\"720\" style=\"aspect-ratio: 1280 \/ 720;\" width=\"1280\" controls src=\"https:\/\/rrb.be\/rrb\/wp-content\/uploads\/2025\/01\/Video-Ridouane-Chahid.mp4\"><\/video><\/figure>\n\n\n\n<p>Cat\u00e9gorie(s) :<\/p>\n\n\n<div class=\"taxonomy-category wp-block-post-terms\"><a href=\"https:\/\/rrb.be\/rrb\/category\/belgique\/\" rel=\"tag\">Belgique<\/a><span class=\"wp-block-post-terms__separator\">, <\/span><a href=\"https:\/\/rrb.be\/rrb\/category\/avis-de-recherche\/\" rel=\"tag\">Police &#8211; Criminalit\u00e9 &#8211; Avis de recherche<\/a><\/div>\n\n\n<p><\/p>\n","protected":false},"excerpt":{"rendered":"<p>Selon Ridouane Chahid :\u00ab&nbsp;Les propos de Theo Francken sont aussi dangereux que les voyous qui utilisent des feux d\u2019artifices. Quand on est responsable politique, on ne tient pas ce genre de propos\u00ab&nbsp;. Selon Ridouane Chahid, \u00ab&nbsp;Theo Francken incite \u00e0 la guerre civile\u00ab&nbsp;, rien que \u00e7a&nbsp;! Lorsque l\u2019int\u00e9grit\u00e9 physique des forces de l\u2019ordre et de tout [&hellip;]<\/p>\n","protected":false},"author":1,"featured_media":2898,"comment_status":"closed","ping_status":"open","sticky":false,"template":"","format":"standard","meta":{"footnotes":""},"categories":[4,11],"tags":[],"class_list":["post-2897","post","type-post","status-publish","format-standard","has-post-thumbnail","hentry","category-belgique","category-avis-de-recherche"],"_links":{"self":[{"href":"https:\/\/rrb.be\/rrb\/wp-json\/wp\/v2\/posts\/2897","targetHints":{"allow":["GET"]}}],"collection":[{"href":"https:\/\/rrb.be\/rrb\/wp-json\/wp\/v2\/posts"}],"about":[{"href":"https:\/\/rrb.be\/rrb\/wp-json\/wp\/v2\/types\/post"}],"author":[{"embeddable":true,"href":"https:\/\/rrb.be\/rrb\/wp-json\/wp\/v2\/users\/1"}],"replies":[{"embeddable":true,"href":"https:\/\/rrb.be\/rrb\/wp-json\/wp\/v2\/comments?post=2897"}],"version-history":[{"count":2,"href":"https:\/\/rrb.be\/rrb\/wp-json\/wp\/v2\/posts\/2897\/revisions"}],"predecessor-version":[{"id":2902,"href":"https:\/\/rrb.be\/rrb\/wp-json\/wp\/v2\/posts\/2897\/revisions\/2902"}],"wp:featuredmedia":[{"embeddable":true,"href":"https:\/\/rrb.be\/rrb\/wp-json\/wp\/v2\/media\/2898"}],"wp:attachment":[{"href":"https:\/\/rrb.be\/rrb\/wp-json\/wp\/v2\/media?parent=2897"}],"wp:term":[{"taxonomy":"category","embeddable":true,"href":"https:\/\/rrb.be\/rrb\/wp-json\/wp\/v2\/categories?post=2897"},{"taxonomy":"post_tag","embeddable":true,"href":"https:\/\/rrb.be\/rrb\/wp-json\/wp\/v2\/tags?post=2897"}],"curies":[{"name":"wp","href":"https:\/\/api.w.org\/{rel}","templated":true}]}}