{"id":2894,"date":"2025-07-13T22:55:45","date_gmt":"2025-07-13T22:55:45","guid":{"rendered":"https:\/\/rrb.be\/rrb\/?p=2894"},"modified":"2026-02-09T22:57:27","modified_gmt":"2026-02-09T22:57:27","slug":"les-exiles-gazaouis-reconnus-comme-refugies-en-france","status":"publish","type":"post","link":"https:\/\/rrb.be\/rrb\/les-exiles-gazaouis-reconnus-comme-refugies-en-france\/","title":{"rendered":"Les exil\u00e9s gazaouis reconnus comme r\u00e9fugi\u00e9s en France"},"content":{"rendered":"\n<p>Le 11 juillet 2025, la Cour nationale du droit d\u2019asile (CNDA) a d\u00e9cid\u00e9 que les demandeurs d\u2019asile palestiniens de la bande de Gaza, \u00ab&nbsp;pers\u00e9cut\u00e9s&nbsp;\u00bb en raison de leur nationalit\u00e9, peuvent pr\u00e9tendre au statut de r\u00e9fugi\u00e9 en France. Cette d\u00e9cision, fond\u00e9e sur la Convention de Gen\u00e8ve de 1951, marque un tournant pour les Gazaouis fuyant un territoire en crise, caract\u00e9ris\u00e9 par un blocus, des conflits et des conditions humanitaires d\u00e9sastreuses du fait du Hamas.<\/p>\n\n\n\n<p>Cette mesure garantit une protection unifi\u00e9e, facilitant l\u2019acc\u00e8s au statut de r\u00e9fugi\u00e9, avec des droits comme la r\u00e9sidence, le travail et l\u2019acc\u00e8s aux soins. En 2024, 190 Palestiniens ont demand\u00e9 l\u2019asile en France, avec un taux d\u2019acceptation de 90 %.<\/p>\n\n\n\n<blockquote class=\"wp-block-quote is-layout-flow wp-block-quote-is-layout-flow\">\n<p>Cependant, des pr\u00e9occupations \u00e9mergent suite \u00e0 l\u2019attaque du 7 octobre 2023 par Hamas, qui a caus\u00e9 plus de 1 200 morts et intensifi\u00e9 les craintes de risques s\u00e9curitaires. Rappelons que de nombreux civils Gazaouis ont particip\u00e9 aux attentats criminels du 7 octobre 2023 en Isra\u00ebl-viols, enl\u00e8vements, tortures, meurtres de b\u00e9b\u00e9s, d\u2019enfants et de femmes.<\/p>\n<\/blockquote>\n\n\n\n<p>Bien que des d\u00e9tails sur les v\u00e9rifications de s\u00e9curit\u00e9 soient limit\u00e9s, la France effectue des \u00e9valuations individuelles pour att\u00e9nuer ces risques. Cette d\u00e9cision, salu\u00e9e par les associations humanitaires, pourrait inspirer d\u2019autres pays europ\u00e9ens, mais soul\u00e8ve des questions sur la capacit\u00e9 d\u2019accueil face \u00e0 un possible afflux de demandes.<\/p>\n\n\n\n<p>Source :&nbsp;<a href=\"https:\/\/www.facebook.com\/allwithustousavecnous?__cft__[0]=AZWNH4kJmExd9qNQuZrBdOBGrqUuLjohp8PqSpYeY4E46hvcOrtST8l4dJ5ebySXHWm24UjzaQRnJED6gzB2kT_C_ps1Gyvvc_MWyXvK3TZXfx-ulcx6f954aGC9d2n8JaSreknNJum4J8ATyOHVDF-s3e4Mhfja6-GokVm8vDqRaDFKlhKAqqeOKpaThTH974Yz9Q_Pb8b2c2icEER4M4gP&amp;__tn__=-UC%2CP-R\" target=\"_blank\" rel=\"noreferrer noopener\"><strong>All With Us-Tous Avec Nous<\/strong><\/a><\/p>\n\n\n\n<p>Cat\u00e9gorie(s) :<\/p>\n\n\n<div class=\"taxonomy-category wp-block-post-terms\"><a href=\"https:\/\/rrb.be\/rrb\/category\/conflits-guerres\/guerre-israel-palestine\/\" rel=\"tag\">Guerre Isra\u00ebl Palestine<\/a><span class=\"wp-block-post-terms__separator\">, <\/span><a href=\"https:\/\/rrb.be\/rrb\/category\/international\/\" rel=\"tag\">International<\/a><\/div>","protected":false},"excerpt":{"rendered":"<p>Le 11 juillet 2025, la Cour nationale du droit d\u2019asile (CNDA) a d\u00e9cid\u00e9 que les demandeurs d\u2019asile palestiniens de la bande de Gaza, \u00ab&nbsp;pers\u00e9cut\u00e9s&nbsp;\u00bb en raison de leur nationalit\u00e9, peuvent pr\u00e9tendre au statut de r\u00e9fugi\u00e9 en France. Cette d\u00e9cision, fond\u00e9e sur la Convention de Gen\u00e8ve de 1951, marque un tournant pour les Gazaouis fuyant un [&hellip;]<\/p>\n","protected":false},"author":1,"featured_media":2895,"comment_status":"closed","ping_status":"open","sticky":false,"template":"","format":"standard","meta":{"footnotes":""},"categories":[6,5],"tags":[],"class_list":["post-2894","post","type-post","status-publish","format-standard","has-post-thumbnail","hentry","category-guerre-israel-palestine","category-international"],"_links":{"self":[{"href":"https:\/\/rrb.be\/rrb\/wp-json\/wp\/v2\/posts\/2894","targetHints":{"allow":["GET"]}}],"collection":[{"href":"https:\/\/rrb.be\/rrb\/wp-json\/wp\/v2\/posts"}],"about":[{"href":"https:\/\/rrb.be\/rrb\/wp-json\/wp\/v2\/types\/post"}],"author":[{"embeddable":true,"href":"https:\/\/rrb.be\/rrb\/wp-json\/wp\/v2\/users\/1"}],"replies":[{"embeddable":true,"href":"https:\/\/rrb.be\/rrb\/wp-json\/wp\/v2\/comments?post=2894"}],"version-history":[{"count":1,"href":"https:\/\/rrb.be\/rrb\/wp-json\/wp\/v2\/posts\/2894\/revisions"}],"predecessor-version":[{"id":2896,"href":"https:\/\/rrb.be\/rrb\/wp-json\/wp\/v2\/posts\/2894\/revisions\/2896"}],"wp:featuredmedia":[{"embeddable":true,"href":"https:\/\/rrb.be\/rrb\/wp-json\/wp\/v2\/media\/2895"}],"wp:attachment":[{"href":"https:\/\/rrb.be\/rrb\/wp-json\/wp\/v2\/media?parent=2894"}],"wp:term":[{"taxonomy":"category","embeddable":true,"href":"https:\/\/rrb.be\/rrb\/wp-json\/wp\/v2\/categories?post=2894"},{"taxonomy":"post_tag","embeddable":true,"href":"https:\/\/rrb.be\/rrb\/wp-json\/wp\/v2\/tags?post=2894"}],"curies":[{"name":"wp","href":"https:\/\/api.w.org\/{rel}","templated":true}]}}