{"id":2891,"date":"2025-05-28T22:51:30","date_gmt":"2025-05-28T22:51:30","guid":{"rendered":"https:\/\/rrb.be\/rrb\/?p=2891"},"modified":"2026-02-10T14:58:51","modified_gmt":"2026-02-10T14:58:51","slug":"les-egarements-des-amis-de-la-palestine-de-yves-caelen-institut-jonathas-le-7-octobre-la-belgique-et-moi","status":"publish","type":"post","link":"https:\/\/rrb.be\/rrb\/les-egarements-des-amis-de-la-palestine-de-yves-caelen-institut-jonathas-le-7-octobre-la-belgique-et-moi\/","title":{"rendered":"Les \u00e9garements des \u00ab amis de la Palestine \u00bb de Yves Caelen, Institut Jonathas : le 7 octobre, la Belgique et moi"},"content":{"rendered":"\n<blockquote class=\"wp-block-quote is-layout-flow wp-block-quote-is-layout-flow\">\n<p><strong><em>Le 7 octobre,\u2026 la Belgique,\u2026 Moi,\u2026 Comment d\u00e9passer la seule \u00e9motion et dire quelque chose qui puisse faire sens sur le rapprochement de ces 3 termes ? La meilleure approche \u00e0 laquelle je puisse penser est de mettre \u00e0 distance, dans un premier temps, ce qui s\u2019est pass\u00e9 le 7 octobre 2023 et ce qui s\u2019en est suivi sur place pour me concentrer sur les effets de ces \u00e9v\u00e9nements \u00e0 Bruxelles, l\u00e0 o\u00f9 je vis, l\u00e0 o\u00f9 je me trouve au moment o\u00f9 j\u2019\u00e9cris.<\/em><\/strong><\/p>\n<\/blockquote>\n\n\n\n<p>Une mani\u00e8re d\u2019apporter un peu de sens dans le chaos, pourrait \u00eatre de revenir un instant sur un incident que j\u2019ai v\u00e9cu en avril 2025 dans les rues de Bruxelles. Alors que je marchais avec un groupe ayant pour seules revendications la lib\u00e9ration des otages d\u00e9tenus par le Hamas et le cessez-le-feu (des marches pour la lib\u00e9ration des otages d\u00e9tenus \u00e0 Gaza ont lieu chaque semaine dans plusieurs villes \u00e0 travers le monde) j\u2019ai \u00e9t\u00e9 interpell\u00e9 agressivement par un inconnu au cri de \u00ab honte sur vous \u00bb. L\u2019incident pourrait sembler mineur, \u00e0 ceci pr\u00e8s qu\u2019une personne qui accompagnait cet inconnu s\u2019est, par la suite, attaqu\u00e9e physiquement, heureusement sans cons\u00e9quences graves (comme souvent, la police et les services de s\u00e9curit\u00e9 veillaient), \u00e0 d\u2019autres participants \u00e0 la fin du cort\u00e8ge. Cette agression est aussi r\u00e9v\u00e9latrice d\u2019un \u00e9tat d\u2019esprit qui semble continuer \u00e0 s\u2019\u00e9tendre dans la capitale belge. Certains de mes voisins pensent-ils donc, sans se poser trop de questions, qu\u2019il faudrait avoir honte de manifester pour la lib\u00e9ration d\u2019innocents pris en otage ?<\/p>\n\n\n\n<p>Ou alors peut-\u00eatre pensent-ils que dans ce contexte personne ne peut \u00eatre innocent ? Ou encore que les preneurs d\u2019otages sont en fait les membres d\u2019un mouvement de \u00ab r\u00e9sistance \u00bb ? Ou peut-\u00eatre, comme le dit la sagesse populaire \u00ab qu\u2019on ne fait pas d\u2019omelettes sans casser d\u2019\u0153ufs \u00bb et que la d\u00e9tention d\u2019otages est un moyen acceptable de faire triompher une cause qu\u2019ils estiment \u00eatre juste ? Mais qui, par ailleurs, a jamais vu des \u00ab r\u00e9sistants \u00bb mettre en danger les populations civiles dont ils pr\u00e9tendent d\u00e9fendre la libert\u00e9 en se livrant \u00e0 des actions de gu\u00e9rilla au sein de zones si dens\u00e9ment peupl\u00e9es ?<\/p>\n\n\n\n<p>Les questions se bousculent dans ma t\u00eate et je ne peux m\u2019emp\u00eacher de me demander si les m\u00eame personnes qui me disent \u00ab honte sur vous \u00bb m\u2019interpelleraient de la m\u00eame mani\u00e8re si je d\u00e9filais pour la lib\u00e9ration d\u2019otages pris par des islamistes dans n\u2019importe quel autre pays du monde, que ce soit au Mali, en Afghanistan, en Syrie, en Iran ou ailleurs, ou contre les attentats islamistes commis en Belgique ou en France ? Qui dans ce cas-l\u00e0 m\u2019interpellerait par un \u00ab honte sur vous \u00bb ? C\u2019est alors une (\u2026)<\/p>\n\n\n\n<p>Lire l\u2019int\u00e9gralit\u00e9 de cet excellent article sur le site de l\u2019<a href=\"https:\/\/jonathas.org\/yves-caelen\/\" target=\"_blank\" rel=\"noreferrer noopener\">Institut Jonathas<\/a><\/p>\n\n\n\n<p><em>Au tout d\u00e9but de L\u2019Imprescriptible (texte paru en 1965 dans le journal Le Monde et r\u00e9\u00e9dit\u00e9 ensuite), Vladimir Jank\u00e9l\u00e9vitch \u00e9crit ceci : \u00ab L\u2019antisionisme est une incroyable aubaine, car il nous donne la permission \u2013 et m\u00eame le droit, et m\u00eame le devoir \u2013 d\u2019\u00eatre antis\u00e9mite au nom de la d\u00e9mocratie ! L\u2019antisionisme est l\u2019antis\u00e9mitisme justifi\u00e9, mis enfin \u00e0 la port\u00e9e de tous. Il est la permission d\u2019\u00eatre d\u00e9mocratiquement antis\u00e9mite. Et si les juifs \u00e9taient eux-m\u00eames des nazis ? Ce serait merveilleux. \u00bb<br>(Extrait du texte que je vous invite \u00e0 lire sur le site de l\u2019Institut Jonathas).<\/em><\/p>\n\n\n\n<p>Par Alain Schenkels<\/p>\n\n\n\n<figure data-wp-context=\"{&quot;imageId&quot;:&quot;69f1006b326d8&quot;}\" data-wp-interactive=\"core\/image\" data-wp-key=\"69f1006b326d8\" class=\"wp-block-image size-full is-resized wp-lightbox-container\"><img loading=\"lazy\" decoding=\"async\" width=\"412\" height=\"421\" data-wp-class--hide=\"state.isContentHidden\" data-wp-class--show=\"state.isContentVisible\" data-wp-init=\"callbacks.setButtonStyles\" data-wp-on--click=\"actions.showLightbox\" data-wp-on--load=\"callbacks.setButtonStyles\" data-wp-on-window--resize=\"callbacks.setButtonStyles\" src=\"http:\/\/rrb.be\/rrb\/wp-content\/uploads\/2026\/01\/Alain-Schenkels-rond.png\" alt=\"\" class=\"wp-image-2009\" style=\"width:214px;height:auto\" srcset=\"https:\/\/rrb.be\/rrb\/wp-content\/uploads\/2026\/01\/Alain-Schenkels-rond.png 412w, https:\/\/rrb.be\/rrb\/wp-content\/uploads\/2026\/01\/Alain-Schenkels-rond-294x300.png 294w\" sizes=\"auto, (max-width: 412px) 100vw, 412px\" \/><button\n\t\t\tclass=\"lightbox-trigger\"\n\t\t\ttype=\"button\"\n\t\t\taria-haspopup=\"dialog\"\n\t\t\taria-label=\"Enlarge\"\n\t\t\tdata-wp-init=\"callbacks.initTriggerButton\"\n\t\t\tdata-wp-on--click=\"actions.showLightbox\"\n\t\t\tdata-wp-style--right=\"state.imageButtonRight\"\n\t\t\tdata-wp-style--top=\"state.imageButtonTop\"\n\t\t>\n\t\t\t<svg xmlns=\"http:\/\/www.w3.org\/2000\/svg\" width=\"12\" height=\"12\" fill=\"none\" viewBox=\"0 0 12 12\">\n\t\t\t\t<path fill=\"#fff\" d=\"M2 0a2 2 0 0 0-2 2v2h1.5V2a.5.5 0 0 1 .5-.5h2V0H2Zm2 10.5H2a.5.5 0 0 1-.5-.5V8H0v2a2 2 0 0 0 2 2h2v-1.5ZM8 12v-1.5h2a.5.5 0 0 0 .5-.5V8H12v2a2 2 0 0 1-2 2H8Zm2-12a2 2 0 0 1 2 2v2h-1.5V2a.5.5 0 0 0-.5-.5H8V0h2Z\" \/>\n\t\t\t<\/svg>\n\t\t<\/button><\/figure>\n\n\n\n<p>Cat\u00e9gorie(s) :<\/p>\n\n\n<div class=\"taxonomy-category wp-block-post-terms\"><a href=\"https:\/\/rrb.be\/rrb\/category\/antisemitisme\/\" rel=\"tag\">Antis\u00e9mitisme<\/a><span class=\"wp-block-post-terms__separator\">, <\/span><a href=\"https:\/\/rrb.be\/rrb\/category\/belgique\/\" rel=\"tag\">Belgique<\/a><span class=\"wp-block-post-terms__separator\">, <\/span><a href=\"https:\/\/rrb.be\/rrb\/category\/conflits-guerres\/\" rel=\"tag\">Conflits &#8211; Guerres<\/a><span class=\"wp-block-post-terms__separator\">, <\/span><a href=\"https:\/\/rrb.be\/rrb\/category\/conflits-guerres\/guerre-israel-palestine\/\" rel=\"tag\">Guerre Isra\u00ebl Palestine<\/a><\/div>","protected":false},"excerpt":{"rendered":"<p>Le 7 octobre,\u2026 la Belgique,\u2026 Moi,\u2026 Comment d\u00e9passer la seule \u00e9motion et dire quelque chose qui puisse faire sens sur le rapprochement de ces 3 termes ? La meilleure approche \u00e0 laquelle je puisse penser est de mettre \u00e0 distance, dans un premier temps, ce qui s\u2019est pass\u00e9 le 7 octobre 2023 et ce qui [&hellip;]<\/p>\n","protected":false},"author":1,"featured_media":2892,"comment_status":"closed","ping_status":"open","sticky":false,"template":"","format":"standard","meta":{"footnotes":""},"categories":[36,4,18,6],"tags":[],"class_list":["post-2891","post","type-post","status-publish","format-standard","has-post-thumbnail","hentry","category-antisemitisme","category-belgique","category-conflits-guerres","category-guerre-israel-palestine"],"_links":{"self":[{"href":"https:\/\/rrb.be\/rrb\/wp-json\/wp\/v2\/posts\/2891","targetHints":{"allow":["GET"]}}],"collection":[{"href":"https:\/\/rrb.be\/rrb\/wp-json\/wp\/v2\/posts"}],"about":[{"href":"https:\/\/rrb.be\/rrb\/wp-json\/wp\/v2\/types\/post"}],"author":[{"embeddable":true,"href":"https:\/\/rrb.be\/rrb\/wp-json\/wp\/v2\/users\/1"}],"replies":[{"embeddable":true,"href":"https:\/\/rrb.be\/rrb\/wp-json\/wp\/v2\/comments?post=2891"}],"version-history":[{"count":1,"href":"https:\/\/rrb.be\/rrb\/wp-json\/wp\/v2\/posts\/2891\/revisions"}],"predecessor-version":[{"id":2893,"href":"https:\/\/rrb.be\/rrb\/wp-json\/wp\/v2\/posts\/2891\/revisions\/2893"}],"wp:featuredmedia":[{"embeddable":true,"href":"https:\/\/rrb.be\/rrb\/wp-json\/wp\/v2\/media\/2892"}],"wp:attachment":[{"href":"https:\/\/rrb.be\/rrb\/wp-json\/wp\/v2\/media?parent=2891"}],"wp:term":[{"taxonomy":"category","embeddable":true,"href":"https:\/\/rrb.be\/rrb\/wp-json\/wp\/v2\/categories?post=2891"},{"taxonomy":"post_tag","embeddable":true,"href":"https:\/\/rrb.be\/rrb\/wp-json\/wp\/v2\/tags?post=2891"}],"curies":[{"name":"wp","href":"https:\/\/api.w.org\/{rel}","templated":true}]}}