{"id":2885,"date":"2024-11-24T22:43:13","date_gmt":"2024-11-24T22:43:13","guid":{"rendered":"https:\/\/rrb.be\/rrb\/?p=2885"},"modified":"2026-02-09T22:45:38","modified_gmt":"2026-02-09T22:45:38","slug":"le-ccojb-fustige-lemission-par-la-cour-penale-internationale-de-mandats-darret-contre-binyamin-netanyahu-et-yoav-gallant","status":"publish","type":"post","link":"https:\/\/rrb.be\/rrb\/le-ccojb-fustige-lemission-par-la-cour-penale-internationale-de-mandats-darret-contre-binyamin-netanyahu-et-yoav-gallant\/","title":{"rendered":"Le CCOJB fustige l\u2019\u00e9mission par la Cour p\u00e9nale internationale de mandats d\u2019arr\u00eat contre Binyamin Netanyahu et Yoav Gallant"},"content":{"rendered":"\n<blockquote class=\"wp-block-quote is-layout-flow wp-block-quote-is-layout-flow\">\n<p>Communiqu\u00e9 du Comit\u00e9 de Coordination des Organisations Juives de Belgique (CCOJB)<\/p>\n<\/blockquote>\n\n\n\n<p>Le Comit\u00e9 de Coordination des Organisations Juives de Belgique (CCOJB) s\u2019indigne quant au caract\u00e8re manifestement politique d\u2019une telle d\u00e9cision prise par la CPI.<\/p>\n\n\n\n<p>Si la CPI constitue en principe une juridiction internationale ind\u00e9pendante, il convient de mettre en \u00e9vidence ses liens structurels avec l\u2019ONU, illustr\u00e9s par l\u2019article 2 du statut de Rome portant cr\u00e9ation de la CPI, indiquant que la CPI est li\u00e9e \u00e0 l\u2019ONU par un accord, lequel est entr\u00e9 en vigueur le 4 octobre 2004.<\/p>\n\n\n\n<p>Rappelons qu\u2019Isra\u00ebl, comme d\u2019ailleurs les Etats-Unis, n\u2019a pas adh\u00e9r\u00e9 au statut de Rome.<\/p>\n\n\n\n<p>La CPI ne doit sa comp\u00e9tence \u00e0 l\u2019encontre d\u2019Isra\u00ebl que du fait que le Secr\u00e9taire g\u00e9n\u00e9ral de l\u2019ONU a autoris\u00e9 en 2015 l\u2019adh\u00e9sion de \u00ab l\u2019Etat de Palestine \u00bb au statut de Rome, d\u00e9cision politique destin\u00e9e \u00e0 placer Isra\u00ebl sous la juridiction de la CPI.<\/p>\n\n\n\n<p>Rappelons aussi que la CPI est une juridiction compl\u00e9mentaire et subsidiaire aux juridictions internes, ce qui signifie qu\u2019elle ne peut intervenir que dans l\u2019hypoth\u00e8se o\u00f9 ces juridictions internes n\u2019ont pas la volont\u00e9 ou sont dans l\u2019incapacit\u00e9 de rendre la justice, ce qui ne peut de toute \u00e9vidence \u00eatre imput\u00e9 \u00e0 un Etat de droit tel que l\u2019Etat d\u2019Isra\u00ebl.<\/p>\n\n\n\n<p>La justice isra\u00e9lienne est ind\u00e9pendante du pouvoir politique. Elle n\u2019a jamais h\u00e9sit\u00e9 \u00e0 poursuivre, \u00e0 condamner et \u00e0 emprisonner jusqu\u2019aux plus hautes personnalit\u00e9s de l\u2019Etat, tels le premier ministre ou le pr\u00e9sident.<\/p>\n\n\n\n<p>Rappelons encore que l\u2019\u00e9mission de ces mandats d\u2019arr\u00eat fond\u00e9s sur de suppos\u00e9s crimes de guerre et crimes contre l\u2019humanit\u00e9 ne d\u00e9coule en aucune fa\u00e7on d\u2019un examen au fond et ne peut pr\u00e9juger de l\u2019issue d\u2019un tel examen.<\/p>\n\n\n\n<p>Le CCOJB s\u2019indigne du fait que, pour la premi\u00e8re fois depuis sa cr\u00e9ation, la CPI d\u00e9livre des mandats d\u2019arr\u00eat \u00e0 l\u2019encontre de responsables politiques d\u2019un Etat d\u00e9mocratique, au surplus sans la moindre n\u00e9cessit\u00e9 au regard de l\u2019enqu\u00eate dont la CPI, de mani\u00e8re critiquable, a d\u00e9cid\u00e9 de se saisir.<\/p>\n\n\n\n<p>Dans ce contexte, la d\u00e9cision de la CPI constitue autant une faute juridique que morale, jetant le discr\u00e9dit sur cette juridiction.<\/p>\n\n\n\n<p>En prenant une telle d\u00e9cision, la CPI pose un acte politique majeur dont la port\u00e9e est contraire \u00e0 la paix.<\/p>\n\n\n\n<p>Le CCOJB d\u00e9nonce l\u2019\u00e9quilibre fait entre les dirigeants d\u2019un Etat d\u00e9mocratique et Mohammed De\u00eff, responsable de la branche militaire de l\u2019organisation terroriste du Hamas, pr\u00e9sum\u00e9 mort le 13 juillet 2024, \u00e0 l\u2019encontre duquel un mandat d\u2019arr\u00eat a \u00e9galement \u00e9t\u00e9 d\u00e9cern\u00e9.<\/p>\n\n\n\n<p>Il rel\u00e8ve en outre le d\u00e9s\u00e9quilibre entre les initiatives prises \u00e0 l\u2019encontre des dirigeants isra\u00e9liens et l\u2019inertie de la CPI face aux comportements de nombreux dictateurs de la plan\u00e8te.<\/p>\n\n\n\n<p>Lien vers le communiqu\u00e9 :&nbsp;<strong><a href=\"https:\/\/mailchi.mp\/17babdd3c770\/commiran-10338891\" target=\"_blank\" rel=\"noopener\" title=\"\">cliquez ICI<\/a><\/strong><\/p>\n\n\n\n<p>Cat\u00e9gorie(s) :<\/p>\n\n\n<div class=\"taxonomy-category wp-block-post-terms\"><a href=\"https:\/\/rrb.be\/rrb\/category\/conflits-guerres\/\" rel=\"tag\">Conflits &#8211; Guerres<\/a><span class=\"wp-block-post-terms__separator\">, <\/span><a href=\"https:\/\/rrb.be\/rrb\/category\/conflits-guerres\/guerre-israel-palestine\/\" rel=\"tag\">Guerre Isra\u00ebl Palestine<\/a><span class=\"wp-block-post-terms__separator\">, <\/span><a href=\"https:\/\/rrb.be\/rrb\/category\/international\/\" rel=\"tag\">International<\/a><\/div>\n\n\n<p><\/p>\n","protected":false},"excerpt":{"rendered":"<p>Communiqu\u00e9 du Comit\u00e9 de Coordination des Organisations Juives de Belgique (CCOJB) Le Comit\u00e9 de Coordination des Organisations Juives de Belgique (CCOJB) s\u2019indigne quant au caract\u00e8re manifestement politique d\u2019une telle d\u00e9cision prise par la CPI. Si la CPI constitue en principe une juridiction internationale ind\u00e9pendante, il convient de mettre en \u00e9vidence ses liens structurels avec l\u2019ONU, [&hellip;]<\/p>\n","protected":false},"author":1,"featured_media":2886,"comment_status":"closed","ping_status":"open","sticky":false,"template":"","format":"standard","meta":{"footnotes":""},"categories":[18,6,5],"tags":[],"class_list":["post-2885","post","type-post","status-publish","format-standard","has-post-thumbnail","hentry","category-conflits-guerres","category-guerre-israel-palestine","category-international"],"_links":{"self":[{"href":"https:\/\/rrb.be\/rrb\/wp-json\/wp\/v2\/posts\/2885","targetHints":{"allow":["GET"]}}],"collection":[{"href":"https:\/\/rrb.be\/rrb\/wp-json\/wp\/v2\/posts"}],"about":[{"href":"https:\/\/rrb.be\/rrb\/wp-json\/wp\/v2\/types\/post"}],"author":[{"embeddable":true,"href":"https:\/\/rrb.be\/rrb\/wp-json\/wp\/v2\/users\/1"}],"replies":[{"embeddable":true,"href":"https:\/\/rrb.be\/rrb\/wp-json\/wp\/v2\/comments?post=2885"}],"version-history":[{"count":1,"href":"https:\/\/rrb.be\/rrb\/wp-json\/wp\/v2\/posts\/2885\/revisions"}],"predecessor-version":[{"id":2887,"href":"https:\/\/rrb.be\/rrb\/wp-json\/wp\/v2\/posts\/2885\/revisions\/2887"}],"wp:featuredmedia":[{"embeddable":true,"href":"https:\/\/rrb.be\/rrb\/wp-json\/wp\/v2\/media\/2886"}],"wp:attachment":[{"href":"https:\/\/rrb.be\/rrb\/wp-json\/wp\/v2\/media?parent=2885"}],"wp:term":[{"taxonomy":"category","embeddable":true,"href":"https:\/\/rrb.be\/rrb\/wp-json\/wp\/v2\/categories?post=2885"},{"taxonomy":"post_tag","embeddable":true,"href":"https:\/\/rrb.be\/rrb\/wp-json\/wp\/v2\/tags?post=2885"}],"curies":[{"name":"wp","href":"https:\/\/api.w.org\/{rel}","templated":true}]}}