{"id":2866,"date":"2024-03-24T18:23:25","date_gmt":"2024-03-24T18:23:25","guid":{"rendered":"https:\/\/rrb.be\/rrb\/?p=2866"},"modified":"2026-02-10T15:02:14","modified_gmt":"2026-02-10T15:02:14","slug":"linquietante-montee-de-lantisemistisme","status":"publish","type":"post","link":"https:\/\/rrb.be\/rrb\/linquietante-montee-de-lantisemistisme\/","title":{"rendered":"L\u2019inqui\u00e9tante mont\u00e9e de l\u2019antis\u00e9mistisme"},"content":{"rendered":"\n<p>Depuis l\u2019attaque terroriste du Hamas le 7 octobre 2023 et la r\u00e9action militaire d\u2019Isra\u00ebl pour \u00e9liminer ce groupe terroriste, des actes antis\u00e9mites sont commis un peu partout dans le monde. A Bruxelles, le 7 mai 2024, un \u00e9tudiant juif a \u00e9t\u00e9 victime d\u2019une agression antis\u00e9mite sur le campus universitaire de l\u2019ULB. L\u2019\u00e9tudiant a \u00e9t\u00e9 pris \u00e0 partie par des occupants pro-palestiniens qui l\u2019ont insult\u00e9 et frapp\u00e9 car juif. Il s\u2019agit d\u2019une agression haineuse qui app\u00e8le \u00e0 une lutte plus forte contre l\u2019antis\u00e9mitisme.<\/p>\n\n\n\n<p>Ce lundi 20 mai c\u2019est Viviane Teitelbaum, d\u00e9put\u00e9e r\u00e9gionale qui est menac\u00e9e de mort.<\/p>\n\n\n\n<p>Un agent de Bruxelles Propret\u00e9 s\u2019est rendu coupable avec un autre coll\u00e8gue de menaces de morts verbales \u00e0 l\u2019encontre de Viviane Teitelbaum, d\u00e9put\u00e9e r\u00e9gionale en criant \u00e0 trois reprises&nbsp;<em>\u00ab&nbsp;Mort \u00e0 Viviane !&nbsp;\u00bb<\/em>&nbsp;alors qu\u2019il \u00e9tait en service.<\/p>\n\n\n\n<p>J\u2019apporte tout mon soutien \u00e0 Viviane Teitelbaum et \u00e0 toutes les victimes, ces menaces antis\u00e9mites sont inacceptables et doivent \u00eatre condamn\u00e9es avec la plus grande fermet\u00e9 ! Ces \u00e9v\u00e9nements rappellent malheureusement que les actes antis\u00e9mites sont de plus en plus courants, y compris dans les espaces cens\u00e9s \u00eatre des lieux d\u2019apprentissage et de tol\u00e9rance.<\/p>\n\n\n\n<blockquote class=\"wp-block-quote is-layout-flow wp-block-quote-is-layout-flow\">\n<p><strong>Il faut une r\u00e9ponse ferme des autorit\u00e9s et de tous les partis politiques face \u00e0 ces agissements intol\u00e9rables !<\/strong><\/p>\n<\/blockquote>\n\n\n\n<figure data-wp-context=\"{&quot;imageId&quot;:&quot;69f1005b73aee&quot;}\" data-wp-interactive=\"core\/image\" data-wp-key=\"69f1005b73aee\" class=\"wp-block-image size-large is-resized wp-lightbox-container\"><img loading=\"lazy\" decoding=\"async\" width=\"945\" height=\"1024\" data-wp-class--hide=\"state.isContentHidden\" data-wp-class--show=\"state.isContentVisible\" data-wp-init=\"callbacks.setButtonStyles\" data-wp-on--click=\"actions.showLightbox\" data-wp-on--load=\"callbacks.setButtonStyles\" data-wp-on-window--resize=\"callbacks.setButtonStyles\" src=\"https:\/\/rrb.be\/rrb\/wp-content\/uploads\/2026\/02\/Linquietante-montee-de-lantisemistisme-2-945x1024.jpg\" alt=\"\" class=\"wp-image-2868\" style=\"aspect-ratio:0.9228709251025699;width:305px;height:auto\" srcset=\"https:\/\/rrb.be\/rrb\/wp-content\/uploads\/2026\/02\/Linquietante-montee-de-lantisemistisme-2-945x1024.jpg 945w, https:\/\/rrb.be\/rrb\/wp-content\/uploads\/2026\/02\/Linquietante-montee-de-lantisemistisme-2-277x300.jpg 277w, https:\/\/rrb.be\/rrb\/wp-content\/uploads\/2026\/02\/Linquietante-montee-de-lantisemistisme-2-768x832.jpg 768w, https:\/\/rrb.be\/rrb\/wp-content\/uploads\/2026\/02\/Linquietante-montee-de-lantisemistisme-2.jpg 1179w\" sizes=\"auto, (max-width: 945px) 100vw, 945px\" \/><button\n\t\t\tclass=\"lightbox-trigger\"\n\t\t\ttype=\"button\"\n\t\t\taria-haspopup=\"dialog\"\n\t\t\taria-label=\"Enlarge\"\n\t\t\tdata-wp-init=\"callbacks.initTriggerButton\"\n\t\t\tdata-wp-on--click=\"actions.showLightbox\"\n\t\t\tdata-wp-style--right=\"state.imageButtonRight\"\n\t\t\tdata-wp-style--top=\"state.imageButtonTop\"\n\t\t>\n\t\t\t<svg xmlns=\"http:\/\/www.w3.org\/2000\/svg\" width=\"12\" height=\"12\" fill=\"none\" viewBox=\"0 0 12 12\">\n\t\t\t\t<path fill=\"#fff\" d=\"M2 0a2 2 0 0 0-2 2v2h1.5V2a.5.5 0 0 1 .5-.5h2V0H2Zm2 10.5H2a.5.5 0 0 1-.5-.5V8H0v2a2 2 0 0 0 2 2h2v-1.5ZM8 12v-1.5h2a.5.5 0 0 0 .5-.5V8H12v2a2 2 0 0 1-2 2H8Zm2-12a2 2 0 0 1 2 2v2h-1.5V2a.5.5 0 0 0-.5-.5H8V0h2Z\" \/>\n\t\t\t<\/svg>\n\t\t<\/button><\/figure>\n\n\n\n<p>Par Alain Schenkels<\/p>\n\n\n\n<figure data-wp-context=\"{&quot;imageId&quot;:&quot;69f1005b74022&quot;}\" data-wp-interactive=\"core\/image\" data-wp-key=\"69f1005b74022\" class=\"wp-block-image size-full is-resized wp-lightbox-container\"><img loading=\"lazy\" decoding=\"async\" width=\"412\" height=\"421\" data-wp-class--hide=\"state.isContentHidden\" data-wp-class--show=\"state.isContentVisible\" data-wp-init=\"callbacks.setButtonStyles\" data-wp-on--click=\"actions.showLightbox\" data-wp-on--load=\"callbacks.setButtonStyles\" data-wp-on-window--resize=\"callbacks.setButtonStyles\" src=\"http:\/\/rrb.be\/rrb\/wp-content\/uploads\/2026\/01\/Alain-Schenkels-rond.png\" alt=\"\" class=\"wp-image-2009\" style=\"width:194px;height:auto\" srcset=\"https:\/\/rrb.be\/rrb\/wp-content\/uploads\/2026\/01\/Alain-Schenkels-rond.png 412w, https:\/\/rrb.be\/rrb\/wp-content\/uploads\/2026\/01\/Alain-Schenkels-rond-294x300.png 294w\" sizes=\"auto, (max-width: 412px) 100vw, 412px\" \/><button\n\t\t\tclass=\"lightbox-trigger\"\n\t\t\ttype=\"button\"\n\t\t\taria-haspopup=\"dialog\"\n\t\t\taria-label=\"Enlarge\"\n\t\t\tdata-wp-init=\"callbacks.initTriggerButton\"\n\t\t\tdata-wp-on--click=\"actions.showLightbox\"\n\t\t\tdata-wp-style--right=\"state.imageButtonRight\"\n\t\t\tdata-wp-style--top=\"state.imageButtonTop\"\n\t\t>\n\t\t\t<svg xmlns=\"http:\/\/www.w3.org\/2000\/svg\" width=\"12\" height=\"12\" fill=\"none\" viewBox=\"0 0 12 12\">\n\t\t\t\t<path fill=\"#fff\" d=\"M2 0a2 2 0 0 0-2 2v2h1.5V2a.5.5 0 0 1 .5-.5h2V0H2Zm2 10.5H2a.5.5 0 0 1-.5-.5V8H0v2a2 2 0 0 0 2 2h2v-1.5ZM8 12v-1.5h2a.5.5 0 0 0 .5-.5V8H12v2a2 2 0 0 1-2 2H8Zm2-12a2 2 0 0 1 2 2v2h-1.5V2a.5.5 0 0 0-.5-.5H8V0h2Z\" \/>\n\t\t\t<\/svg>\n\t\t<\/button><\/figure>\n\n\n\n<p>Cat\u00e9gorie(s) :<\/p>\n\n\n<div class=\"taxonomy-category wp-block-post-terms\"><a href=\"https:\/\/rrb.be\/rrb\/category\/antisemitisme\/\" rel=\"tag\">Antis\u00e9mitisme<\/a><span class=\"wp-block-post-terms__separator\">, <\/span><a href=\"https:\/\/rrb.be\/rrb\/category\/belgique\/\" rel=\"tag\">Belgique<\/a><span class=\"wp-block-post-terms__separator\">, <\/span><a href=\"https:\/\/rrb.be\/rrb\/category\/avis-de-recherche\/\" rel=\"tag\">Police &#8211; Criminalit\u00e9 &#8211; Avis de recherche<\/a><\/div>","protected":false},"excerpt":{"rendered":"<p>Depuis l\u2019attaque terroriste du Hamas le 7 octobre 2023 et la r\u00e9action militaire d\u2019Isra\u00ebl pour \u00e9liminer ce groupe terroriste, des actes antis\u00e9mites sont commis un peu partout dans le monde. A Bruxelles, le 7 mai 2024, un \u00e9tudiant juif a \u00e9t\u00e9 victime d\u2019une agression antis\u00e9mite sur le campus universitaire de l\u2019ULB. L\u2019\u00e9tudiant a \u00e9t\u00e9 pris [&hellip;]<\/p>\n","protected":false},"author":1,"featured_media":2867,"comment_status":"closed","ping_status":"open","sticky":false,"template":"","format":"standard","meta":{"footnotes":""},"categories":[36,4,11],"tags":[],"class_list":["post-2866","post","type-post","status-publish","format-standard","has-post-thumbnail","hentry","category-antisemitisme","category-belgique","category-avis-de-recherche"],"_links":{"self":[{"href":"https:\/\/rrb.be\/rrb\/wp-json\/wp\/v2\/posts\/2866","targetHints":{"allow":["GET"]}}],"collection":[{"href":"https:\/\/rrb.be\/rrb\/wp-json\/wp\/v2\/posts"}],"about":[{"href":"https:\/\/rrb.be\/rrb\/wp-json\/wp\/v2\/types\/post"}],"author":[{"embeddable":true,"href":"https:\/\/rrb.be\/rrb\/wp-json\/wp\/v2\/users\/1"}],"replies":[{"embeddable":true,"href":"https:\/\/rrb.be\/rrb\/wp-json\/wp\/v2\/comments?post=2866"}],"version-history":[{"count":1,"href":"https:\/\/rrb.be\/rrb\/wp-json\/wp\/v2\/posts\/2866\/revisions"}],"predecessor-version":[{"id":2869,"href":"https:\/\/rrb.be\/rrb\/wp-json\/wp\/v2\/posts\/2866\/revisions\/2869"}],"wp:featuredmedia":[{"embeddable":true,"href":"https:\/\/rrb.be\/rrb\/wp-json\/wp\/v2\/media\/2867"}],"wp:attachment":[{"href":"https:\/\/rrb.be\/rrb\/wp-json\/wp\/v2\/media?parent=2866"}],"wp:term":[{"taxonomy":"category","embeddable":true,"href":"https:\/\/rrb.be\/rrb\/wp-json\/wp\/v2\/categories?post=2866"},{"taxonomy":"post_tag","embeddable":true,"href":"https:\/\/rrb.be\/rrb\/wp-json\/wp\/v2\/tags?post=2866"}],"curies":[{"name":"wp","href":"https:\/\/api.w.org\/{rel}","templated":true}]}}