{"id":2849,"date":"2024-12-10T16:52:26","date_gmt":"2024-12-10T16:52:26","guid":{"rendered":"https:\/\/rrb.be\/rrb\/?p=2849"},"modified":"2026-02-10T15:00:44","modified_gmt":"2026-02-10T15:00:44","slug":"lextreme-gauche-et-la-violence-comme-argumentaire","status":"publish","type":"post","link":"https:\/\/rrb.be\/rrb\/lextreme-gauche-et-la-violence-comme-argumentaire\/","title":{"rendered":"L\u2019extr\u00eame gauche et la violence comme argumentaire"},"content":{"rendered":"\n<p><strong>Dans une d\u00e9mocratie, les divergences d\u2019opinion sont in\u00e9vitables. Lors d\u2019un d\u00e9bat organis\u00e9 par le Centre Jean Gol, un jeune d\u2019extr\u00eame gauche a interrompu les \u00e9changes en invectivant Georges-Louis Bouchez et Louis Sarkozy. Malgr\u00e9 ces agissements, il s\u2019est vu offrir l\u2019opportunit\u00e9 de s\u2019exprimer. Cependant, sa r\u00e9ponse s\u2019est finalement limit\u00e9e \u00e0 un geste obsc\u00e8ne \u00e0 l\u2019encontre du public.<\/strong><\/p>\n\n\n\n<p>Cette attitude t\u00e9moigne d\u2019un m\u00e9pris total du d\u00e9bat d\u00e9mocratique par l\u2019extr\u00eame gauche. La violence n\u2019a jamais \u00e9t\u00e9 une solution. Il convient de f\u00e9liciter Georges-Louis Bouchez pour son sang-froid et sa volont\u00e9 de permettre \u00e0 tous de s\u2019exprimer, m\u00eame ceux qui ne partagent pas ses id\u00e9es.<\/p>\n\n\n\n<p>Pr\u00e9cision importante, face au comportement d\u00e9plac\u00e9 de ce jeune avec qui toute discussion \u00e9tait rendue impossible malgr\u00e9 l\u2019effort de Georges-Louis Bouchez de lui laisser la parole, un autre jeune protestataire a attendu qu\u2019on lui donne le micro pour poser sa question. Il n\u2019a fait aucune vague et a \u00e9cout\u00e9 la r\u00e9ponse de Georges-Louis Bouchez tout en r\u00e9pliquant mais calmement et sans insulte. <\/p>\n\n\n\n<blockquote class=\"wp-block-quote is-layout-flow wp-block-quote-is-layout-flow\">\n<p>Il faut insister sur le fait que tous les jeunes ne sont pas irrespectueux. L\u2019\u00e9nergum\u00e8ne repris dans l\u2019article d\u00e9force sa position avec une attitude extr\u00eame, seul le scandale anime cet individu.<\/p>\n<\/blockquote>\n\n\n\n<figure class=\"wp-block-gallery has-nested-images columns-default is-cropped wp-block-gallery-1 is-layout-flex wp-block-gallery-is-layout-flex\">\n<figure data-wp-context=\"{&quot;imageId&quot;:&quot;69f0f2945ae85&quot;}\" data-wp-interactive=\"core\/image\" data-wp-key=\"69f0f2945ae85\" class=\"wp-block-image size-large wp-lightbox-container\"><img loading=\"lazy\" decoding=\"async\" width=\"1024\" height=\"769\" data-wp-class--hide=\"state.isContentHidden\" data-wp-class--show=\"state.isContentVisible\" data-wp-init=\"callbacks.setButtonStyles\" data-wp-on--click=\"actions.showLightbox\" data-wp-on--load=\"callbacks.setButtonStyles\" data-wp-on-window--resize=\"callbacks.setButtonStyles\" data-id=\"2855\" src=\"https:\/\/rrb.be\/rrb\/wp-content\/uploads\/2026\/02\/Lextreme-gauche-et-la-violence-comme-argumentaire-3-1024x769.jpg\" alt=\"\" class=\"wp-image-2855\" srcset=\"https:\/\/rrb.be\/rrb\/wp-content\/uploads\/2026\/02\/Lextreme-gauche-et-la-violence-comme-argumentaire-3-1024x769.jpg 1024w, https:\/\/rrb.be\/rrb\/wp-content\/uploads\/2026\/02\/Lextreme-gauche-et-la-violence-comme-argumentaire-3-300x225.jpg 300w, https:\/\/rrb.be\/rrb\/wp-content\/uploads\/2026\/02\/Lextreme-gauche-et-la-violence-comme-argumentaire-3-768x576.jpg 768w, https:\/\/rrb.be\/rrb\/wp-content\/uploads\/2026\/02\/Lextreme-gauche-et-la-violence-comme-argumentaire-3-1536x1153.jpg 1536w, https:\/\/rrb.be\/rrb\/wp-content\/uploads\/2026\/02\/Lextreme-gauche-et-la-violence-comme-argumentaire-3.jpg 1600w\" sizes=\"auto, (max-width: 1024px) 100vw, 1024px\" \/><button\n\t\t\tclass=\"lightbox-trigger\"\n\t\t\ttype=\"button\"\n\t\t\taria-haspopup=\"dialog\"\n\t\t\taria-label=\"Enlarge\"\n\t\t\tdata-wp-init=\"callbacks.initTriggerButton\"\n\t\t\tdata-wp-on--click=\"actions.showLightbox\"\n\t\t\tdata-wp-style--right=\"state.imageButtonRight\"\n\t\t\tdata-wp-style--top=\"state.imageButtonTop\"\n\t\t>\n\t\t\t<svg xmlns=\"http:\/\/www.w3.org\/2000\/svg\" width=\"12\" height=\"12\" fill=\"none\" viewBox=\"0 0 12 12\">\n\t\t\t\t<path fill=\"#fff\" d=\"M2 0a2 2 0 0 0-2 2v2h1.5V2a.5.5 0 0 1 .5-.5h2V0H2Zm2 10.5H2a.5.5 0 0 1-.5-.5V8H0v2a2 2 0 0 0 2 2h2v-1.5ZM8 12v-1.5h2a.5.5 0 0 0 .5-.5V8H12v2a2 2 0 0 1-2 2H8Zm2-12a2 2 0 0 1 2 2v2h-1.5V2a.5.5 0 0 0-.5-.5H8V0h2Z\" \/>\n\t\t\t<\/svg>\n\t\t<\/button><\/figure>\n\n\n\n<figure data-wp-context=\"{&quot;imageId&quot;:&quot;69f0f2945b3ae&quot;}\" data-wp-interactive=\"core\/image\" data-wp-key=\"69f0f2945b3ae\" class=\"wp-block-image size-large wp-lightbox-container\"><img loading=\"lazy\" decoding=\"async\" width=\"1024\" height=\"769\" data-wp-class--hide=\"state.isContentHidden\" data-wp-class--show=\"state.isContentVisible\" data-wp-init=\"callbacks.setButtonStyles\" data-wp-on--click=\"actions.showLightbox\" data-wp-on--load=\"callbacks.setButtonStyles\" data-wp-on-window--resize=\"callbacks.setButtonStyles\" data-id=\"2854\" src=\"https:\/\/rrb.be\/rrb\/wp-content\/uploads\/2026\/02\/Lextreme-gauche-et-la-violence-comme-argumentaire-4-1024x769.jpg\" alt=\"\" class=\"wp-image-2854\" srcset=\"https:\/\/rrb.be\/rrb\/wp-content\/uploads\/2026\/02\/Lextreme-gauche-et-la-violence-comme-argumentaire-4-1024x769.jpg 1024w, https:\/\/rrb.be\/rrb\/wp-content\/uploads\/2026\/02\/Lextreme-gauche-et-la-violence-comme-argumentaire-4-300x225.jpg 300w, https:\/\/rrb.be\/rrb\/wp-content\/uploads\/2026\/02\/Lextreme-gauche-et-la-violence-comme-argumentaire-4-768x576.jpg 768w, https:\/\/rrb.be\/rrb\/wp-content\/uploads\/2026\/02\/Lextreme-gauche-et-la-violence-comme-argumentaire-4-1536x1153.jpg 1536w, https:\/\/rrb.be\/rrb\/wp-content\/uploads\/2026\/02\/Lextreme-gauche-et-la-violence-comme-argumentaire-4.jpg 1600w\" sizes=\"auto, (max-width: 1024px) 100vw, 1024px\" \/><button\n\t\t\tclass=\"lightbox-trigger\"\n\t\t\ttype=\"button\"\n\t\t\taria-haspopup=\"dialog\"\n\t\t\taria-label=\"Enlarge\"\n\t\t\tdata-wp-init=\"callbacks.initTriggerButton\"\n\t\t\tdata-wp-on--click=\"actions.showLightbox\"\n\t\t\tdata-wp-style--right=\"state.imageButtonRight\"\n\t\t\tdata-wp-style--top=\"state.imageButtonTop\"\n\t\t>\n\t\t\t<svg xmlns=\"http:\/\/www.w3.org\/2000\/svg\" width=\"12\" height=\"12\" fill=\"none\" viewBox=\"0 0 12 12\">\n\t\t\t\t<path fill=\"#fff\" d=\"M2 0a2 2 0 0 0-2 2v2h1.5V2a.5.5 0 0 1 .5-.5h2V0H2Zm2 10.5H2a.5.5 0 0 1-.5-.5V8H0v2a2 2 0 0 0 2 2h2v-1.5ZM8 12v-1.5h2a.5.5 0 0 0 .5-.5V8H12v2a2 2 0 0 1-2 2H8Zm2-12a2 2 0 0 1 2 2v2h-1.5V2a.5.5 0 0 0-.5-.5H8V0h2Z\" \/>\n\t\t\t<\/svg>\n\t\t<\/button><\/figure>\n\n\n\n<figure data-wp-context=\"{&quot;imageId&quot;:&quot;69f0f2945b7fb&quot;}\" data-wp-interactive=\"core\/image\" data-wp-key=\"69f0f2945b7fb\" class=\"wp-block-image size-large wp-lightbox-container\"><img loading=\"lazy\" decoding=\"async\" width=\"1024\" height=\"769\" data-wp-class--hide=\"state.isContentHidden\" data-wp-class--show=\"state.isContentVisible\" data-wp-init=\"callbacks.setButtonStyles\" data-wp-on--click=\"actions.showLightbox\" data-wp-on--load=\"callbacks.setButtonStyles\" data-wp-on-window--resize=\"callbacks.setButtonStyles\" data-id=\"2856\" src=\"https:\/\/rrb.be\/rrb\/wp-content\/uploads\/2026\/02\/Lextreme-gauche-et-la-violence-comme-argumentaire-5-1024x769.jpg\" alt=\"\" class=\"wp-image-2856\" srcset=\"https:\/\/rrb.be\/rrb\/wp-content\/uploads\/2026\/02\/Lextreme-gauche-et-la-violence-comme-argumentaire-5-1024x769.jpg 1024w, https:\/\/rrb.be\/rrb\/wp-content\/uploads\/2026\/02\/Lextreme-gauche-et-la-violence-comme-argumentaire-5-300x225.jpg 300w, https:\/\/rrb.be\/rrb\/wp-content\/uploads\/2026\/02\/Lextreme-gauche-et-la-violence-comme-argumentaire-5-768x577.jpg 768w, https:\/\/rrb.be\/rrb\/wp-content\/uploads\/2026\/02\/Lextreme-gauche-et-la-violence-comme-argumentaire-5.jpg 1536w\" sizes=\"auto, (max-width: 1024px) 100vw, 1024px\" \/><button\n\t\t\tclass=\"lightbox-trigger\"\n\t\t\ttype=\"button\"\n\t\t\taria-haspopup=\"dialog\"\n\t\t\taria-label=\"Enlarge\"\n\t\t\tdata-wp-init=\"callbacks.initTriggerButton\"\n\t\t\tdata-wp-on--click=\"actions.showLightbox\"\n\t\t\tdata-wp-style--right=\"state.imageButtonRight\"\n\t\t\tdata-wp-style--top=\"state.imageButtonTop\"\n\t\t>\n\t\t\t<svg xmlns=\"http:\/\/www.w3.org\/2000\/svg\" width=\"12\" height=\"12\" fill=\"none\" viewBox=\"0 0 12 12\">\n\t\t\t\t<path fill=\"#fff\" d=\"M2 0a2 2 0 0 0-2 2v2h1.5V2a.5.5 0 0 1 .5-.5h2V0H2Zm2 10.5H2a.5.5 0 0 1-.5-.5V8H0v2a2 2 0 0 0 2 2h2v-1.5ZM8 12v-1.5h2a.5.5 0 0 0 .5-.5V8H12v2a2 2 0 0 1-2 2H8Zm2-12a2 2 0 0 1 2 2v2h-1.5V2a.5.5 0 0 0-.5-.5H8V0h2Z\" \/>\n\t\t\t<\/svg>\n\t\t<\/button><\/figure>\n\n\n\n<figure data-wp-context=\"{&quot;imageId&quot;:&quot;69f0f2945bc80&quot;}\" data-wp-interactive=\"core\/image\" data-wp-key=\"69f0f2945bc80\" class=\"wp-block-image size-large wp-lightbox-container\"><img loading=\"lazy\" decoding=\"async\" width=\"1024\" height=\"769\" data-wp-class--hide=\"state.isContentHidden\" data-wp-class--show=\"state.isContentVisible\" data-wp-init=\"callbacks.setButtonStyles\" data-wp-on--click=\"actions.showLightbox\" data-wp-on--load=\"callbacks.setButtonStyles\" data-wp-on-window--resize=\"callbacks.setButtonStyles\" data-id=\"2851\" src=\"https:\/\/rrb.be\/rrb\/wp-content\/uploads\/2026\/02\/Lextreme-gauche-et-la-violence-comme-argumentaire-6-1024x769.jpg\" alt=\"\" class=\"wp-image-2851\" srcset=\"https:\/\/rrb.be\/rrb\/wp-content\/uploads\/2026\/02\/Lextreme-gauche-et-la-violence-comme-argumentaire-6-1024x769.jpg 1024w, https:\/\/rrb.be\/rrb\/wp-content\/uploads\/2026\/02\/Lextreme-gauche-et-la-violence-comme-argumentaire-6-300x225.jpg 300w, https:\/\/rrb.be\/rrb\/wp-content\/uploads\/2026\/02\/Lextreme-gauche-et-la-violence-comme-argumentaire-6-768x576.jpg 768w, https:\/\/rrb.be\/rrb\/wp-content\/uploads\/2026\/02\/Lextreme-gauche-et-la-violence-comme-argumentaire-6-1536x1153.jpg 1536w, https:\/\/rrb.be\/rrb\/wp-content\/uploads\/2026\/02\/Lextreme-gauche-et-la-violence-comme-argumentaire-6.jpg 1600w\" sizes=\"auto, (max-width: 1024px) 100vw, 1024px\" \/><button\n\t\t\tclass=\"lightbox-trigger\"\n\t\t\ttype=\"button\"\n\t\t\taria-haspopup=\"dialog\"\n\t\t\taria-label=\"Enlarge\"\n\t\t\tdata-wp-init=\"callbacks.initTriggerButton\"\n\t\t\tdata-wp-on--click=\"actions.showLightbox\"\n\t\t\tdata-wp-style--right=\"state.imageButtonRight\"\n\t\t\tdata-wp-style--top=\"state.imageButtonTop\"\n\t\t>\n\t\t\t<svg xmlns=\"http:\/\/www.w3.org\/2000\/svg\" width=\"12\" height=\"12\" fill=\"none\" viewBox=\"0 0 12 12\">\n\t\t\t\t<path fill=\"#fff\" d=\"M2 0a2 2 0 0 0-2 2v2h1.5V2a.5.5 0 0 1 .5-.5h2V0H2Zm2 10.5H2a.5.5 0 0 1-.5-.5V8H0v2a2 2 0 0 0 2 2h2v-1.5ZM8 12v-1.5h2a.5.5 0 0 0 .5-.5V8H12v2a2 2 0 0 1-2 2H8Zm2-12a2 2 0 0 1 2 2v2h-1.5V2a.5.5 0 0 0-.5-.5H8V0h2Z\" \/>\n\t\t\t<\/svg>\n\t\t<\/button><\/figure>\n\n\n\n<figure data-wp-context=\"{&quot;imageId&quot;:&quot;69f0f2945c143&quot;}\" data-wp-interactive=\"core\/image\" data-wp-key=\"69f0f2945c143\" class=\"wp-block-image size-large wp-lightbox-container\"><img loading=\"lazy\" decoding=\"async\" width=\"1024\" height=\"769\" data-wp-class--hide=\"state.isContentHidden\" data-wp-class--show=\"state.isContentVisible\" data-wp-init=\"callbacks.setButtonStyles\" data-wp-on--click=\"actions.showLightbox\" data-wp-on--load=\"callbacks.setButtonStyles\" data-wp-on-window--resize=\"callbacks.setButtonStyles\" data-id=\"2853\" src=\"https:\/\/rrb.be\/rrb\/wp-content\/uploads\/2026\/02\/Lextreme-gauche-et-la-violence-comme-argumentaire-7-1-1024x769.jpg\" alt=\"\" class=\"wp-image-2853\" srcset=\"https:\/\/rrb.be\/rrb\/wp-content\/uploads\/2026\/02\/Lextreme-gauche-et-la-violence-comme-argumentaire-7-1-1024x769.jpg 1024w, https:\/\/rrb.be\/rrb\/wp-content\/uploads\/2026\/02\/Lextreme-gauche-et-la-violence-comme-argumentaire-7-1-300x225.jpg 300w, https:\/\/rrb.be\/rrb\/wp-content\/uploads\/2026\/02\/Lextreme-gauche-et-la-violence-comme-argumentaire-7-1-768x576.jpg 768w, https:\/\/rrb.be\/rrb\/wp-content\/uploads\/2026\/02\/Lextreme-gauche-et-la-violence-comme-argumentaire-7-1-1536x1153.jpg 1536w, https:\/\/rrb.be\/rrb\/wp-content\/uploads\/2026\/02\/Lextreme-gauche-et-la-violence-comme-argumentaire-7-1.jpg 1600w\" sizes=\"auto, (max-width: 1024px) 100vw, 1024px\" \/><button\n\t\t\tclass=\"lightbox-trigger\"\n\t\t\ttype=\"button\"\n\t\t\taria-haspopup=\"dialog\"\n\t\t\taria-label=\"Enlarge\"\n\t\t\tdata-wp-init=\"callbacks.initTriggerButton\"\n\t\t\tdata-wp-on--click=\"actions.showLightbox\"\n\t\t\tdata-wp-style--right=\"state.imageButtonRight\"\n\t\t\tdata-wp-style--top=\"state.imageButtonTop\"\n\t\t>\n\t\t\t<svg xmlns=\"http:\/\/www.w3.org\/2000\/svg\" width=\"12\" height=\"12\" fill=\"none\" viewBox=\"0 0 12 12\">\n\t\t\t\t<path fill=\"#fff\" d=\"M2 0a2 2 0 0 0-2 2v2h1.5V2a.5.5 0 0 1 .5-.5h2V0H2Zm2 10.5H2a.5.5 0 0 1-.5-.5V8H0v2a2 2 0 0 0 2 2h2v-1.5ZM8 12v-1.5h2a.5.5 0 0 0 .5-.5V8H12v2a2 2 0 0 1-2 2H8Zm2-12a2 2 0 0 1 2 2v2h-1.5V2a.5.5 0 0 0-.5-.5H8V0h2Z\" \/>\n\t\t\t<\/svg>\n\t\t<\/button><\/figure>\n\n\n\n<figure data-wp-context=\"{&quot;imageId&quot;:&quot;69f0f2945c598&quot;}\" data-wp-interactive=\"core\/image\" data-wp-key=\"69f0f2945c598\" class=\"wp-block-image size-large wp-lightbox-container\"><img loading=\"lazy\" decoding=\"async\" width=\"1024\" height=\"769\" data-wp-class--hide=\"state.isContentHidden\" data-wp-class--show=\"state.isContentVisible\" data-wp-init=\"callbacks.setButtonStyles\" data-wp-on--click=\"actions.showLightbox\" data-wp-on--load=\"callbacks.setButtonStyles\" data-wp-on-window--resize=\"callbacks.setButtonStyles\" data-id=\"2852\" src=\"https:\/\/rrb.be\/rrb\/wp-content\/uploads\/2026\/02\/Lextreme-gauche-et-la-violence-comme-argumentaire-8-1024x769.jpg\" alt=\"\" class=\"wp-image-2852\" srcset=\"https:\/\/rrb.be\/rrb\/wp-content\/uploads\/2026\/02\/Lextreme-gauche-et-la-violence-comme-argumentaire-8-1024x769.jpg 1024w, https:\/\/rrb.be\/rrb\/wp-content\/uploads\/2026\/02\/Lextreme-gauche-et-la-violence-comme-argumentaire-8-300x225.jpg 300w, https:\/\/rrb.be\/rrb\/wp-content\/uploads\/2026\/02\/Lextreme-gauche-et-la-violence-comme-argumentaire-8-768x576.jpg 768w, https:\/\/rrb.be\/rrb\/wp-content\/uploads\/2026\/02\/Lextreme-gauche-et-la-violence-comme-argumentaire-8-1536x1153.jpg 1536w, https:\/\/rrb.be\/rrb\/wp-content\/uploads\/2026\/02\/Lextreme-gauche-et-la-violence-comme-argumentaire-8.jpg 1600w\" sizes=\"auto, (max-width: 1024px) 100vw, 1024px\" \/><button\n\t\t\tclass=\"lightbox-trigger\"\n\t\t\ttype=\"button\"\n\t\t\taria-haspopup=\"dialog\"\n\t\t\taria-label=\"Enlarge\"\n\t\t\tdata-wp-init=\"callbacks.initTriggerButton\"\n\t\t\tdata-wp-on--click=\"actions.showLightbox\"\n\t\t\tdata-wp-style--right=\"state.imageButtonRight\"\n\t\t\tdata-wp-style--top=\"state.imageButtonTop\"\n\t\t>\n\t\t\t<svg xmlns=\"http:\/\/www.w3.org\/2000\/svg\" width=\"12\" height=\"12\" fill=\"none\" viewBox=\"0 0 12 12\">\n\t\t\t\t<path fill=\"#fff\" d=\"M2 0a2 2 0 0 0-2 2v2h1.5V2a.5.5 0 0 1 .5-.5h2V0H2Zm2 10.5H2a.5.5 0 0 1-.5-.5V8H0v2a2 2 0 0 0 2 2h2v-1.5ZM8 12v-1.5h2a.5.5 0 0 0 .5-.5V8H12v2a2 2 0 0 1-2 2H8Zm2-12a2 2 0 0 1 2 2v2h-1.5V2a.5.5 0 0 0-.5-.5H8V0h2Z\" \/>\n\t\t\t<\/svg>\n\t\t<\/button><\/figure>\n<\/figure>\n\n\n\n<p><strong>Photo reprise par le Centre Jean Gol<\/strong><\/p>\n\n\n\n<figure data-wp-context=\"{&quot;imageId&quot;:&quot;69f0f2945cc68&quot;}\" data-wp-interactive=\"core\/image\" data-wp-key=\"69f0f2945cc68\" class=\"wp-block-image size-full is-resized wp-lightbox-container\"><img loading=\"lazy\" decoding=\"async\" width=\"849\" height=\"853\" data-wp-class--hide=\"state.isContentHidden\" data-wp-class--show=\"state.isContentVisible\" data-wp-init=\"callbacks.setButtonStyles\" data-wp-on--click=\"actions.showLightbox\" data-wp-on--load=\"callbacks.setButtonStyles\" data-wp-on-window--resize=\"callbacks.setButtonStyles\" src=\"https:\/\/rrb.be\/rrb\/wp-content\/uploads\/2026\/02\/Lextreme-gauche-et-la-violence-comme-argumentaire-2.jpg\" alt=\"\" class=\"wp-image-2857\" style=\"aspect-ratio:0.995334370139969;width:362px;height:auto\" srcset=\"https:\/\/rrb.be\/rrb\/wp-content\/uploads\/2026\/02\/Lextreme-gauche-et-la-violence-comme-argumentaire-2.jpg 849w, https:\/\/rrb.be\/rrb\/wp-content\/uploads\/2026\/02\/Lextreme-gauche-et-la-violence-comme-argumentaire-2-300x300.jpg 300w, https:\/\/rrb.be\/rrb\/wp-content\/uploads\/2026\/02\/Lextreme-gauche-et-la-violence-comme-argumentaire-2-150x150.jpg 150w, https:\/\/rrb.be\/rrb\/wp-content\/uploads\/2026\/02\/Lextreme-gauche-et-la-violence-comme-argumentaire-2-768x772.jpg 768w\" sizes=\"auto, (max-width: 849px) 100vw, 849px\" \/><button\n\t\t\tclass=\"lightbox-trigger\"\n\t\t\ttype=\"button\"\n\t\t\taria-haspopup=\"dialog\"\n\t\t\taria-label=\"Enlarge\"\n\t\t\tdata-wp-init=\"callbacks.initTriggerButton\"\n\t\t\tdata-wp-on--click=\"actions.showLightbox\"\n\t\t\tdata-wp-style--right=\"state.imageButtonRight\"\n\t\t\tdata-wp-style--top=\"state.imageButtonTop\"\n\t\t>\n\t\t\t<svg xmlns=\"http:\/\/www.w3.org\/2000\/svg\" width=\"12\" height=\"12\" fill=\"none\" viewBox=\"0 0 12 12\">\n\t\t\t\t<path fill=\"#fff\" d=\"M2 0a2 2 0 0 0-2 2v2h1.5V2a.5.5 0 0 1 .5-.5h2V0H2Zm2 10.5H2a.5.5 0 0 1-.5-.5V8H0v2a2 2 0 0 0 2 2h2v-1.5ZM8 12v-1.5h2a.5.5 0 0 0 .5-.5V8H12v2a2 2 0 0 1-2 2H8Zm2-12a2 2 0 0 1 2 2v2h-1.5V2a.5.5 0 0 0-.5-.5H8V0h2Z\" \/>\n\t\t\t<\/svg>\n\t\t<\/button><\/figure>\n\n\n\n<p>Par Alain Schenkels<\/p>\n\n\n\n<figure data-wp-context=\"{&quot;imageId&quot;:&quot;69f0f2945d02e&quot;}\" data-wp-interactive=\"core\/image\" data-wp-key=\"69f0f2945d02e\" class=\"wp-block-image size-full is-resized wp-lightbox-container\"><img loading=\"lazy\" decoding=\"async\" width=\"412\" height=\"421\" data-wp-class--hide=\"state.isContentHidden\" data-wp-class--show=\"state.isContentVisible\" data-wp-init=\"callbacks.setButtonStyles\" data-wp-on--click=\"actions.showLightbox\" data-wp-on--load=\"callbacks.setButtonStyles\" data-wp-on-window--resize=\"callbacks.setButtonStyles\" src=\"http:\/\/rrb.be\/rrb\/wp-content\/uploads\/2026\/01\/Alain-Schenkels-rond.png\" alt=\"\" class=\"wp-image-2009\" style=\"width:198px;height:auto\" srcset=\"https:\/\/rrb.be\/rrb\/wp-content\/uploads\/2026\/01\/Alain-Schenkels-rond.png 412w, https:\/\/rrb.be\/rrb\/wp-content\/uploads\/2026\/01\/Alain-Schenkels-rond-294x300.png 294w\" sizes=\"auto, (max-width: 412px) 100vw, 412px\" \/><button\n\t\t\tclass=\"lightbox-trigger\"\n\t\t\ttype=\"button\"\n\t\t\taria-haspopup=\"dialog\"\n\t\t\taria-label=\"Enlarge\"\n\t\t\tdata-wp-init=\"callbacks.initTriggerButton\"\n\t\t\tdata-wp-on--click=\"actions.showLightbox\"\n\t\t\tdata-wp-style--right=\"state.imageButtonRight\"\n\t\t\tdata-wp-style--top=\"state.imageButtonTop\"\n\t\t>\n\t\t\t<svg xmlns=\"http:\/\/www.w3.org\/2000\/svg\" width=\"12\" height=\"12\" fill=\"none\" viewBox=\"0 0 12 12\">\n\t\t\t\t<path fill=\"#fff\" d=\"M2 0a2 2 0 0 0-2 2v2h1.5V2a.5.5 0 0 1 .5-.5h2V0H2Zm2 10.5H2a.5.5 0 0 1-.5-.5V8H0v2a2 2 0 0 0 2 2h2v-1.5ZM8 12v-1.5h2a.5.5 0 0 0 .5-.5V8H12v2a2 2 0 0 1-2 2H8Zm2-12a2 2 0 0 1 2 2v2h-1.5V2a.5.5 0 0 0-.5-.5H8V0h2Z\" \/>\n\t\t\t<\/svg>\n\t\t<\/button><\/figure>\n\n\n\n<p>Cat\u00e9gorie(s) :<\/p>\n\n\n<div class=\"taxonomy-category wp-block-post-terms\"><a href=\"https:\/\/rrb.be\/rrb\/category\/antisemitisme\/\" rel=\"tag\">Antis\u00e9mitisme<\/a><span class=\"wp-block-post-terms__separator\">, <\/span><a href=\"https:\/\/rrb.be\/rrb\/category\/belgique\/\" rel=\"tag\">Belgique<\/a><span class=\"wp-block-post-terms__separator\">, <\/span><a href=\"https:\/\/rrb.be\/rrb\/category\/avis-de-recherche\/\" rel=\"tag\">Police &#8211; Criminalit\u00e9 &#8211; Avis de recherche<\/a><\/div>","protected":false},"excerpt":{"rendered":"<p>Dans une d\u00e9mocratie, les divergences d\u2019opinion sont in\u00e9vitables. Lors d\u2019un d\u00e9bat organis\u00e9 par le Centre Jean Gol, un jeune d\u2019extr\u00eame gauche a interrompu les \u00e9changes en invectivant Georges-Louis Bouchez et Louis Sarkozy. Malgr\u00e9 ces agissements, il s\u2019est vu offrir l\u2019opportunit\u00e9 de s\u2019exprimer. Cependant, sa r\u00e9ponse s\u2019est finalement limit\u00e9e \u00e0 un geste obsc\u00e8ne \u00e0 l\u2019encontre du [&hellip;]<\/p>\n","protected":false},"author":1,"featured_media":2850,"comment_status":"closed","ping_status":"open","sticky":false,"template":"","format":"standard","meta":{"footnotes":""},"categories":[36,4,11],"tags":[],"class_list":["post-2849","post","type-post","status-publish","format-standard","has-post-thumbnail","hentry","category-antisemitisme","category-belgique","category-avis-de-recherche"],"_links":{"self":[{"href":"https:\/\/rrb.be\/rrb\/wp-json\/wp\/v2\/posts\/2849","targetHints":{"allow":["GET"]}}],"collection":[{"href":"https:\/\/rrb.be\/rrb\/wp-json\/wp\/v2\/posts"}],"about":[{"href":"https:\/\/rrb.be\/rrb\/wp-json\/wp\/v2\/types\/post"}],"author":[{"embeddable":true,"href":"https:\/\/rrb.be\/rrb\/wp-json\/wp\/v2\/users\/1"}],"replies":[{"embeddable":true,"href":"https:\/\/rrb.be\/rrb\/wp-json\/wp\/v2\/comments?post=2849"}],"version-history":[{"count":1,"href":"https:\/\/rrb.be\/rrb\/wp-json\/wp\/v2\/posts\/2849\/revisions"}],"predecessor-version":[{"id":2858,"href":"https:\/\/rrb.be\/rrb\/wp-json\/wp\/v2\/posts\/2849\/revisions\/2858"}],"wp:featuredmedia":[{"embeddable":true,"href":"https:\/\/rrb.be\/rrb\/wp-json\/wp\/v2\/media\/2850"}],"wp:attachment":[{"href":"https:\/\/rrb.be\/rrb\/wp-json\/wp\/v2\/media?parent=2849"}],"wp:term":[{"taxonomy":"category","embeddable":true,"href":"https:\/\/rrb.be\/rrb\/wp-json\/wp\/v2\/categories?post=2849"},{"taxonomy":"post_tag","embeddable":true,"href":"https:\/\/rrb.be\/rrb\/wp-json\/wp\/v2\/tags?post=2849"}],"curies":[{"name":"wp","href":"https:\/\/api.w.org\/{rel}","templated":true}]}}