{"id":2842,"date":"2024-08-09T16:38:26","date_gmt":"2024-08-09T16:38:26","guid":{"rendered":"https:\/\/rrb.be\/rrb\/?p=2842"},"modified":"2026-02-10T15:01:32","modified_gmt":"2026-02-10T15:01:32","slug":"archives-jai-mal-a-mon-pays-tribune-par-georges-louis-bouchez-president-du-mr-mouvement-reformateur","status":"publish","type":"post","link":"https:\/\/rrb.be\/rrb\/archives-jai-mal-a-mon-pays-tribune-par-georges-louis-bouchez-president-du-mr-mouvement-reformateur\/","title":{"rendered":"J\u2019ai mal \u00e0 mon Pays (Tribune par Georges-Louis Bouchez, Pr\u00e9sident du MR \u2013 Mouvement R\u00e9formateur)"},"content":{"rendered":"\n<p><strong>Il y a des moments o\u00f9 l\u2019on ne peut plus se taire, des moments o\u00f9 l\u2019indignation nous submerge au point de devoir prendre la parole pour d\u00e9fendre les valeurs qui nous sont ch\u00e8res. Aujourd\u2019hui, j\u2019ai mal \u00e0 mon pays.<\/strong><\/p>\n\n\n\n<p>Apr\u00e8s l\u2019interdiction incompr\u00e9hensible du match de football entre la Belgique et Isra\u00ebl, apr\u00e8s avoir laiss\u00e9 un individu proclamer dans le magazine flamand Humo son souhait de \u00ab vouloir enfoncer un couteau pointu dans la gorge de chaque juif qu\u2019il rencontre \u00bb, voil\u00e0 que la Ville de Gand s\u2019enfonce dans le d\u00e9shonneur en emp\u00eachant des enfants de 13 \u00e0 17 ans de participer \u00e0 un tournoi de frisbee. Pourquoi ? Simplement parce qu\u2019ils sont juifs ou isra\u00e9liens.<\/p>\n\n\n\n<p>On peut avoir tous les avis du monde sur le conflit au Proche-Orient. Mais l\u00e0 n\u2019est pas mon propos. Ce que je veux souligner ici, c\u2019est qu\u2019il s\u2019agit de la Belgique. De notre d\u00e9mocratie lib\u00e9rale. Et dans cette d\u00e9mocratie, des enfants se voient refuser l\u2019acc\u00e8s \u00e0 une comp\u00e9tition sportive \u00e0 cause d\u2019extr\u00e9mistes de gauche, mais surtout \u00e0 cause d\u2019une classe politique qui fait preuve d\u2019une l\u00e2chet\u00e9 sans nom.<\/p>\n\n\n\n<p>Gand, qui se veut une Ville lumi\u00e8re, est devenue la Ville du d\u00e9shonneur. Je n\u2019ai plus de mots assez forts pour exprimer mon d\u00e9go\u00fbt face \u00e0 tant d\u2019injustice. Comment accepter qu\u2019en Belgique, au 21\u00e8me si\u00e8cle, des \u00eatres humains soient trait\u00e9s diff\u00e9remment uniquement parce qu\u2019ils sont juifs ou isra\u00e9liens ? Le plus alarmant, c\u2019est que cela ne semble choquer personne.<\/p>\n\n\n\n<p>Cette presse, habituellement si prompte \u00e0 nous expliquer le bien et le mal, semble curieusement silencieuse lorsqu\u2019il s\u2019agit des juifs. Mais imaginez un instant remplacer le mot \u00ab juif \u00bb ou \u00ab isra\u00e9lien \u00bb par une autre confession, culture ou nationalit\u00e9, et vous auriez l\u00e0 le scandale du si\u00e8cle.<\/p>\n\n\n\n<p>Rappelons-le, tout cela n\u2019a rien \u00e0 voir avec le Proche-Orient. Rien du tout. En Belgique, nous ne traitons pas les ressortissants de diff\u00e9rents pays en fonction de l\u2019\u00e9tat des droits de l\u2019Homme dans leur pays d\u2019origine. Bien au contraire, nous d\u00e9roulons le tapis rouge \u00e0 toute une s\u00e9rie de dictatures et de r\u00e9gimes autoritaires, ce que n\u2019est pas Isra\u00ebl d\u2019ailleurs. Ce que nous voyons ici, c\u2019est simplement cet antis\u00e9mitisme latent, qui est le premier signe de menace sur notre d\u00e9mocratie.<\/p>\n\n\n\n<p>Aujourd\u2019hui, la menace est autant \u00e0 l\u2019extr\u00eame droite qu\u2019\u00e0 l\u2019extr\u00eame gauche, mais elle r\u00e9side surtout dans l\u2019indignation s\u00e9lective des bien-pensants de ce pays.<\/p>\n\n\n\n<p>Le Mouvement R\u00e9formateur ne restera pas les bras crois\u00e9s. Nous prendrons des dispositions dans les accords de gouvernement pour que de telles infamies ne puissent plus jamais se produire. Car il est de notre devoir de d\u00e9fendre les valeurs qui font la Belgique, une d\u00e9mocratie o\u00f9 chaque citoyen doit \u00eatre trait\u00e9 avec \u00e9galit\u00e9 et respect, sans distinction de religion ou de nationalit\u00e9.<\/p>\n\n\n\n<p>Georges-Louis Bouchez<br>Pr\u00e9sident du Mouvement R\u00e9formateur<\/p>\n\n\n\n<p>Cat\u00e9gorie(s) :<\/p>\n\n\n<div class=\"taxonomy-category wp-block-post-terms\"><a href=\"https:\/\/rrb.be\/rrb\/category\/antisemitisme\/\" rel=\"tag\">Antis\u00e9mitisme<\/a><span class=\"wp-block-post-terms__separator\">, <\/span><a href=\"https:\/\/rrb.be\/rrb\/category\/belgique\/\" rel=\"tag\">Belgique<\/a><span class=\"wp-block-post-terms__separator\">, <\/span><a href=\"https:\/\/rrb.be\/rrb\/category\/conflits-guerres\/guerre-israel-palestine\/\" rel=\"tag\">Guerre Isra\u00ebl Palestine<\/a><\/div>","protected":false},"excerpt":{"rendered":"<p>Il y a des moments o\u00f9 l\u2019on ne peut plus se taire, des moments o\u00f9 l\u2019indignation nous submerge au point de devoir prendre la parole pour d\u00e9fendre les valeurs qui nous sont ch\u00e8res. Aujourd\u2019hui, j\u2019ai mal \u00e0 mon pays. Apr\u00e8s l\u2019interdiction incompr\u00e9hensible du match de football entre la Belgique et Isra\u00ebl, apr\u00e8s avoir laiss\u00e9 un [&hellip;]<\/p>\n","protected":false},"author":1,"featured_media":2843,"comment_status":"closed","ping_status":"open","sticky":false,"template":"","format":"standard","meta":{"footnotes":""},"categories":[36,4,6],"tags":[],"class_list":["post-2842","post","type-post","status-publish","format-standard","has-post-thumbnail","hentry","category-antisemitisme","category-belgique","category-guerre-israel-palestine"],"_links":{"self":[{"href":"https:\/\/rrb.be\/rrb\/wp-json\/wp\/v2\/posts\/2842","targetHints":{"allow":["GET"]}}],"collection":[{"href":"https:\/\/rrb.be\/rrb\/wp-json\/wp\/v2\/posts"}],"about":[{"href":"https:\/\/rrb.be\/rrb\/wp-json\/wp\/v2\/types\/post"}],"author":[{"embeddable":true,"href":"https:\/\/rrb.be\/rrb\/wp-json\/wp\/v2\/users\/1"}],"replies":[{"embeddable":true,"href":"https:\/\/rrb.be\/rrb\/wp-json\/wp\/v2\/comments?post=2842"}],"version-history":[{"count":2,"href":"https:\/\/rrb.be\/rrb\/wp-json\/wp\/v2\/posts\/2842\/revisions"}],"predecessor-version":[{"id":3175,"href":"https:\/\/rrb.be\/rrb\/wp-json\/wp\/v2\/posts\/2842\/revisions\/3175"}],"wp:featuredmedia":[{"embeddable":true,"href":"https:\/\/rrb.be\/rrb\/wp-json\/wp\/v2\/media\/2843"}],"wp:attachment":[{"href":"https:\/\/rrb.be\/rrb\/wp-json\/wp\/v2\/media?parent=2842"}],"wp:term":[{"taxonomy":"category","embeddable":true,"href":"https:\/\/rrb.be\/rrb\/wp-json\/wp\/v2\/categories?post=2842"},{"taxonomy":"post_tag","embeddable":true,"href":"https:\/\/rrb.be\/rrb\/wp-json\/wp\/v2\/tags?post=2842"}],"curies":[{"name":"wp","href":"https:\/\/api.w.org\/{rel}","templated":true}]}}