{"id":2839,"date":"2025-06-24T16:35:05","date_gmt":"2025-06-24T16:35:05","guid":{"rendered":"https:\/\/rrb.be\/rrb\/?p=2839"},"modified":"2026-02-09T16:37:06","modified_gmt":"2026-02-09T16:37:06","slug":"israel-promet-une-reponse-ferme-a-la-violation-du-cessez-le-feu-par-liran-declare-katz-le-ministre-de-la-defense","status":"publish","type":"post","link":"https:\/\/rrb.be\/rrb\/israel-promet-une-reponse-ferme-a-la-violation-du-cessez-le-feu-par-liran-declare-katz-le-ministre-de-la-defense\/","title":{"rendered":"Isra\u00ebl promet une r\u00e9ponse ferme \u00e0 la violation du cessez-le-feu par l\u2019Iran, d\u00e9clare Katz, le ministre de la D\u00e9fense"},"content":{"rendered":"\n<p>Dans une d\u00e9claration officielle, le ministre isra\u00e9lien de la D\u00e9fense, Israel Katz a d\u00e9clar\u00e9 : \u00ab <em>J\u2019ai ordonn\u00e9 \u00e0 l\u2019arm\u00e9e isra\u00e9lienne de r\u00e9agir fermement \u00e0 la violation du cessez-le-feu par l\u2019Iran et de mener des frappes puissantes contre des cibles du r\u00e9gime au c\u0153ur m\u00eame de T\u00e9h\u00e9ran. <\/em>\u00bb Il confirm\u00e9 mardi avoir ordonn\u00e9 \u00e0 l\u2019arm\u00e9e isra\u00e9lienne de r\u00e9agir avec force \u00e0 ce qu\u2019il a d\u00e9crit comme une violation du cessez-le-feu par l\u2019Iran, apr\u00e8s que des roquettes ont \u00e9t\u00e9 tir\u00e9es depuis la R\u00e9publique islamique vers Isra\u00ebl.<\/p>\n\n\n\n<p>Cette prise de position survient peu apr\u00e8s que le pr\u00e9sident am\u00e9ricain Donald Trump a annonc\u00e9 un processus de cessez-le-feu progressif entre l\u2019Iran et Isra\u00ebl. Ce m\u00e9canisme, cens\u00e9 s\u2019instaurer par \u00e9tapes, avait pour objectif d\u2019interrompre douze jours de mont\u00e9e en tension et d\u2019\u00e9viter un embrasement g\u00e9n\u00e9ralis\u00e9 de la r\u00e9gion. Bien que le nombre exact de roquettes tir\u00e9es et leurs cons\u00e9quences potentielles restent inconnus, toute riposte isra\u00e9lienne pourrait fragiliser la tr\u00eave laborieusement n\u00e9goci\u00e9e par les \u00c9tats-Unis.<\/p>\n\n\n\n<p>Malgr\u00e9 tout, la situation demeure tendue. Si la cessation des hostilit\u00e9s a \u00e9t\u00e9 salu\u00e9e par certains responsables locaux, \u00e0 l\u2019image du pr\u00e9sident du Kurdistan Nechirvan Barzani, les derniers \u00e9v\u00e9nements risquent de relancer la spirale de la confrontation. Isra\u00ebl, en vertu de son droit l\u00e9gitime \u00e0 l\u2019autod\u00e9fense, r\u00e9affirme sa volont\u00e9 de r\u00e9pondre militairement \u00e0 toute attaque ou provocation.<\/p>\n\n\n\n<p>La dynamique reste impr\u00e9visible, alors que les deux camps continuent de se renvoyer la responsabilit\u00e9 des incidents, tandis que la communaut\u00e9 internationale scrute attentivement la situation, pr\u00eate \u00e0 r\u00e9agir en cas de nouvelle escalade ou, au contraire, de signes d\u2019apaisement.<\/p>\n\n\n\n<p>Par Alain Schenkels<\/p>\n\n\n\n<figure data-wp-context=\"{&quot;imageId&quot;:&quot;69f0f294534ff&quot;}\" data-wp-interactive=\"core\/image\" data-wp-key=\"69f0f294534ff\" class=\"wp-block-image size-full is-resized wp-lightbox-container\"><img loading=\"lazy\" decoding=\"async\" width=\"395\" height=\"632\" data-wp-class--hide=\"state.isContentHidden\" data-wp-class--show=\"state.isContentVisible\" data-wp-init=\"callbacks.setButtonStyles\" data-wp-on--click=\"actions.showLightbox\" data-wp-on--load=\"callbacks.setButtonStyles\" data-wp-on-window--resize=\"callbacks.setButtonStyles\" src=\"http:\/\/rrb.be\/rrb\/wp-content\/uploads\/2026\/01\/Alain-Schenkels-Profil.png\" alt=\"\" class=\"wp-image-2062\" style=\"width:151px;height:auto\" srcset=\"https:\/\/rrb.be\/rrb\/wp-content\/uploads\/2026\/01\/Alain-Schenkels-Profil.png 395w, https:\/\/rrb.be\/rrb\/wp-content\/uploads\/2026\/01\/Alain-Schenkels-Profil-188x300.png 188w\" sizes=\"auto, (max-width: 395px) 100vw, 395px\" \/><button\n\t\t\tclass=\"lightbox-trigger\"\n\t\t\ttype=\"button\"\n\t\t\taria-haspopup=\"dialog\"\n\t\t\taria-label=\"Enlarge\"\n\t\t\tdata-wp-init=\"callbacks.initTriggerButton\"\n\t\t\tdata-wp-on--click=\"actions.showLightbox\"\n\t\t\tdata-wp-style--right=\"state.imageButtonRight\"\n\t\t\tdata-wp-style--top=\"state.imageButtonTop\"\n\t\t>\n\t\t\t<svg xmlns=\"http:\/\/www.w3.org\/2000\/svg\" width=\"12\" height=\"12\" fill=\"none\" viewBox=\"0 0 12 12\">\n\t\t\t\t<path fill=\"#fff\" d=\"M2 0a2 2 0 0 0-2 2v2h1.5V2a.5.5 0 0 1 .5-.5h2V0H2Zm2 10.5H2a.5.5 0 0 1-.5-.5V8H0v2a2 2 0 0 0 2 2h2v-1.5ZM8 12v-1.5h2a.5.5 0 0 0 .5-.5V8H12v2a2 2 0 0 1-2 2H8Zm2-12a2 2 0 0 1 2 2v2h-1.5V2a.5.5 0 0 0-.5-.5H8V0h2Z\" \/>\n\t\t\t<\/svg>\n\t\t<\/button><\/figure>\n\n\n\n<p>Cat\u00e9gorie(s) :<\/p>\n\n\n<div class=\"taxonomy-category wp-block-post-terms\"><a href=\"https:\/\/rrb.be\/rrb\/category\/conflits-guerres\/\" rel=\"tag\">Conflits &#8211; Guerres<\/a><span class=\"wp-block-post-terms__separator\">, <\/span><a href=\"https:\/\/rrb.be\/rrb\/category\/conflits-guerres\/guerre-israel-palestine\/\" rel=\"tag\">Guerre Isra\u00ebl Palestine<\/a><\/div>\n\n\n<p><\/p>\n","protected":false},"excerpt":{"rendered":"<p>Dans une d\u00e9claration officielle, le ministre isra\u00e9lien de la D\u00e9fense, Israel Katz a d\u00e9clar\u00e9 : \u00ab J\u2019ai ordonn\u00e9 \u00e0 l\u2019arm\u00e9e isra\u00e9lienne de r\u00e9agir fermement \u00e0 la violation du cessez-le-feu par l\u2019Iran et de mener des frappes puissantes contre des cibles du r\u00e9gime au c\u0153ur m\u00eame de T\u00e9h\u00e9ran. \u00bb Il confirm\u00e9 mardi avoir ordonn\u00e9 \u00e0 l\u2019arm\u00e9e [&hellip;]<\/p>\n","protected":false},"author":1,"featured_media":2840,"comment_status":"closed","ping_status":"open","sticky":false,"template":"","format":"standard","meta":{"footnotes":""},"categories":[18,6],"tags":[],"class_list":["post-2839","post","type-post","status-publish","format-standard","has-post-thumbnail","hentry","category-conflits-guerres","category-guerre-israel-palestine"],"_links":{"self":[{"href":"https:\/\/rrb.be\/rrb\/wp-json\/wp\/v2\/posts\/2839","targetHints":{"allow":["GET"]}}],"collection":[{"href":"https:\/\/rrb.be\/rrb\/wp-json\/wp\/v2\/posts"}],"about":[{"href":"https:\/\/rrb.be\/rrb\/wp-json\/wp\/v2\/types\/post"}],"author":[{"embeddable":true,"href":"https:\/\/rrb.be\/rrb\/wp-json\/wp\/v2\/users\/1"}],"replies":[{"embeddable":true,"href":"https:\/\/rrb.be\/rrb\/wp-json\/wp\/v2\/comments?post=2839"}],"version-history":[{"count":1,"href":"https:\/\/rrb.be\/rrb\/wp-json\/wp\/v2\/posts\/2839\/revisions"}],"predecessor-version":[{"id":2841,"href":"https:\/\/rrb.be\/rrb\/wp-json\/wp\/v2\/posts\/2839\/revisions\/2841"}],"wp:featuredmedia":[{"embeddable":true,"href":"https:\/\/rrb.be\/rrb\/wp-json\/wp\/v2\/media\/2840"}],"wp:attachment":[{"href":"https:\/\/rrb.be\/rrb\/wp-json\/wp\/v2\/media?parent=2839"}],"wp:term":[{"taxonomy":"category","embeddable":true,"href":"https:\/\/rrb.be\/rrb\/wp-json\/wp\/v2\/categories?post=2839"},{"taxonomy":"post_tag","embeddable":true,"href":"https:\/\/rrb.be\/rrb\/wp-json\/wp\/v2\/tags?post=2839"}],"curies":[{"name":"wp","href":"https:\/\/api.w.org\/{rel}","templated":true}]}}