{"id":2825,"date":"2025-01-05T15:42:11","date_gmt":"2025-01-05T15:42:11","guid":{"rendered":"https:\/\/rrb.be\/rrb\/?p=2825"},"modified":"2026-02-09T15:45:08","modified_gmt":"2026-02-09T15:45:08","slug":"theo-francken-n-va-sur-les-emeutes-de-nouvel-an","status":"publish","type":"post","link":"https:\/\/rrb.be\/rrb\/theo-francken-n-va-sur-les-emeutes-de-nouvel-an\/","title":{"rendered":"Theo Francken (N-VA) sur les \u00e9meutes de Nouvel An"},"content":{"rendered":"\n<p><strong>Le canon \u00e0 feux d\u2019artifice est une arme lourde, il peut blesser gravement des personnes. Les r\u00e8gles d\u2019engagement doivent \u00eatre ajust\u00e9es. Le FN 303 devrait pouvoir \u00eatre utilis\u00e9 la prochaine fois. Une contre-force arm\u00e9e cr\u00e9dible doit \u00eatre d\u00e9ploy\u00e9e, sinon la situation ne fera qu\u2019empirer. La rue et le domaine public appartiennent au gouvernement, et non \u00e0 ces ordures.<\/strong><\/p>\n\n\n\n<p>Un canon de feu d\u2019artifice est une arme.<br>Un cocktail Molotov est une arme.<br>Un bazooka de feux d\u2019artifice est une arme.<\/p>\n\n\n\n<p>Attaquer la police, voire les pompiers et les ambulances, constitue un d\u00e9lit grave.<\/p>\n\n\n\n<p>La police doit disposer d\u2019un pouvoir compensateur proportionn\u00e9. Le FN303 est une arme non l\u00e9tale utilis\u00e9e par le corps d\u2019intervention sp\u00e9cial \u00e0 Anvers et par la D\u00e9fense.<\/p>\n\n\n\n<p>Pour certains, le r\u00e9veillon du Nouvel An est l\u2019occasion annuelle d\u2019organiser une sorte de guerre civile de rue, cela doit cesser. \u00c0 titre pr\u00e9ventif, les assignations \u00e0 r\u00e9sidence doivent \u00eatre impos\u00e9es en masse et, \u00e0 titre r\u00e9pressif, des moyens de force proportionn\u00e9s doivent \u00eatre mis \u00e0 la disposition de la police. Vous n\u2019arriverez \u00e0 rien contre ces gangs avec un canon \u00e0 eau et une matraque.<\/p>\n\n\n\n<p>La rue et le domaine public appartiennent au gouvernement et non \u00e0 cet ordures.<br>Assez, c\u2019est assez.<\/p>\n\n\n\n<p>Theo Francken, Ministre de la D\u00e9fense<\/p>\n\n\n\n<hr class=\"wp-block-separator has-alpha-channel-opacity\"\/>\n\n\n\n<p>Je souscris enti\u00e8rement aux d\u00e9clarations de Theo Francken, lorsque l\u2019int\u00e9grit\u00e9 physique des forces de l\u2019ordre et de tout autre citoyen est menac\u00e9e, lorsque des voyous utilisent des armes contre l\u2019autorit\u00e9, il faut une r\u00e9ponse appropri\u00e9e.<\/p>\n\n\n\n<p>Chaque ann\u00e9e des faits similaires sont recens\u00e9s, cela ne peut plus durer, il faut remettre de l\u2019ordre da nos rues non seulement lors des \u00e9v\u00e9nements, mais aussi en r\u00e8gle g\u00e9n\u00e9ral, le citoyen doit pouvoir se promener en rue en toute s\u00e9curit\u00e9, c\u2019est la base de vivre ensemble.<\/p>\n\n\n\n<p>Par Alain Schenkels<\/p>\n\n\n\n<figure data-wp-context=\"{&quot;imageId&quot;:&quot;69f0ed58a86f7&quot;}\" data-wp-interactive=\"core\/image\" data-wp-key=\"69f0ed58a86f7\" class=\"wp-block-image size-full is-resized wp-lightbox-container\"><img loading=\"lazy\" decoding=\"async\" width=\"412\" height=\"421\" data-wp-class--hide=\"state.isContentHidden\" data-wp-class--show=\"state.isContentVisible\" data-wp-init=\"callbacks.setButtonStyles\" data-wp-on--click=\"actions.showLightbox\" data-wp-on--load=\"callbacks.setButtonStyles\" data-wp-on-window--resize=\"callbacks.setButtonStyles\" src=\"http:\/\/rrb.be\/rrb\/wp-content\/uploads\/2026\/01\/Alain-Schenkels-rond.png\" alt=\"\" class=\"wp-image-2009\" style=\"width:230px;height:auto\" srcset=\"https:\/\/rrb.be\/rrb\/wp-content\/uploads\/2026\/01\/Alain-Schenkels-rond.png 412w, https:\/\/rrb.be\/rrb\/wp-content\/uploads\/2026\/01\/Alain-Schenkels-rond-294x300.png 294w\" sizes=\"auto, (max-width: 412px) 100vw, 412px\" \/><button\n\t\t\tclass=\"lightbox-trigger\"\n\t\t\ttype=\"button\"\n\t\t\taria-haspopup=\"dialog\"\n\t\t\taria-label=\"Enlarge\"\n\t\t\tdata-wp-init=\"callbacks.initTriggerButton\"\n\t\t\tdata-wp-on--click=\"actions.showLightbox\"\n\t\t\tdata-wp-style--right=\"state.imageButtonRight\"\n\t\t\tdata-wp-style--top=\"state.imageButtonTop\"\n\t\t>\n\t\t\t<svg xmlns=\"http:\/\/www.w3.org\/2000\/svg\" width=\"12\" height=\"12\" fill=\"none\" viewBox=\"0 0 12 12\">\n\t\t\t\t<path fill=\"#fff\" d=\"M2 0a2 2 0 0 0-2 2v2h1.5V2a.5.5 0 0 1 .5-.5h2V0H2Zm2 10.5H2a.5.5 0 0 1-.5-.5V8H0v2a2 2 0 0 0 2 2h2v-1.5ZM8 12v-1.5h2a.5.5 0 0 0 .5-.5V8H12v2a2 2 0 0 1-2 2H8Zm2-12a2 2 0 0 1 2 2v2h-1.5V2a.5.5 0 0 0-.5-.5H8V0h2Z\" \/>\n\t\t\t<\/svg>\n\t\t<\/button><\/figure>\n\n\n\n<p>Cat\u00e9gorie(s)<\/p>\n\n\n<div class=\"taxonomy-category wp-block-post-terms\"><a href=\"https:\/\/rrb.be\/rrb\/category\/belgique\/\" rel=\"tag\">Belgique<\/a><span class=\"wp-block-post-terms__separator\">, <\/span><a href=\"https:\/\/rrb.be\/rrb\/category\/avis-de-recherche\/\" rel=\"tag\">Police &#8211; Criminalit\u00e9 &#8211; Avis de recherche<\/a><\/div>","protected":false},"excerpt":{"rendered":"<p>Le canon \u00e0 feux d\u2019artifice est une arme lourde, il peut blesser gravement des personnes. Les r\u00e8gles d\u2019engagement doivent \u00eatre ajust\u00e9es. Le FN 303 devrait pouvoir \u00eatre utilis\u00e9 la prochaine fois. Une contre-force arm\u00e9e cr\u00e9dible doit \u00eatre d\u00e9ploy\u00e9e, sinon la situation ne fera qu\u2019empirer. La rue et le domaine public appartiennent au gouvernement, et non [&hellip;]<\/p>\n","protected":false},"author":1,"featured_media":2826,"comment_status":"closed","ping_status":"open","sticky":false,"template":"","format":"standard","meta":{"footnotes":""},"categories":[4,11],"tags":[],"class_list":["post-2825","post","type-post","status-publish","format-standard","has-post-thumbnail","hentry","category-belgique","category-avis-de-recherche"],"_links":{"self":[{"href":"https:\/\/rrb.be\/rrb\/wp-json\/wp\/v2\/posts\/2825","targetHints":{"allow":["GET"]}}],"collection":[{"href":"https:\/\/rrb.be\/rrb\/wp-json\/wp\/v2\/posts"}],"about":[{"href":"https:\/\/rrb.be\/rrb\/wp-json\/wp\/v2\/types\/post"}],"author":[{"embeddable":true,"href":"https:\/\/rrb.be\/rrb\/wp-json\/wp\/v2\/users\/1"}],"replies":[{"embeddable":true,"href":"https:\/\/rrb.be\/rrb\/wp-json\/wp\/v2\/comments?post=2825"}],"version-history":[{"count":1,"href":"https:\/\/rrb.be\/rrb\/wp-json\/wp\/v2\/posts\/2825\/revisions"}],"predecessor-version":[{"id":2827,"href":"https:\/\/rrb.be\/rrb\/wp-json\/wp\/v2\/posts\/2825\/revisions\/2827"}],"wp:featuredmedia":[{"embeddable":true,"href":"https:\/\/rrb.be\/rrb\/wp-json\/wp\/v2\/media\/2826"}],"wp:attachment":[{"href":"https:\/\/rrb.be\/rrb\/wp-json\/wp\/v2\/media?parent=2825"}],"wp:term":[{"taxonomy":"category","embeddable":true,"href":"https:\/\/rrb.be\/rrb\/wp-json\/wp\/v2\/categories?post=2825"},{"taxonomy":"post_tag","embeddable":true,"href":"https:\/\/rrb.be\/rrb\/wp-json\/wp\/v2\/tags?post=2825"}],"curies":[{"name":"wp","href":"https:\/\/api.w.org\/{rel}","templated":true}]}}