{"id":2820,"date":"2024-02-26T15:36:58","date_gmt":"2024-02-26T15:36:58","guid":{"rendered":"https:\/\/rrb.be\/rrb\/?p=2820"},"modified":"2026-02-09T15:40:32","modified_gmt":"2026-02-09T15:40:32","slug":"archives-salon-de-geneve-gims-presentation-renault-5-electrique","status":"publish","type":"post","link":"https:\/\/rrb.be\/rrb\/archives-salon-de-geneve-gims-presentation-renault-5-electrique\/","title":{"rendered":"Archives : Salon de Gen\u00e8ve GIMS, pr\u00e9sentation Renault 5 \u00e9lectrique"},"content":{"rendered":"\n<h3 class=\"wp-block-heading\">La nouvelle Renault 5 \u00e9lectrique \u00e9tait pr\u00e9sent\u00e9e en avant premi\u00e8re au \u00ab&nbsp;petit&nbsp;\u00bb salon de Gen\u00e8ve.<\/h3>\n\n\n\n<p>Disparu depuis la Covid, le Salon revient au m\u00eame endroit directement accessible \u00e0 pied depuis l\u2019a\u00e9roport, mais dans un tout petit espace attendu que peu de marques ont fait le d\u00e9placement. Apr\u00e8s avoir connu les belles ann\u00e9es de ce salon ou les deux journ\u00e9es de presse \u00e9taient indispensables pour faire le tour, cette ann\u00e9e en quelques heures de tour du salon est boucl\u00e9.<\/p>\n\n\n\n<p>De nombreux nouveaux constructeurs chinois \u00e9taient par contre bien pr\u00e9sent essentiellement avec des voitures \u00e9lectriques, si les constructeurs europ\u00e9ens sont en danger, ils en sont partiellement responsables n\u2019h\u00e9sitant pas pour certains \u00e0 construire une partie de leur production en Chine.<\/p>\n\n\n\n<p><strong>Quelques photos de la R5 \u00e9lectrique :<\/strong><\/p>\n\n\n\n<figure class=\"wp-block-gallery has-nested-images columns-default is-cropped wp-block-gallery-1 is-layout-flex wp-block-gallery-is-layout-flex\">\n<figure data-wp-context=\"{&quot;imageId&quot;:&quot;69f0f270b312d&quot;}\" data-wp-interactive=\"core\/image\" data-wp-key=\"69f0f270b312d\" class=\"wp-block-image size-large wp-lightbox-container\"><img loading=\"lazy\" decoding=\"async\" width=\"1024\" height=\"682\" data-wp-class--hide=\"state.isContentHidden\" data-wp-class--show=\"state.isContentVisible\" data-wp-init=\"callbacks.setButtonStyles\" data-wp-on--click=\"actions.showLightbox\" data-wp-on--load=\"callbacks.setButtonStyles\" data-wp-on-window--resize=\"callbacks.setButtonStyles\" data-id=\"2823\" src=\"https:\/\/rrb.be\/rrb\/wp-content\/uploads\/2026\/02\/Salon-de-Geneve-GIMS-presentation-Renault-5-electrique-2-1024x682.jpg\" alt=\"\" class=\"wp-image-2823\" srcset=\"https:\/\/rrb.be\/rrb\/wp-content\/uploads\/2026\/02\/Salon-de-Geneve-GIMS-presentation-Renault-5-electrique-2-1024x682.jpg 1024w, https:\/\/rrb.be\/rrb\/wp-content\/uploads\/2026\/02\/Salon-de-Geneve-GIMS-presentation-Renault-5-electrique-2-300x200.jpg 300w, https:\/\/rrb.be\/rrb\/wp-content\/uploads\/2026\/02\/Salon-de-Geneve-GIMS-presentation-Renault-5-electrique-2-768x512.jpg 768w, https:\/\/rrb.be\/rrb\/wp-content\/uploads\/2026\/02\/Salon-de-Geneve-GIMS-presentation-Renault-5-electrique-2.jpg 1280w\" sizes=\"auto, (max-width: 1024px) 100vw, 1024px\" \/><button\n\t\t\tclass=\"lightbox-trigger\"\n\t\t\ttype=\"button\"\n\t\t\taria-haspopup=\"dialog\"\n\t\t\taria-label=\"Enlarge\"\n\t\t\tdata-wp-init=\"callbacks.initTriggerButton\"\n\t\t\tdata-wp-on--click=\"actions.showLightbox\"\n\t\t\tdata-wp-style--right=\"state.imageButtonRight\"\n\t\t\tdata-wp-style--top=\"state.imageButtonTop\"\n\t\t>\n\t\t\t<svg xmlns=\"http:\/\/www.w3.org\/2000\/svg\" width=\"12\" height=\"12\" fill=\"none\" viewBox=\"0 0 12 12\">\n\t\t\t\t<path fill=\"#fff\" d=\"M2 0a2 2 0 0 0-2 2v2h1.5V2a.5.5 0 0 1 .5-.5h2V0H2Zm2 10.5H2a.5.5 0 0 1-.5-.5V8H0v2a2 2 0 0 0 2 2h2v-1.5ZM8 12v-1.5h2a.5.5 0 0 0 .5-.5V8H12v2a2 2 0 0 1-2 2H8Zm2-12a2 2 0 0 1 2 2v2h-1.5V2a.5.5 0 0 0-.5-.5H8V0h2Z\" \/>\n\t\t\t<\/svg>\n\t\t<\/button><\/figure>\n\n\n\n<figure data-wp-context=\"{&quot;imageId&quot;:&quot;69f0f270b35df&quot;}\" data-wp-interactive=\"core\/image\" data-wp-key=\"69f0f270b35df\" class=\"wp-block-image size-large wp-lightbox-container\"><img loading=\"lazy\" decoding=\"async\" width=\"1024\" height=\"682\" data-wp-class--hide=\"state.isContentHidden\" data-wp-class--show=\"state.isContentVisible\" data-wp-init=\"callbacks.setButtonStyles\" data-wp-on--click=\"actions.showLightbox\" data-wp-on--load=\"callbacks.setButtonStyles\" data-wp-on-window--resize=\"callbacks.setButtonStyles\" data-id=\"2822\" src=\"https:\/\/rrb.be\/rrb\/wp-content\/uploads\/2026\/02\/Salon-de-Geneve-GIMS-presentation-Renault-5-electrique-3-1024x682.jpg\" alt=\"\" class=\"wp-image-2822\" srcset=\"https:\/\/rrb.be\/rrb\/wp-content\/uploads\/2026\/02\/Salon-de-Geneve-GIMS-presentation-Renault-5-electrique-3-1024x682.jpg 1024w, https:\/\/rrb.be\/rrb\/wp-content\/uploads\/2026\/02\/Salon-de-Geneve-GIMS-presentation-Renault-5-electrique-3-300x200.jpg 300w, https:\/\/rrb.be\/rrb\/wp-content\/uploads\/2026\/02\/Salon-de-Geneve-GIMS-presentation-Renault-5-electrique-3-768x512.jpg 768w, https:\/\/rrb.be\/rrb\/wp-content\/uploads\/2026\/02\/Salon-de-Geneve-GIMS-presentation-Renault-5-electrique-3.jpg 1280w\" sizes=\"auto, (max-width: 1024px) 100vw, 1024px\" \/><button\n\t\t\tclass=\"lightbox-trigger\"\n\t\t\ttype=\"button\"\n\t\t\taria-haspopup=\"dialog\"\n\t\t\taria-label=\"Enlarge\"\n\t\t\tdata-wp-init=\"callbacks.initTriggerButton\"\n\t\t\tdata-wp-on--click=\"actions.showLightbox\"\n\t\t\tdata-wp-style--right=\"state.imageButtonRight\"\n\t\t\tdata-wp-style--top=\"state.imageButtonTop\"\n\t\t>\n\t\t\t<svg xmlns=\"http:\/\/www.w3.org\/2000\/svg\" width=\"12\" height=\"12\" fill=\"none\" viewBox=\"0 0 12 12\">\n\t\t\t\t<path fill=\"#fff\" d=\"M2 0a2 2 0 0 0-2 2v2h1.5V2a.5.5 0 0 1 .5-.5h2V0H2Zm2 10.5H2a.5.5 0 0 1-.5-.5V8H0v2a2 2 0 0 0 2 2h2v-1.5ZM8 12v-1.5h2a.5.5 0 0 0 .5-.5V8H12v2a2 2 0 0 1-2 2H8Zm2-12a2 2 0 0 1 2 2v2h-1.5V2a.5.5 0 0 0-.5-.5H8V0h2Z\" \/>\n\t\t\t<\/svg>\n\t\t<\/button><\/figure>\n<\/figure>\n\n\n\n<p>Alain Schenkels<\/p>\n\n\n\n<figure data-wp-context=\"{&quot;imageId&quot;:&quot;69f0f270b3d98&quot;}\" data-wp-interactive=\"core\/image\" data-wp-key=\"69f0f270b3d98\" class=\"wp-block-image size-full is-resized wp-lightbox-container\"><img loading=\"lazy\" decoding=\"async\" width=\"412\" height=\"421\" data-wp-class--hide=\"state.isContentHidden\" data-wp-class--show=\"state.isContentVisible\" data-wp-init=\"callbacks.setButtonStyles\" data-wp-on--click=\"actions.showLightbox\" data-wp-on--load=\"callbacks.setButtonStyles\" data-wp-on-window--resize=\"callbacks.setButtonStyles\" src=\"http:\/\/rrb.be\/rrb\/wp-content\/uploads\/2026\/01\/Alain-Schenkels-rond.png\" alt=\"\" class=\"wp-image-2009\" style=\"width:213px;height:auto\" srcset=\"https:\/\/rrb.be\/rrb\/wp-content\/uploads\/2026\/01\/Alain-Schenkels-rond.png 412w, https:\/\/rrb.be\/rrb\/wp-content\/uploads\/2026\/01\/Alain-Schenkels-rond-294x300.png 294w\" sizes=\"auto, (max-width: 412px) 100vw, 412px\" \/><button\n\t\t\tclass=\"lightbox-trigger\"\n\t\t\ttype=\"button\"\n\t\t\taria-haspopup=\"dialog\"\n\t\t\taria-label=\"Enlarge\"\n\t\t\tdata-wp-init=\"callbacks.initTriggerButton\"\n\t\t\tdata-wp-on--click=\"actions.showLightbox\"\n\t\t\tdata-wp-style--right=\"state.imageButtonRight\"\n\t\t\tdata-wp-style--top=\"state.imageButtonTop\"\n\t\t>\n\t\t\t<svg xmlns=\"http:\/\/www.w3.org\/2000\/svg\" width=\"12\" height=\"12\" fill=\"none\" viewBox=\"0 0 12 12\">\n\t\t\t\t<path fill=\"#fff\" d=\"M2 0a2 2 0 0 0-2 2v2h1.5V2a.5.5 0 0 1 .5-.5h2V0H2Zm2 10.5H2a.5.5 0 0 1-.5-.5V8H0v2a2 2 0 0 0 2 2h2v-1.5ZM8 12v-1.5h2a.5.5 0 0 0 .5-.5V8H12v2a2 2 0 0 1-2 2H8Zm2-12a2 2 0 0 1 2 2v2h-1.5V2a.5.5 0 0 0-.5-.5H8V0h2Z\" \/>\n\t\t\t<\/svg>\n\t\t<\/button><\/figure>\n\n\n\n<p>Cat\u00e9gorie(s) : <\/p>\n\n\n<div class=\"taxonomy-category wp-block-post-terms\"><a href=\"https:\/\/rrb.be\/rrb\/category\/automobiles\/\" rel=\"tag\">Automobiles<\/a><span class=\"wp-block-post-terms__separator\">, <\/span><a href=\"https:\/\/rrb.be\/rrb\/category\/international\/\" rel=\"tag\">International<\/a><\/div>","protected":false},"excerpt":{"rendered":"<p>La nouvelle Renault 5 \u00e9lectrique \u00e9tait pr\u00e9sent\u00e9e en avant premi\u00e8re au \u00ab&nbsp;petit&nbsp;\u00bb salon de Gen\u00e8ve. Disparu depuis la Covid, le Salon revient au m\u00eame endroit directement accessible \u00e0 pied depuis l\u2019a\u00e9roport, mais dans un tout petit espace attendu que peu de marques ont fait le d\u00e9placement. Apr\u00e8s avoir connu les belles ann\u00e9es de ce salon [&hellip;]<\/p>\n","protected":false},"author":1,"featured_media":2821,"comment_status":"closed","ping_status":"open","sticky":false,"template":"","format":"standard","meta":{"footnotes":""},"categories":[34,5],"tags":[],"class_list":["post-2820","post","type-post","status-publish","format-standard","has-post-thumbnail","hentry","category-automobiles","category-international"],"_links":{"self":[{"href":"https:\/\/rrb.be\/rrb\/wp-json\/wp\/v2\/posts\/2820","targetHints":{"allow":["GET"]}}],"collection":[{"href":"https:\/\/rrb.be\/rrb\/wp-json\/wp\/v2\/posts"}],"about":[{"href":"https:\/\/rrb.be\/rrb\/wp-json\/wp\/v2\/types\/post"}],"author":[{"embeddable":true,"href":"https:\/\/rrb.be\/rrb\/wp-json\/wp\/v2\/users\/1"}],"replies":[{"embeddable":true,"href":"https:\/\/rrb.be\/rrb\/wp-json\/wp\/v2\/comments?post=2820"}],"version-history":[{"count":1,"href":"https:\/\/rrb.be\/rrb\/wp-json\/wp\/v2\/posts\/2820\/revisions"}],"predecessor-version":[{"id":2824,"href":"https:\/\/rrb.be\/rrb\/wp-json\/wp\/v2\/posts\/2820\/revisions\/2824"}],"wp:featuredmedia":[{"embeddable":true,"href":"https:\/\/rrb.be\/rrb\/wp-json\/wp\/v2\/media\/2821"}],"wp:attachment":[{"href":"https:\/\/rrb.be\/rrb\/wp-json\/wp\/v2\/media?parent=2820"}],"wp:term":[{"taxonomy":"category","embeddable":true,"href":"https:\/\/rrb.be\/rrb\/wp-json\/wp\/v2\/categories?post=2820"},{"taxonomy":"post_tag","embeddable":true,"href":"https:\/\/rrb.be\/rrb\/wp-json\/wp\/v2\/tags?post=2820"}],"curies":[{"name":"wp","href":"https:\/\/api.w.org\/{rel}","templated":true}]}}