{"id":2807,"date":"2025-04-30T14:26:39","date_gmt":"2025-04-30T14:26:39","guid":{"rendered":"https:\/\/rrb.be\/rrb\/?p=2807"},"modified":"2026-02-09T14:28:52","modified_gmt":"2026-02-09T14:28:52","slug":"israel-des-dizaines-de-milliers-de-reservistes-rappeles-breve","status":"publish","type":"post","link":"https:\/\/rrb.be\/rrb\/israel-des-dizaines-de-milliers-de-reservistes-rappeles-breve\/","title":{"rendered":"Isra\u00ebl, des dizaines de milliers de r\u00e9servistes rappel\u00e9s (br\u00e8ve)"},"content":{"rendered":"\n<p>Des dizaines de milliers de r\u00e9servistes sont rappel\u00e9s par l\u2019arm\u00e9e isra\u00e9lienne. Si les op\u00e9rations \u00e0 Gaza seront principalement men\u00e9es par des conscrits, des r\u00e9servistes y seront \u00e9galement d\u00e9ploy\u00e9s pour des combats dans la bande de Gaza, mais aussi sur les fronts libanais et syriens.<\/p>\n\n\n\n<p>D\u2019apr\u00e8s le quotidien \u00ab&nbsp;Haaretz&nbsp;\u00bb, ces troupes remplaceront des unit\u00e9s de conscrits, qui seront transf\u00e9r\u00e9es vers le sud afin de se pr\u00e9parer \u00e0 des op\u00e9rations dans Gaza. Toutefois, les r\u00e9servistes ont d\u00e9j\u00e0 \u00e9t\u00e9 inform\u00e9s que certains d\u2019entre eux seront \u00e9galement appel\u00e9s \u00e0 participer aux combats \u00e0 l\u2019int\u00e9rieur m\u00eame de l\u2019enclave.<\/p>\n\n\n\n<p>La plupart des r\u00e9servistes rappel\u00e9s ont d\u00e9j\u00e0 servi pendant des centaines de jours depuis le d\u00e9but de la guerre. Pour certains, il s\u2019agira de leur troisi\u00e8me ou quatri\u00e8me mobilisation pour une dur\u00e9e ind\u00e9termin\u00e9e.<\/p>\n\n\n\n<p>Alain Schenkels<\/p>\n\n\n\n<figure data-wp-context=\"{&quot;imageId&quot;:&quot;69f114e132071&quot;}\" data-wp-interactive=\"core\/image\" data-wp-key=\"69f114e132071\" class=\"wp-block-image size-full is-resized wp-lightbox-container\"><img loading=\"lazy\" decoding=\"async\" width=\"412\" height=\"421\" data-wp-class--hide=\"state.isContentHidden\" data-wp-class--show=\"state.isContentVisible\" data-wp-init=\"callbacks.setButtonStyles\" data-wp-on--click=\"actions.showLightbox\" data-wp-on--load=\"callbacks.setButtonStyles\" data-wp-on-window--resize=\"callbacks.setButtonStyles\" src=\"http:\/\/rrb.be\/rrb\/wp-content\/uploads\/2026\/01\/Alain-Schenkels-rond.png\" alt=\"\" class=\"wp-image-2009\" style=\"width:229px;height:auto\" srcset=\"https:\/\/rrb.be\/rrb\/wp-content\/uploads\/2026\/01\/Alain-Schenkels-rond.png 412w, https:\/\/rrb.be\/rrb\/wp-content\/uploads\/2026\/01\/Alain-Schenkels-rond-294x300.png 294w\" sizes=\"auto, (max-width: 412px) 100vw, 412px\" \/><button\n\t\t\tclass=\"lightbox-trigger\"\n\t\t\ttype=\"button\"\n\t\t\taria-haspopup=\"dialog\"\n\t\t\taria-label=\"Enlarge\"\n\t\t\tdata-wp-init=\"callbacks.initTriggerButton\"\n\t\t\tdata-wp-on--click=\"actions.showLightbox\"\n\t\t\tdata-wp-style--right=\"state.imageButtonRight\"\n\t\t\tdata-wp-style--top=\"state.imageButtonTop\"\n\t\t>\n\t\t\t<svg xmlns=\"http:\/\/www.w3.org\/2000\/svg\" width=\"12\" height=\"12\" fill=\"none\" viewBox=\"0 0 12 12\">\n\t\t\t\t<path fill=\"#fff\" d=\"M2 0a2 2 0 0 0-2 2v2h1.5V2a.5.5 0 0 1 .5-.5h2V0H2Zm2 10.5H2a.5.5 0 0 1-.5-.5V8H0v2a2 2 0 0 0 2 2h2v-1.5ZM8 12v-1.5h2a.5.5 0 0 0 .5-.5V8H12v2a2 2 0 0 1-2 2H8Zm2-12a2 2 0 0 1 2 2v2h-1.5V2a.5.5 0 0 0-.5-.5H8V0h2Z\" \/>\n\t\t\t<\/svg>\n\t\t<\/button><\/figure>\n\n\n\n<p>Cat\u00e9gorie(s) :<\/p>\n\n\n<div class=\"taxonomy-category wp-block-post-terms\"><a href=\"https:\/\/rrb.be\/rrb\/category\/conflits-guerres\/guerre-israel-palestine\/\" rel=\"tag\">Guerre Isra\u00ebl Palestine<\/a><\/div>","protected":false},"excerpt":{"rendered":"<p>Des dizaines de milliers de r\u00e9servistes sont rappel\u00e9s par l\u2019arm\u00e9e isra\u00e9lienne. Si les op\u00e9rations \u00e0 Gaza seront principalement men\u00e9es par des conscrits, des r\u00e9servistes y seront \u00e9galement d\u00e9ploy\u00e9s pour des combats dans la bande de Gaza, mais aussi sur les fronts libanais et syriens. D\u2019apr\u00e8s le quotidien \u00ab&nbsp;Haaretz&nbsp;\u00bb, ces troupes remplaceront des unit\u00e9s de conscrits, [&hellip;]<\/p>\n","protected":false},"author":1,"featured_media":2808,"comment_status":"closed","ping_status":"open","sticky":false,"template":"","format":"standard","meta":{"footnotes":""},"categories":[6],"tags":[],"class_list":["post-2807","post","type-post","status-publish","format-standard","has-post-thumbnail","hentry","category-guerre-israel-palestine"],"_links":{"self":[{"href":"https:\/\/rrb.be\/rrb\/wp-json\/wp\/v2\/posts\/2807","targetHints":{"allow":["GET"]}}],"collection":[{"href":"https:\/\/rrb.be\/rrb\/wp-json\/wp\/v2\/posts"}],"about":[{"href":"https:\/\/rrb.be\/rrb\/wp-json\/wp\/v2\/types\/post"}],"author":[{"embeddable":true,"href":"https:\/\/rrb.be\/rrb\/wp-json\/wp\/v2\/users\/1"}],"replies":[{"embeddable":true,"href":"https:\/\/rrb.be\/rrb\/wp-json\/wp\/v2\/comments?post=2807"}],"version-history":[{"count":1,"href":"https:\/\/rrb.be\/rrb\/wp-json\/wp\/v2\/posts\/2807\/revisions"}],"predecessor-version":[{"id":2809,"href":"https:\/\/rrb.be\/rrb\/wp-json\/wp\/v2\/posts\/2807\/revisions\/2809"}],"wp:featuredmedia":[{"embeddable":true,"href":"https:\/\/rrb.be\/rrb\/wp-json\/wp\/v2\/media\/2808"}],"wp:attachment":[{"href":"https:\/\/rrb.be\/rrb\/wp-json\/wp\/v2\/media?parent=2807"}],"wp:term":[{"taxonomy":"category","embeddable":true,"href":"https:\/\/rrb.be\/rrb\/wp-json\/wp\/v2\/categories?post=2807"},{"taxonomy":"post_tag","embeddable":true,"href":"https:\/\/rrb.be\/rrb\/wp-json\/wp\/v2\/tags?post=2807"}],"curies":[{"name":"wp","href":"https:\/\/api.w.org\/{rel}","templated":true}]}}