{"id":2777,"date":"2026-02-09T12:58:15","date_gmt":"2026-02-09T12:58:15","guid":{"rendered":"https:\/\/rrb.be\/rrb\/?p=2777"},"modified":"2026-02-09T13:53:35","modified_gmt":"2026-02-09T13:53:35","slug":"ma-motivation-cest-papa-des-adolescents-de-soldats-ukrainiens-sur-le-chemin-du-front","status":"publish","type":"post","link":"https:\/\/rrb.be\/rrb\/ma-motivation-cest-papa-des-adolescents-de-soldats-ukrainiens-sur-le-chemin-du-front\/","title":{"rendered":"Ma motivation, c\u2019est papa\u201d : des adolescents de soldats ukrainiens sur le chemin du front"},"content":{"rendered":"\n<p><strong>Face \u00e0 une guerre sans fin, l\u2019Ukraine pr\u00e9pare d\u00e9j\u00e0 sa jeunesse. Dans l\u2019ouest du pays, des camps d\u2019entra\u00eenement initient des adolescents volontaires \u00e0 la d\u00e9fense nationale, dans un contexte o\u00f9 la soci\u00e9t\u00e9 doute de la paix et se r\u00e9signe \u00e0 vivre sous la menace constante du conflit. Bient\u00f4t quatre ans apr\u00e8s l\u2019invasion russe, ces jeunes apprennent \u00e0 survivre dans un pays en guerre.<\/strong><\/p>\n\n\n\n<p>Dans l\u2019oblast de Lviv, des lyc\u00e9ens participent \u00e0 des camps de trois jours destin\u00e9s \u00e0 leur enseigner la m\u00e9decine tactique, le maniement des drones, la communication militaire et le tir. Organis\u00e9s par quatorze centres r\u00e9gionaux de \u201cd\u00e9fense de l\u2019Ukraine\u201d, ces formations sont facultatives mais soutenues par les autorit\u00e9s locales, qui voient en elles un projet pilote d\u2019\u00e9ducation patriotique. Sous la pluie des Carpates, une soixantaine de jeunes s\u2019exercent au secourisme de combat et \u00e0 des missions simul\u00e9es sur terrain hostile.<\/p>\n\n\n\n<p>Encadr\u00e9s par des v\u00e9t\u00e9rans, dont l\u2019ancien soldat Oleksiy Zopilko, ces adolescents de 15 et 16 ans d\u00e9couvrent la discipline militaire et la solidarit\u00e9 d\u2019un groupe. Les activit\u00e9s se d\u00e9roulent sans t\u00e9l\u00e9phone, avec une immersion totale dans la logique d\u2019\u00e9quipe. Certains, comme Marta ou Nastya, s\u2019y engagent pour se rapprocher d\u2019un p\u00e8re au front ou pour mieux comprendre le conflit qui fa\u00e7onne leur vie.<\/p>\n\n\n\n<figure class=\"wp-block-gallery has-nested-images columns-default is-cropped wp-block-gallery-1 is-layout-flex wp-block-gallery-is-layout-flex\">\n<figure data-wp-context=\"{&quot;imageId&quot;:&quot;69ef1fbfe01dd&quot;}\" data-wp-interactive=\"core\/image\" data-wp-key=\"69ef1fbfe01dd\" class=\"wp-block-image size-large wp-lightbox-container\"><img loading=\"lazy\" decoding=\"async\" width=\"1024\" height=\"637\" data-wp-class--hide=\"state.isContentHidden\" data-wp-class--show=\"state.isContentVisible\" data-wp-init=\"callbacks.setButtonStyles\" data-wp-on--click=\"actions.showLightbox\" data-wp-on--load=\"callbacks.setButtonStyles\" data-wp-on-window--resize=\"callbacks.setButtonStyles\" data-id=\"2783\" src=\"https:\/\/rrb.be\/rrb\/wp-content\/uploads\/2026\/02\/Adolescants-ukrainiens-apprenant-la-guerre-1-1024x637.jpg\" alt=\"\" class=\"wp-image-2783\" srcset=\"https:\/\/rrb.be\/rrb\/wp-content\/uploads\/2026\/02\/Adolescants-ukrainiens-apprenant-la-guerre-1-1024x637.jpg 1024w, https:\/\/rrb.be\/rrb\/wp-content\/uploads\/2026\/02\/Adolescants-ukrainiens-apprenant-la-guerre-1-300x187.jpg 300w, https:\/\/rrb.be\/rrb\/wp-content\/uploads\/2026\/02\/Adolescants-ukrainiens-apprenant-la-guerre-1-768x478.jpg 768w, https:\/\/rrb.be\/rrb\/wp-content\/uploads\/2026\/02\/Adolescants-ukrainiens-apprenant-la-guerre-1.jpg 1420w\" sizes=\"auto, (max-width: 1024px) 100vw, 1024px\" \/><button\n\t\t\tclass=\"lightbox-trigger\"\n\t\t\ttype=\"button\"\n\t\t\taria-haspopup=\"dialog\"\n\t\t\taria-label=\"Enlarge\"\n\t\t\tdata-wp-init=\"callbacks.initTriggerButton\"\n\t\t\tdata-wp-on--click=\"actions.showLightbox\"\n\t\t\tdata-wp-style--right=\"state.imageButtonRight\"\n\t\t\tdata-wp-style--top=\"state.imageButtonTop\"\n\t\t>\n\t\t\t<svg xmlns=\"http:\/\/www.w3.org\/2000\/svg\" width=\"12\" height=\"12\" fill=\"none\" viewBox=\"0 0 12 12\">\n\t\t\t\t<path fill=\"#fff\" d=\"M2 0a2 2 0 0 0-2 2v2h1.5V2a.5.5 0 0 1 .5-.5h2V0H2Zm2 10.5H2a.5.5 0 0 1-.5-.5V8H0v2a2 2 0 0 0 2 2h2v-1.5ZM8 12v-1.5h2a.5.5 0 0 0 .5-.5V8H12v2a2 2 0 0 1-2 2H8Zm2-12a2 2 0 0 1 2 2v2h-1.5V2a.5.5 0 0 0-.5-.5H8V0h2Z\" \/>\n\t\t\t<\/svg>\n\t\t<\/button><\/figure>\n\n\n\n<figure data-wp-context=\"{&quot;imageId&quot;:&quot;69ef1fbfe0628&quot;}\" data-wp-interactive=\"core\/image\" data-wp-key=\"69ef1fbfe0628\" class=\"wp-block-image size-large wp-lightbox-container\"><img loading=\"lazy\" decoding=\"async\" width=\"640\" height=\"360\" data-wp-class--hide=\"state.isContentHidden\" data-wp-class--show=\"state.isContentVisible\" data-wp-init=\"callbacks.setButtonStyles\" data-wp-on--click=\"actions.showLightbox\" data-wp-on--load=\"callbacks.setButtonStyles\" data-wp-on-window--resize=\"callbacks.setButtonStyles\" data-id=\"2782\" src=\"https:\/\/rrb.be\/rrb\/wp-content\/uploads\/2026\/02\/Adolescants-ukrainiens-apprenant-la-guerre-2.jpg\" alt=\"\" class=\"wp-image-2782\" srcset=\"https:\/\/rrb.be\/rrb\/wp-content\/uploads\/2026\/02\/Adolescants-ukrainiens-apprenant-la-guerre-2.jpg 640w, https:\/\/rrb.be\/rrb\/wp-content\/uploads\/2026\/02\/Adolescants-ukrainiens-apprenant-la-guerre-2-300x169.jpg 300w\" sizes=\"auto, (max-width: 640px) 100vw, 640px\" \/><button\n\t\t\tclass=\"lightbox-trigger\"\n\t\t\ttype=\"button\"\n\t\t\taria-haspopup=\"dialog\"\n\t\t\taria-label=\"Enlarge\"\n\t\t\tdata-wp-init=\"callbacks.initTriggerButton\"\n\t\t\tdata-wp-on--click=\"actions.showLightbox\"\n\t\t\tdata-wp-style--right=\"state.imageButtonRight\"\n\t\t\tdata-wp-style--top=\"state.imageButtonTop\"\n\t\t>\n\t\t\t<svg xmlns=\"http:\/\/www.w3.org\/2000\/svg\" width=\"12\" height=\"12\" fill=\"none\" viewBox=\"0 0 12 12\">\n\t\t\t\t<path fill=\"#fff\" d=\"M2 0a2 2 0 0 0-2 2v2h1.5V2a.5.5 0 0 1 .5-.5h2V0H2Zm2 10.5H2a.5.5 0 0 1-.5-.5V8H0v2a2 2 0 0 0 2 2h2v-1.5ZM8 12v-1.5h2a.5.5 0 0 0 .5-.5V8H12v2a2 2 0 0 1-2 2H8Zm2-12a2 2 0 0 1 2 2v2h-1.5V2a.5.5 0 0 0-.5-.5H8V0h2Z\" \/>\n\t\t\t<\/svg>\n\t\t<\/button><\/figure>\n\n\n\n<figure data-wp-context=\"{&quot;imageId&quot;:&quot;69ef1fbfe09e1&quot;}\" data-wp-interactive=\"core\/image\" data-wp-key=\"69ef1fbfe09e1\" class=\"wp-block-image size-large wp-lightbox-container\"><img loading=\"lazy\" decoding=\"async\" width=\"1024\" height=\"600\" data-wp-class--hide=\"state.isContentHidden\" data-wp-class--show=\"state.isContentVisible\" data-wp-init=\"callbacks.setButtonStyles\" data-wp-on--click=\"actions.showLightbox\" data-wp-on--load=\"callbacks.setButtonStyles\" data-wp-on-window--resize=\"callbacks.setButtonStyles\" data-id=\"2781\" src=\"https:\/\/rrb.be\/rrb\/wp-content\/uploads\/2026\/02\/Adolescants-ukrainiens-apprenant-la-guerre-3-1024x600.jpg\" alt=\"\" class=\"wp-image-2781\" srcset=\"https:\/\/rrb.be\/rrb\/wp-content\/uploads\/2026\/02\/Adolescants-ukrainiens-apprenant-la-guerre-3-1024x600.jpg 1024w, https:\/\/rrb.be\/rrb\/wp-content\/uploads\/2026\/02\/Adolescants-ukrainiens-apprenant-la-guerre-3-300x176.jpg 300w, https:\/\/rrb.be\/rrb\/wp-content\/uploads\/2026\/02\/Adolescants-ukrainiens-apprenant-la-guerre-3-768x450.jpg 768w, https:\/\/rrb.be\/rrb\/wp-content\/uploads\/2026\/02\/Adolescants-ukrainiens-apprenant-la-guerre-3.jpg 1026w\" sizes=\"auto, (max-width: 1024px) 100vw, 1024px\" \/><button\n\t\t\tclass=\"lightbox-trigger\"\n\t\t\ttype=\"button\"\n\t\t\taria-haspopup=\"dialog\"\n\t\t\taria-label=\"Enlarge\"\n\t\t\tdata-wp-init=\"callbacks.initTriggerButton\"\n\t\t\tdata-wp-on--click=\"actions.showLightbox\"\n\t\t\tdata-wp-style--right=\"state.imageButtonRight\"\n\t\t\tdata-wp-style--top=\"state.imageButtonTop\"\n\t\t>\n\t\t\t<svg xmlns=\"http:\/\/www.w3.org\/2000\/svg\" width=\"12\" height=\"12\" fill=\"none\" viewBox=\"0 0 12 12\">\n\t\t\t\t<path fill=\"#fff\" d=\"M2 0a2 2 0 0 0-2 2v2h1.5V2a.5.5 0 0 1 .5-.5h2V0H2Zm2 10.5H2a.5.5 0 0 1-.5-.5V8H0v2a2 2 0 0 0 2 2h2v-1.5ZM8 12v-1.5h2a.5.5 0 0 0 .5-.5V8H12v2a2 2 0 0 1-2 2H8Zm2-12a2 2 0 0 1 2 2v2h-1.5V2a.5.5 0 0 0-.5-.5H8V0h2Z\" \/>\n\t\t\t<\/svg>\n\t\t<\/button><\/figure>\n<\/figure>\n\n\n\n<p>Cette militarisation pr\u00e9coce interroge toutefois. Instructeurs et enseignants peinent \u00e0 concilier la protection de l\u2019enfance et la pr\u00e9paration au combat. Des psychologues, comme Nataliya Massiak de l\u2019ONG&nbsp;<em>Voices of Children<\/em>, estiment que l\u2019\u00e9ducation patriotique n\u2019a de sens que si elle donne aux jeunes une compr\u00e9hension morale du conflit, et non une simple image de l\u2019ennemi. Les formateurs insistent donc sur le droit et les valeurs civiques, tout en \u00e9vitant de nommer directement la Russie.<\/p>\n\n\n\n<p>Zopilko affirme ne pas vouloir voir ces jeunes sur le champ de bataille, tout en reconnaissant qu\u2019une minorit\u00e9 d\u2019entre eux devra peut-\u00eatre un jour prendre les armes. Pour lui, ces camps visent \u00e0 former les 10 \u00e0 15% de la jeunesse capables d\u2019entra\u00eener les autres dans un \u00e9lan collectif. Dans une Ukraine \u00e9puis\u00e9e mais d\u00e9termin\u00e9e, ces adolescents grandissent d\u00e9j\u00e0 avec la certitude que la guerre fait d\u00e9sormais partie de leur avenir.<\/p>\n\n\n\n<h2 class=\"wp-block-heading\">Ma conclusion<\/h2>\n\n\n\n<p>Voir des adolescents s\u2019entra\u00eener \u00e0 la guerre reste profond\u00e9ment d\u00e9rangeant. Cela \u00e9tant, dans un pays plong\u00e9 dans un conflit prolong\u00e9, il est compr\u00e9hensible que l\u2019Ukraine cherche \u00e0 pr\u00e9parer sa jeunesse \u00e0 la d\u00e9fense nationale. Ce n\u2019est pas, en soi, une mauvaise id\u00e9e, tant que cette formation demeure \u00e9ducative et volontaire. <\/p>\n\n\n\n<blockquote class=\"wp-block-quote is-layout-flow wp-block-quote-is-layout-flow\">\n<p>Il est hors de question que des mineurs soient envoy\u00e9s au front\u202f: la guerre reste un univers d\u2019adultes et y m\u00ealer des enfants serait franchir une ligne morale et juridique qu\u2019aucune circonstance ne justifie.<\/p>\n<\/blockquote>\n\n\n\n<p>L\u2019histoire regorge d\u2019exemples tragiques o\u00f9 des r\u00e9gimes ont utilis\u00e9 leurs enfants comme armes, et le souvenir des jeunesses fanatis\u00e9es du XX\u1d49 si\u00e8cle reste un avertissement. Entre responsabilit\u00e9 civique et d\u00e9rive militariste, l\u2019\u00e9quilibre est fragile\u202f\u2014\u202fet c\u2019est pr\u00e9cis\u00e9ment ce qu\u2019il faut pr\u00e9server.<\/p>\n\n\n\n<p>Former des jeunes \u00e0 la responsabilit\u00e9 ou \u00e0 la r\u00e9silience n\u2019est pas les armer de haine ou de peur. C\u2019est une pr\u00e9paration morale, non un embrigadement. Ce mouvement n\u2019est d\u2019ailleurs pas propre \u00e0 l\u2019Ukraine\u202f: en Pologne aussi, <a href=\"https:\/\/rrb.be\/rrb\/face-au-spectre-dune-guerre-contre-la-russie-les-jeunes-polonais-prennent-les-armes\/\">comme je l\u2019\u00e9voquais dans un pr\u00e9c\u00e9dent article<\/a>, des adolescents participent sur base volontaire \u00e0 des programmes d\u2019initiation \u00e0 la d\u00e9fense. <\/p>\n\n\n\n<p>Personnellement, je consid\u00e8re que ce type d\u2019entra\u00eenement, lorsqu\u2019il reste limit\u00e9, encadr\u00e9 et fond\u00e9 sur le volontariat, est une bonne initiative pour un pays en guerre ou menac\u00e9 de l\u2019\u00eatre. Une fois devenu adulte, d\u00e9fendre sa patrie est, selon moi, un devoir pour tout citoyen majeur, et avoir d\u00e9j\u00e0 v\u00e9cu une exp\u00e9rience d\u2019entra\u00eenement peut alors repr\u00e9senter un atout pr\u00e9cieux.<\/p>\n\n\n\n<p>Par Alain Schenkels<\/p>\n\n\n\n<figure data-wp-context=\"{&quot;imageId&quot;:&quot;69ef1fbfe1e80&quot;}\" data-wp-interactive=\"core\/image\" data-wp-key=\"69ef1fbfe1e80\" class=\"wp-block-image size-full is-resized wp-lightbox-container\"><img loading=\"lazy\" decoding=\"async\" width=\"395\" height=\"632\" data-wp-class--hide=\"state.isContentHidden\" data-wp-class--show=\"state.isContentVisible\" data-wp-init=\"callbacks.setButtonStyles\" data-wp-on--click=\"actions.showLightbox\" data-wp-on--load=\"callbacks.setButtonStyles\" data-wp-on-window--resize=\"callbacks.setButtonStyles\" src=\"http:\/\/rrb.be\/rrb\/wp-content\/uploads\/2026\/01\/Alain-Schenkels-Profil.png\" alt=\"\" class=\"wp-image-2062\" style=\"width:176px;height:auto\" srcset=\"https:\/\/rrb.be\/rrb\/wp-content\/uploads\/2026\/01\/Alain-Schenkels-Profil.png 395w, https:\/\/rrb.be\/rrb\/wp-content\/uploads\/2026\/01\/Alain-Schenkels-Profil-188x300.png 188w\" sizes=\"auto, (max-width: 395px) 100vw, 395px\" \/><button\n\t\t\tclass=\"lightbox-trigger\"\n\t\t\ttype=\"button\"\n\t\t\taria-haspopup=\"dialog\"\n\t\t\taria-label=\"Enlarge\"\n\t\t\tdata-wp-init=\"callbacks.initTriggerButton\"\n\t\t\tdata-wp-on--click=\"actions.showLightbox\"\n\t\t\tdata-wp-style--right=\"state.imageButtonRight\"\n\t\t\tdata-wp-style--top=\"state.imageButtonTop\"\n\t\t>\n\t\t\t<svg xmlns=\"http:\/\/www.w3.org\/2000\/svg\" width=\"12\" height=\"12\" fill=\"none\" viewBox=\"0 0 12 12\">\n\t\t\t\t<path fill=\"#fff\" d=\"M2 0a2 2 0 0 0-2 2v2h1.5V2a.5.5 0 0 1 .5-.5h2V0H2Zm2 10.5H2a.5.5 0 0 1-.5-.5V8H0v2a2 2 0 0 0 2 2h2v-1.5ZM8 12v-1.5h2a.5.5 0 0 0 .5-.5V8H12v2a2 2 0 0 1-2 2H8Zm2-12a2 2 0 0 1 2 2v2h-1.5V2a.5.5 0 0 0-.5-.5H8V0h2Z\" \/>\n\t\t\t<\/svg>\n\t\t<\/button><\/figure>\n\n\n\n<p>(<em>Source :&nbsp;Die Zeit, janvier 2026, Olivia Kortas<\/em><br>Photos capture d&rsquo;\u00e9cran vid\u00e9o Kyiv Intependent)<\/p>\n\n\n\n<p>Extraits vid\u00e9os Kyiv Intependent d&rsquo;entra\u00eenement militaire en Ukraine avec des adolescents :<\/p>\n\n\n\n<video controls width=\"720\" poster=\"https:\/\/www.rrb.be\/Adolescants-ukrainiens- apprenant-la-guerre-photo-film.jpg\" controlsList=\"nodownload\" oncontextmenu=\"return false;\"> <source src=\"https:\/\/www.rrb.be\/entrainement-militaire-adolescents-ukrainiens.mp4\" type=\"video\/mp4\"> Votre navigateur ne supporte pas la vid\u00e9o HTML5. <\/video>\n\n\n\n<p>Article similaire :<\/p>\n\n\n\n<figure class=\"wp-block-embed is-type-wp-embed is-provider-alain-schenkels wp-block-embed-alain-schenkels\"><div class=\"wp-block-embed__wrapper\">\n<blockquote class=\"wp-embedded-content\" data-secret=\"MqnoFDccEw\"><a href=\"https:\/\/rrb.be\/rrb\/face-au-spectre-dune-guerre-contre-la-russie-les-jeunes-polonais-prennent-les-armes\/\">Face au spectre d\u2019une guerre contre la Russie, les jeunes Polonais prennent les armes<\/a><\/blockquote><iframe loading=\"lazy\" class=\"wp-embedded-content\" sandbox=\"allow-scripts\" security=\"restricted\" style=\"position: absolute; visibility: hidden;\" title=\"\u00ab\u00a0Face au spectre d\u2019une guerre contre la Russie, les jeunes Polonais prennent les armes\u00a0\u00bb &#8212; Alain Schenkels\" src=\"https:\/\/rrb.be\/rrb\/face-au-spectre-dune-guerre-contre-la-russie-les-jeunes-polonais-prennent-les-armes\/embed\/#?secret=djzHXCnmFm#?secret=MqnoFDccEw\" data-secret=\"MqnoFDccEw\" width=\"600\" height=\"338\" frameborder=\"0\" marginwidth=\"0\" marginheight=\"0\" scrolling=\"no\"><\/iframe>\n<\/div><\/figure>\n\n\n\n<p>Cat\u00e9gorie(s) :<\/p>\n\n\n<div class=\"taxonomy-category wp-block-post-terms\"><a href=\"https:\/\/rrb.be\/rrb\/category\/conflits-guerres\/\" rel=\"tag\">Conflits &#8211; Guerres<\/a><span class=\"wp-block-post-terms__separator\">, <\/span><a href=\"https:\/\/rrb.be\/rrb\/category\/conflits-guerres\/guerre-russie-ukraine\/\" rel=\"tag\">Guerre Russie Ukraine<\/a><\/div>","protected":false},"excerpt":{"rendered":"<p>Face \u00e0 une guerre sans fin, l\u2019Ukraine pr\u00e9pare d\u00e9j\u00e0 sa jeunesse. Dans l\u2019ouest du pays, des camps d\u2019entra\u00eenement initient des adolescents volontaires \u00e0 la d\u00e9fense nationale, dans un contexte o\u00f9 la soci\u00e9t\u00e9 doute de la paix et se r\u00e9signe \u00e0 vivre sous la menace constante du conflit. Bient\u00f4t quatre ans apr\u00e8s l\u2019invasion russe, ces jeunes [&hellip;]<\/p>\n","protected":false},"author":1,"featured_media":2780,"comment_status":"closed","ping_status":"open","sticky":false,"template":"","format":"standard","meta":{"footnotes":""},"categories":[18,3],"tags":[],"class_list":["post-2777","post","type-post","status-publish","format-standard","has-post-thumbnail","hentry","category-conflits-guerres","category-guerre-russie-ukraine"],"_links":{"self":[{"href":"https:\/\/rrb.be\/rrb\/wp-json\/wp\/v2\/posts\/2777","targetHints":{"allow":["GET"]}}],"collection":[{"href":"https:\/\/rrb.be\/rrb\/wp-json\/wp\/v2\/posts"}],"about":[{"href":"https:\/\/rrb.be\/rrb\/wp-json\/wp\/v2\/types\/post"}],"author":[{"embeddable":true,"href":"https:\/\/rrb.be\/rrb\/wp-json\/wp\/v2\/users\/1"}],"replies":[{"embeddable":true,"href":"https:\/\/rrb.be\/rrb\/wp-json\/wp\/v2\/comments?post=2777"}],"version-history":[{"count":6,"href":"https:\/\/rrb.be\/rrb\/wp-json\/wp\/v2\/posts\/2777\/revisions"}],"predecessor-version":[{"id":2791,"href":"https:\/\/rrb.be\/rrb\/wp-json\/wp\/v2\/posts\/2777\/revisions\/2791"}],"wp:featuredmedia":[{"embeddable":true,"href":"https:\/\/rrb.be\/rrb\/wp-json\/wp\/v2\/media\/2780"}],"wp:attachment":[{"href":"https:\/\/rrb.be\/rrb\/wp-json\/wp\/v2\/media?parent=2777"}],"wp:term":[{"taxonomy":"category","embeddable":true,"href":"https:\/\/rrb.be\/rrb\/wp-json\/wp\/v2\/categories?post=2777"},{"taxonomy":"post_tag","embeddable":true,"href":"https:\/\/rrb.be\/rrb\/wp-json\/wp\/v2\/tags?post=2777"}],"curies":[{"name":"wp","href":"https:\/\/api.w.org\/{rel}","templated":true}]}}