{"id":2166,"date":"2026-01-26T14:08:24","date_gmt":"2026-01-26T14:08:24","guid":{"rendered":"https:\/\/rrb.be\/rrb\/?p=2166"},"modified":"2026-01-26T14:08:25","modified_gmt":"2026-01-26T14:08:25","slug":"minnesota-colere-et-opacite-apres-deux-morts-sous-tirs-federaux","status":"publish","type":"post","link":"https:\/\/rrb.be\/rrb\/minnesota-colere-et-opacite-apres-deux-morts-sous-tirs-federaux\/","title":{"rendered":"Minnesota : col\u00e8re et opacit\u00e9 apr\u00e8s deux morts sous tirs f\u00e9d\u00e9raux"},"content":{"rendered":"\n<p><strong>Aux \u00c9tats-Unis, un haut responsable de la Border Patrol, Greg Bovino, a r\u00e9agi sans r\u00e9pondre aux questions sur la mort d\u2019un manifestant am\u00e9ricain tu\u00e9 par des agents f\u00e9d\u00e9raux \u00e0 Minneapolis. Son discours, per\u00e7u comme une mise en garde contre les critiques, alimente les inqui\u00e9tudes sur la transparence et l\u2019usage de la force polici\u00e8re selon The Intercept, site am\u00e9ricain sp\u00e9cialis\u00e9 dans le journalisme d\u2019investigation.<\/strong><\/p>\n\n\n\n<p>Quelques jours apr\u00e8s la mort d\u2019Alex Pretti, 37 ans, tu\u00e9 par des agents f\u00e9d\u00e9raux lors de protestations contre la politique migratoire \u00e0 Minneapolis, Greg Bovino a pris la parole. Le cadre sup\u00e9rieur de la Border Patrol n\u2019a pas abord\u00e9 directement les circonstances du drame, se contentant d\u2019accuser les responsables politiques, communautaires et les journalistes d\u2019entretenir un climat hostile envers les forces de l\u2019ordre.<\/p>\n\n\n\n<p>Interrog\u00e9 sur le fait que Pretti aurait pu \u00eatre non arm\u00e9, Bovino a refus\u00e9 de r\u00e9pondre, renvoyant aux r\u00e9sultats d\u2019une enqu\u00eate qu\u2019il a pourtant comment\u00e9e en d\u00e9fendant les agents impliqu\u00e9s. Sa prise de parole a \u00e9t\u00e9 interpr\u00e9t\u00e9e comme une tentative de dissuasion envers ceux qui filment ou d\u00e9noncent les interventions polici\u00e8res, dans un contexte d\u00e9j\u00e0 marqu\u00e9 par de fortes tensions.<\/p>\n\n\n\n<p>Cette affaire intervient moins de trois semaines apr\u00e8s la mort de Ren\u00e9e Good, \u00e9galement abattue \u00e0 Minneapolis dans une op\u00e9ration f\u00e9d\u00e9rale distincte, sans que le public obtienne d\u2019explications pr\u00e9cises. Le gouverneur du Minnesota, Tim Walz, a d\u00e9nonc\u00e9 une r\u00e9ponse \u00ab\u202fmoralement d\u00e9faillante\u202f\u00bb, reprochant aux autorit\u00e9s f\u00e9d\u00e9rales d\u2019avoir terni la r\u00e9putation de Pretti et limit\u00e9 l\u2019acc\u00e8s \u00e0 la sc\u00e8ne des faits.<\/p>\n\n\n\n<p>Le procureur g\u00e9n\u00e9ral de l\u2019\u00c9tat accuse par ailleurs les agences f\u00e9d\u00e9rales de freiner les contr\u00f4les ind\u00e9pendants. Face \u00e0 ces critiques, Bovino a balay\u00e9 les accusations et r\u00e9affirm\u00e9 son soutien aux agents. Ces \u00e9v\u00e9nements ravivent le d\u00e9bat am\u00e9ricain sur la responsabilit\u00e9 polici\u00e8re et la fronti\u00e8re fragile entre maintien de l\u2019ordre et abus de pouvoir.<\/p>\n\n\n\n<p>Par Alain Schenkels<\/p>\n\n\n\n<figure class=\"wp-block-image size-full is-resized\"><img loading=\"lazy\" decoding=\"async\" width=\"395\" height=\"632\" src=\"http:\/\/rrb.be\/rrb\/wp-content\/uploads\/2026\/01\/Alain-Schenkels-Profil.png\" alt=\"\" class=\"wp-image-2062\" style=\"aspect-ratio:0.6250147076126603;width:178px;height:auto\" srcset=\"https:\/\/rrb.be\/rrb\/wp-content\/uploads\/2026\/01\/Alain-Schenkels-Profil.png 395w, https:\/\/rrb.be\/rrb\/wp-content\/uploads\/2026\/01\/Alain-Schenkels-Profil-188x300.png 188w\" sizes=\"auto, (max-width: 395px) 100vw, 395px\" \/><\/figure>\n\n\n\n<p><em>(Photo To Other98)<\/em><\/p>\n","protected":false},"excerpt":{"rendered":"<p>Aux \u00c9tats-Unis, un haut responsable de la Border Patrol, Greg Bovino, a r\u00e9agi sans r\u00e9pondre aux questions sur la mort d\u2019un manifestant am\u00e9ricain tu\u00e9 par des agents f\u00e9d\u00e9raux \u00e0 Minneapolis. Son discours, per\u00e7u comme une mise en garde contre les critiques, alimente les inqui\u00e9tudes sur la transparence et l\u2019usage de la force polici\u00e8re selon The [&hellip;]<\/p>\n","protected":false},"author":1,"featured_media":2167,"comment_status":"closed","ping_status":"open","sticky":false,"template":"","format":"standard","meta":{"footnotes":""},"categories":[5],"tags":[],"class_list":["post-2166","post","type-post","status-publish","format-standard","has-post-thumbnail","hentry","category-international"],"_links":{"self":[{"href":"https:\/\/rrb.be\/rrb\/wp-json\/wp\/v2\/posts\/2166","targetHints":{"allow":["GET"]}}],"collection":[{"href":"https:\/\/rrb.be\/rrb\/wp-json\/wp\/v2\/posts"}],"about":[{"href":"https:\/\/rrb.be\/rrb\/wp-json\/wp\/v2\/types\/post"}],"author":[{"embeddable":true,"href":"https:\/\/rrb.be\/rrb\/wp-json\/wp\/v2\/users\/1"}],"replies":[{"embeddable":true,"href":"https:\/\/rrb.be\/rrb\/wp-json\/wp\/v2\/comments?post=2166"}],"version-history":[{"count":1,"href":"https:\/\/rrb.be\/rrb\/wp-json\/wp\/v2\/posts\/2166\/revisions"}],"predecessor-version":[{"id":2168,"href":"https:\/\/rrb.be\/rrb\/wp-json\/wp\/v2\/posts\/2166\/revisions\/2168"}],"wp:featuredmedia":[{"embeddable":true,"href":"https:\/\/rrb.be\/rrb\/wp-json\/wp\/v2\/media\/2167"}],"wp:attachment":[{"href":"https:\/\/rrb.be\/rrb\/wp-json\/wp\/v2\/media?parent=2166"}],"wp:term":[{"taxonomy":"category","embeddable":true,"href":"https:\/\/rrb.be\/rrb\/wp-json\/wp\/v2\/categories?post=2166"},{"taxonomy":"post_tag","embeddable":true,"href":"https:\/\/rrb.be\/rrb\/wp-json\/wp\/v2\/tags?post=2166"}],"curies":[{"name":"wp","href":"https:\/\/api.w.org\/{rel}","templated":true}]}}