{"id":2146,"date":"2026-01-21T07:38:54","date_gmt":"2026-01-21T07:38:54","guid":{"rendered":"https:\/\/rrb.be\/rrb\/?p=2146"},"modified":"2026-01-25T07:45:12","modified_gmt":"2026-01-25T07:45:12","slug":"un-sefer-torah-porte-le-nom-de-dan-wajdenbaum-heros-belgo-israelien-tue-a-gaza","status":"publish","type":"post","link":"https:\/\/rrb.be\/rrb\/un-sefer-torah-porte-le-nom-de-dan-wajdenbaum-heros-belgo-israelien-tue-a-gaza\/","title":{"rendered":"Un Sefer Torah porte le nom de Dan Wajdenbaum, h\u00e9ros belgo-isra\u00e9lien tu\u00e9 \u00e0 Gaza"},"content":{"rendered":"\n<p><strong>Un rouleau de la Torah a \u00e9t\u00e9 \u00e9crit \u00e0 la m\u00e9moire de Dan Wajdenbaum, jeune homme belgo-isra\u00e9lien rappel\u00e9 en r\u00e9serve et tu\u00e9 \u00e0 Gaza en janvier 2024.<\/strong><\/p>\n\n\n\n<p>Lors de son inauguration dans sa communaut\u00e9 de Ra&rsquo;anana, l&rsquo;ex-otage Agam Berger est venue t\u00e9moigner sa gratitude envers Dan et toutes celles et ceux qui se sont battus pour sauver les otages des griffes du Hamas.<\/p>\n\n\n\n<p>Le Grand Rabbin d&rsquo;Isra\u00ebl, le rabbin Kalman Meir Ber, a rejoint les c\u00e9l\u00e9brations de l&rsquo;intr\u00f4nisation.<br>Sur la couronne ornementale du rouleau, le nom de Dan est inscrit dans les \u00e9toiles de David.<\/p>\n\n\n\n<p>Nous avons \u00e9t\u00e9 tr\u00e8s \u00e9mus d&rsquo;accueillir \u00e0 deux reprises la famille belge de Dan Wajdenbaum lors de notre c\u00e9r\u00e9monie annuelle \u00e0 la m\u00e9moire des soldats tomb\u00e9s et des victimes du terrorisme.<\/p>\n\n\n\n<p>Nous nous permettons de partager avec vous quelques paroles que nous avait adress\u00e9es sa grand-m\u00e8re en 2024 :<\/p>\n\n\n\n<p>\u00ab\u00a0<em>Dan \u00e9tait bon, d&rsquo;un gentillesse sans borne, un r\u00e9el don de soi pour les autres. Quand il avait 6 ans, il allait promener des chiens pour avoir de l&rsquo;argent de poche afin d&rsquo;acheter un cadeau pour sa maman. Il ne voulait pas accepter de cadeau, il pr\u00e9f\u00e9rait que la personne garde son argent et s&rsquo;offre \u00e0 elle-m\u00eame un cadeau.<\/em>\u00ab\u00a0<\/p>\n\n\n\n<p><em>Comment a-t-il pu quitter ce monde? Comment ce grand malheur est-il arrriv\u00e9?<\/em><\/p>\n\n\n\n<p>\u00ab\u00a0<em>Dan z&rsquo;l a vu un missile arriver, il a r\u00e9ussi \u00e0 sauver tout son groupe et s&rsquo;est sacrifi\u00e9 pour eux. A part lui, il n&rsquo;y eut que deux bless\u00e9s . C&rsquo;\u00e9tait cela sa grandeur : sa conscience, sa sinc\u00e9rit\u00e9, sa bont\u00e9 et son don de soi. Une telle gentillesse, un tel amour d&rsquo;autrui.<\/em>\u00ab\u00a0<\/p>\n\n\n\n<p>A l&rsquo;image de Dan z&rsquo;l, puissions-nous nous aimer les uns les autres.\u00a0\u00bb<\/p>\n\n\n\n<p>Groupe <a href=\"https:\/\/www.facebook.com\/IsraelinBelgium\" target=\"_blank\" rel=\"noopener\">Isra\u00ebl en Belgique &#8211; Isra\u00ebl in Belgi\u00eb<\/a><\/p>\n\n\n\n<p>(Photo rouleau de la Torah en la m\u00e9moire de Dan WajdenbaumDan Wajdenbaum belgo\/isra\u00e9lien)<\/p>\n","protected":false},"excerpt":{"rendered":"<p>Un rouleau de la Torah a \u00e9t\u00e9 \u00e9crit \u00e0 la m\u00e9moire de Dan Wajdenbaum, jeune homme belgo-isra\u00e9lien rappel\u00e9 en r\u00e9serve et tu\u00e9 \u00e0 Gaza en janvier 2024. Lors de son inauguration dans sa communaut\u00e9 de Ra&rsquo;anana, l&rsquo;ex-otage Agam Berger est venue t\u00e9moigner sa gratitude envers Dan et toutes celles et ceux qui se sont battus [&hellip;]<\/p>\n","protected":false},"author":1,"featured_media":2147,"comment_status":"closed","ping_status":"open","sticky":false,"template":"","format":"standard","meta":{"footnotes":""},"categories":[6],"tags":[],"class_list":["post-2146","post","type-post","status-publish","format-standard","has-post-thumbnail","hentry","category-guerre-israel-palestine"],"_links":{"self":[{"href":"https:\/\/rrb.be\/rrb\/wp-json\/wp\/v2\/posts\/2146","targetHints":{"allow":["GET"]}}],"collection":[{"href":"https:\/\/rrb.be\/rrb\/wp-json\/wp\/v2\/posts"}],"about":[{"href":"https:\/\/rrb.be\/rrb\/wp-json\/wp\/v2\/types\/post"}],"author":[{"embeddable":true,"href":"https:\/\/rrb.be\/rrb\/wp-json\/wp\/v2\/users\/1"}],"replies":[{"embeddable":true,"href":"https:\/\/rrb.be\/rrb\/wp-json\/wp\/v2\/comments?post=2146"}],"version-history":[{"count":2,"href":"https:\/\/rrb.be\/rrb\/wp-json\/wp\/v2\/posts\/2146\/revisions"}],"predecessor-version":[{"id":2149,"href":"https:\/\/rrb.be\/rrb\/wp-json\/wp\/v2\/posts\/2146\/revisions\/2149"}],"wp:featuredmedia":[{"embeddable":true,"href":"https:\/\/rrb.be\/rrb\/wp-json\/wp\/v2\/media\/2147"}],"wp:attachment":[{"href":"https:\/\/rrb.be\/rrb\/wp-json\/wp\/v2\/media?parent=2146"}],"wp:term":[{"taxonomy":"category","embeddable":true,"href":"https:\/\/rrb.be\/rrb\/wp-json\/wp\/v2\/categories?post=2146"},{"taxonomy":"post_tag","embeddable":true,"href":"https:\/\/rrb.be\/rrb\/wp-json\/wp\/v2\/tags?post=2146"}],"curies":[{"name":"wp","href":"https:\/\/api.w.org\/{rel}","templated":true}]}}