{"id":2142,"date":"2026-01-25T07:32:28","date_gmt":"2026-01-25T07:32:28","guid":{"rendered":"https:\/\/rrb.be\/rrb\/?p=2142"},"modified":"2026-01-25T07:32:29","modified_gmt":"2026-01-25T07:32:29","slug":"auschwitz-memorial-lia-falsifie-notre-memoire","status":"publish","type":"post","link":"https:\/\/rrb.be\/rrb\/auschwitz-memorial-lia-falsifie-notre-memoire\/","title":{"rendered":"Auschwitz Memorial : \u00ab\u00a0L&rsquo;IA falsifie notre m\u00e9moire\u00a0\u00bb"},"content":{"rendered":"\n<p><strong>Cr\u00e9er de fausses images g\u00e9n\u00e9r\u00e9es par intelligence artificielle (IA) d\u2019Auschwitz et d\u2019autres camps est un acte dangereux de d\u00e9formation alerte le <a href=\"https:\/\/www.facebook.com\/auschwitzmemorial\" target=\"_blank\" rel=\"noopener\">Auschwitz Memorial<\/a> sur Facebook. Les plateformes sociales \u2013 en particulier Facebook \u2013 portent une responsabilit\u00e9 directe dans le fait de permettre et d\u2019amplifier leur diffusion. Cela importe parce que ce type de contenu ne se contente pas de falsifier l\u2019histoire ; il harc\u00e8le activement la m\u00e9moire des victimes.<\/strong><\/p>\n\n\n\n<p>La photographie a toujours repos\u00e9 sur un contrat social implicite : lorsque nous regardons une photographie, nous faisons confiance au fait qu\u2019un photographe s\u2019est tenu dans un lieu r\u00e9el, \u00e0 un moment r\u00e9el, et a conserv\u00e9 un fragment de r\u00e9alit\u00e9. Cette confiance est fondamentale pour la documentation historique. Les photographies des camps d\u2019Auschwitz ne sont pas des illustrations ; ce sont des preuves.<\/p>\n\n\n\n<p>Les images g\u00e9n\u00e9r\u00e9es par l&rsquo;IA rompent ce contrat tout en en imitant l\u2019apparence. Ce ne sont pas des photographies, et pourtant elles sont pr\u00e9sent\u00e9es dans un langage visuel qui mime la photographie documentaire, exploitant d\u00e9lib\u00e9r\u00e9ment la confiance que le public a apprise \u00e0 accorder aux sources photographiques.<\/p>\n\n\n\n<p>Aujourd\u2019hui, lorsque des utilisateurs cherchent \u201cAuschwitz\u201d sur Facebook, un nombre croissant de r\u00e9sultats consiste en images fabriqu\u00e9es par l&rsquo;IA et en publications trompeuses plut\u00f4t qu\u2019en documentation historique authentique. En laissant ces d\u00e9formations appara\u00eetre, circuler et gagner en visibilit\u00e9, Facebook contribue directement \u00e0 l\u2019\u00e9rosion de la compr\u00e9hension factuelle de l\u2019histoire complexe d\u2019Auschwitz, que nous essayons de prot\u00e9ger.<\/p>\n\n\n\n<p>C\u2019est pourquoi nous pensons que les plateformes doivent assumer leurs responsabilit\u00e9s en mod\u00e9rant activement ce type de contenu et en signalant clairement les images fabriqu\u00e9es. La m\u00e9moire et la v\u00e9rit\u00e9 historique m\u00e9ritent une protection plus forte.<\/p>\n\n\n\n<p>Auschwitz Memorial \/ Muzeum Auschwitz<\/p>\n\n\n\n<p>Par Alain Schenkels<\/p>\n\n\n\n<figure class=\"wp-block-image size-full is-resized\"><img loading=\"lazy\" decoding=\"async\" width=\"395\" height=\"632\" src=\"http:\/\/rrb.be\/rrb\/wp-content\/uploads\/2026\/01\/Alain-Schenkels-Profil.png\" alt=\"\" class=\"wp-image-2062\" style=\"width:205px;height:auto\" srcset=\"https:\/\/rrb.be\/rrb\/wp-content\/uploads\/2026\/01\/Alain-Schenkels-Profil.png 395w, https:\/\/rrb.be\/rrb\/wp-content\/uploads\/2026\/01\/Alain-Schenkels-Profil-188x300.png 188w\" sizes=\"auto, (max-width: 395px) 100vw, 395px\" \/><\/figure>\n\n\n\n<p>(Photo : Images IA propos\u00e9 par Auschwitz Memorial \/ Muzeum Auschwitz)<\/p>\n","protected":false},"excerpt":{"rendered":"<p>Cr\u00e9er de fausses images g\u00e9n\u00e9r\u00e9es par intelligence artificielle (IA) d\u2019Auschwitz et d\u2019autres camps est un acte dangereux de d\u00e9formation alerte le Auschwitz Memorial sur Facebook. Les plateformes sociales \u2013 en particulier Facebook \u2013 portent une responsabilit\u00e9 directe dans le fait de permettre et d\u2019amplifier leur diffusion. Cela importe parce que ce type de contenu ne [&hellip;]<\/p>\n","protected":false},"author":1,"featured_media":2143,"comment_status":"closed","ping_status":"open","sticky":false,"template":"","format":"standard","meta":{"footnotes":""},"categories":[15],"tags":[],"class_list":["post-2142","post","type-post","status-publish","format-standard","has-post-thumbnail","hentry","category-culture"],"_links":{"self":[{"href":"https:\/\/rrb.be\/rrb\/wp-json\/wp\/v2\/posts\/2142","targetHints":{"allow":["GET"]}}],"collection":[{"href":"https:\/\/rrb.be\/rrb\/wp-json\/wp\/v2\/posts"}],"about":[{"href":"https:\/\/rrb.be\/rrb\/wp-json\/wp\/v2\/types\/post"}],"author":[{"embeddable":true,"href":"https:\/\/rrb.be\/rrb\/wp-json\/wp\/v2\/users\/1"}],"replies":[{"embeddable":true,"href":"https:\/\/rrb.be\/rrb\/wp-json\/wp\/v2\/comments?post=2142"}],"version-history":[{"count":2,"href":"https:\/\/rrb.be\/rrb\/wp-json\/wp\/v2\/posts\/2142\/revisions"}],"predecessor-version":[{"id":2145,"href":"https:\/\/rrb.be\/rrb\/wp-json\/wp\/v2\/posts\/2142\/revisions\/2145"}],"wp:featuredmedia":[{"embeddable":true,"href":"https:\/\/rrb.be\/rrb\/wp-json\/wp\/v2\/media\/2143"}],"wp:attachment":[{"href":"https:\/\/rrb.be\/rrb\/wp-json\/wp\/v2\/media?parent=2142"}],"wp:term":[{"taxonomy":"category","embeddable":true,"href":"https:\/\/rrb.be\/rrb\/wp-json\/wp\/v2\/categories?post=2142"},{"taxonomy":"post_tag","embeddable":true,"href":"https:\/\/rrb.be\/rrb\/wp-json\/wp\/v2\/tags?post=2142"}],"curies":[{"name":"wp","href":"https:\/\/api.w.org\/{rel}","templated":true}]}}