{"id":2130,"date":"2026-01-23T12:33:00","date_gmt":"2026-01-23T12:33:00","guid":{"rendered":"https:\/\/rrb.be\/rrb\/?p=2130"},"modified":"2026-02-09T09:40:45","modified_gmt":"2026-02-09T09:40:45","slug":"bruxelles-au-bord-du-gouffre-shutdown-ou-sursaut-carte-blanche-de-alain-schenkels-dans-21news","status":"publish","type":"post","link":"https:\/\/rrb.be\/rrb\/bruxelles-au-bord-du-gouffre-shutdown-ou-sursaut-carte-blanche-de-alain-schenkels-dans-21news\/","title":{"rendered":"Bruxelles au bord du gouffre : shutdown ou sursaut ? (Carte blanche de Alain Schenkels dans 21News)"},"content":{"rendered":"\n<p>Carte blanche publi\u00e9e dans le m\u00e9dia belge 21News : <a href=\"https:\/\/www.21news.be\/bruxelles-au-bord-du-gouffre-shutdown-ou-sursaut-carte-blanche\/\" target=\"_blank\" rel=\"noreferrer noopener\">cliquez ICI<\/a><\/p>\n\n\n\n<p><strong>Imaginez : des tramways bond\u00e9s rue Neuve sous la pluie, avec des chantiers de mobilit\u00e9 r\u00e9gionale \u00e0 l\u2019arr\u00eat faute de fonds d\u00e9bloqu\u00e9s. Le projet scolaire de votre enfant report\u00e9 ou annul\u00e9, les communes qui ne per\u00e7oivent plus leurs dotations r\u00e9gionales\u2026<\/strong><\/p>\n\n\n\n<p>Ce n\u2019est pas une fiction cauchemardesque, c\u2019est le risque concret du quotidien des bruxellois apr\u00e8s plus de 580 jours sans gouvernement r\u00e9gional de plein exercice. La R\u00e9gion glisse inexorablement vers un shutdown institutionnel : pas de budget vot\u00e9, une dette qui explose les 15 milliards d\u2019euros, des tensions de tr\u00e9sorerie annonc\u00e9es. Ce blocage n\u2019est plus une abstraction, il menace directement les aides sociales, les investissements et la confiance des bruxellois dans leurs institutions.<\/p>\n\n\n\n<h2 class=\"wp-block-heading\"><strong>Les entreprises trinquent aussi&nbsp;!<\/strong><\/h2>\n\n\n\n<p>Pendant que les partis se d\u00e9chirent, ceux qui prennent r\u00e9ellement des risques \u2013 les entrepreneurs, ind\u00e9pendants et PME \u2013 avancent dans le brouillard, pris en \u00e9tau entre ins\u00e9curit\u00e9, chaos de la mobilit\u00e9 et incertitude budg\u00e9taire. Ce vide politique n\u2019est pas une anecdote institutionnelle, mais un signal d\u00e9sastreux envoy\u00e9 aux investisseurs, aux si\u00e8ges de multinationales et aux cr\u00e9ateurs d\u2019entreprises. Les f\u00e9d\u00e9rations et plateformes bruxelloises parlent de \u00ab d\u00e9g\u00e2ts immenses \u00bb pour les bruxellois et le tissu socio-\u00e9conomique, faute de d\u00e9cisions et de visibilit\u00e9&nbsp;politique.<\/p>\n\n\n\n<p>Pour un chef d\u2019entreprise, la premi\u00e8re question n\u2019est plus \u00ab O\u00f9 trouver des clients ? \u00bb, mais \u00ab Mes clients oseront-ils encore venir ? \u00bb.&nbsp; Des PME envisagent de d\u00e9m\u00e9nager en p\u00e9riph\u00e9rie pour \u00e9chapper au climat g\u00e9n\u00e9ral d\u2019abandon et \u00e0 un manque de r\u00e9ponse politique aux probl\u00e8mes de terrain. En tant qu\u2019entrepreneur, ce climat se traduit en risque op\u00e9rationnel (absent\u00e9isme, difficult\u00e9 de recrutement) et en risque commercial (fr\u00e9quentation en baisse, image de marque associ\u00e9e \u00e0 une ville jug\u00e9e peu s\u00fbre).<\/p>\n\n\n\n<h2 class=\"wp-block-heading\"><strong>Faute de gouvernement, Bruxelles vit sur des budgets provisoires. Ces rustines nourrissent la d\u00e9fiance des march\u00e9s et font grimper le co\u00fbt de la dette.<\/strong><\/h2>\n\n\n\n<p>Les PME, v\u00e9ritable poumon de l\u2019emploi bruxellois, \u00e9touffent sous le poids de l\u2019incertitude budg\u00e9taire et de la fragilisation des services publics dont elles d\u00e9pendent. Entre fiscalit\u00e9 locale floue, aides r\u00e9gionales suspendues et des infrastructures d\u00e9grad\u00e9es, elles avancent \u00e0 vue. Comment investir, embaucher ou innover quand personne ne peut garantir la stabilit\u00e9 financi\u00e8re de la R\u00e9gion&nbsp;? Ce brouillard permanent \u00e9rode la confiance et pousse certains \u00e0 envisager l\u2019exil \u00e9conomique vers des territoires plus pr\u00e9visibles. Sans perspectives fiscales claires ni tr\u00e9sorerie stable, la R\u00e9gion perd sa comp\u00e9titivit\u00e9, ses talents et son dynamisme \u00e9conomique.<\/p>\n\n\n\n<p>Ce naufrage n\u2019est pas le fruit du hasard, mais le sympt\u00f4me d\u2019un syst\u00e8me gripp\u00e9 depuis trop longtemps. La fragmentation institutionnelle, avec son fameux syst\u00e8me de double majorit\u00e9, est devenue un pi\u00e8ge ingouvernable. Comment former un ex\u00e9cutif quand francophones et n\u00e9erlandophones peinent \u00e0 s\u2019accorder, m\u00eame avec une majorit\u00e9 arithm\u00e9tique en vue ? Ajoutez \u00e0 cela des ann\u00e9es de calculs partisans o\u00f9 la stabilit\u00e9 r\u00e9gionale passe apr\u00e8s les ambitions personnelles.<\/p>\n\n\n\n<p>Le PS bruxellois et son pr\u00e9sident Ahmed Laaouej portent une lourde part de responsabilit\u00e9 : leur intransigeance a fait \u00e9chouer plusieurs n\u00e9gociations, bloquant toute majorit\u00e9 malgr\u00e9 le verdict des urnes. Le MR, premi\u00e8re force francophone et les partis n\u00e9erlandophones pr\u00eats \u00e0 gouverner se heurtent \u00e0 un mur. Cette paralysie prolong\u00e9e menace d\u00e9sormais l\u2019existence m\u00eame de la R\u00e9gion, comme l\u2019ont r\u00e9cemment d\u00e9nonc\u00e9 Les Engag\u00e9s. La crise d\u00e9passe les ego, c\u2019est le respect de la d\u00e9mocratie locale qui est en jeu.<\/p>\n\n\n\n<h2 class=\"wp-block-heading\"><strong>Une tutelle f\u00e9d\u00e9rale ?<\/strong><\/h2>\n\n\n\n<p>Imaginer un pilotage impos\u00e9 depuis le nord du pays serait un d\u00e9sastre pour les bruxellois et pour l\u2019image \u00e9conomique des entreprises. Ils perdraient toute mainmise sur leur R\u00e9gion, rel\u00e9gu\u00e9s au rang de spectateurs d\u2019une gestion d\u00e9connect\u00e9e des r\u00e9alit\u00e9s urbaines : embouteillages chroniques, pr\u00e9carit\u00e9 sociale, d\u00e9fis s\u00e9curitaires. Le f\u00e9d\u00e9ral, englu\u00e9 dans ses propres priorit\u00e9s, ne comprendrait rien aux enjeux d\u2019une capitale multiculturelle et dens\u00e9ment peupl\u00e9e. Non, la solution ne viendra pas d\u2019en haut, c\u2019est aux bruxellois eux-m\u00eames de prendre leurs responsabilit\u00e9s.<\/p>\n\n\n\n<p>Le MR, d\u00e9sormais premi\u00e8re force r\u00e9gionale, doit prendre la t\u00eate d\u2019un renouveau en proposant un cadre de gouvernance solide. Le PS, rel\u00e9gu\u00e9 en deuxi\u00e8me position, ne peut plus se permettre le veto syst\u00e9matique, il lui incombe de devenir un partenaire lucide et constructif. Mais surtout, les deux partis doivent imp\u00e9rativement changer de visages. Il est temps de nommer de nouveaux n\u00e9gociateurs, des figures authentiquement bruxelloises, ancr\u00e9es dans les quartiers, d\u00e9lest\u00e9es des rancunes des \u00e9checs pass\u00e9s. Pas de parachut\u00e9s provinciaux, mais des relais frais, comp\u00e9tents, capables de repartir sur une base saine. Ces nouvelles t\u00eates incarneraient un pragmatisme retrouv\u00e9, lib\u00e9r\u00e9 des postures partisanes et pourraient enfin forger une majorit\u00e9 stable autour de priorit\u00e9s pour la R\u00e9gion.<\/p>\n\n\n\n<h2 class=\"wp-block-heading\"><strong>Parlementaires bruxellois, le choix est clair : shutdown ou gouvernance retrouv\u00e9e.<\/strong><\/h2>\n\n\n\n<p>Les citoyens ont vot\u00e9, ils ont droit \u00e0 un gouvernement et \u00e0 une stabilit\u00e9 politique et financi\u00e8re. C\u2019est votre devoir et votre responsabilit\u00e9 de le leur rendre la confiance.<br>\u00c0 tous les partis d\u00e9mocratiques, francophones et n\u00e9erlandophones, \u00e9coutez le pouls de la rue, mettez les egos de c\u00f4t\u00e9, injectez du sang neuf et gouvernez. Le citoyen en a marre, il n\u2019attend plus des promesses, mais des actes. Le sursaut est possible, mais il ne tombera pas du ciel, il vous faut choisir, ici et maintenant, entre bonne gouvernance ou pers\u00e9v\u00e9rer dans le chaos actuel, vous devez rendre des comptes \u00e0 tous les citoyens bruxellois.<\/p>\n\n\n\n<p><strong>Alain Schenkels, chef d\u2019entreprise<\/strong><\/p>\n\n\n\n<figure class=\"wp-block-image size-full is-resized\"><img loading=\"lazy\" decoding=\"async\" width=\"395\" height=\"632\" src=\"http:\/\/rrb.be\/rrb\/wp-content\/uploads\/2026\/01\/Alain-Schenkels-Profil.png\" alt=\"\" class=\"wp-image-2062\" style=\"width:193px;height:auto\" srcset=\"https:\/\/rrb.be\/rrb\/wp-content\/uploads\/2026\/01\/Alain-Schenkels-Profil.png 395w, https:\/\/rrb.be\/rrb\/wp-content\/uploads\/2026\/01\/Alain-Schenkels-Profil-188x300.png 188w\" sizes=\"auto, (max-width: 395px) 100vw, 395px\" \/><\/figure>\n\n\n\n<p>Cat\u00e9gorie(s) :<\/p>\n\n\n<div class=\"taxonomy-category wp-block-post-terms\"><a href=\"https:\/\/rrb.be\/rrb\/category\/belgique\/\" rel=\"tag\">Belgique<\/a><span class=\"wp-block-post-terms__separator\">, <\/span><a href=\"https:\/\/rrb.be\/rrb\/category\/carte-blanche\/\" rel=\"tag\">Carte blanche<\/a><\/div>","protected":false},"excerpt":{"rendered":"<p>Carte blanche publi\u00e9e dans le m\u00e9dia belge 21News : cliquez ICI Imaginez : des tramways bond\u00e9s rue Neuve sous la pluie, avec des chantiers de mobilit\u00e9 r\u00e9gionale \u00e0 l\u2019arr\u00eat faute de fonds d\u00e9bloqu\u00e9s. Le projet scolaire de votre enfant report\u00e9 ou annul\u00e9, les communes qui ne per\u00e7oivent plus leurs dotations r\u00e9gionales\u2026 Ce n\u2019est pas une [&hellip;]<\/p>\n","protected":false},"author":1,"featured_media":2165,"comment_status":"closed","ping_status":"open","sticky":false,"template":"","format":"standard","meta":{"footnotes":""},"categories":[4,13],"tags":[],"class_list":["post-2130","post","type-post","status-publish","format-standard","has-post-thumbnail","hentry","category-belgique","category-carte-blanche"],"_links":{"self":[{"href":"https:\/\/rrb.be\/rrb\/wp-json\/wp\/v2\/posts\/2130","targetHints":{"allow":["GET"]}}],"collection":[{"href":"https:\/\/rrb.be\/rrb\/wp-json\/wp\/v2\/posts"}],"about":[{"href":"https:\/\/rrb.be\/rrb\/wp-json\/wp\/v2\/types\/post"}],"author":[{"embeddable":true,"href":"https:\/\/rrb.be\/rrb\/wp-json\/wp\/v2\/users\/1"}],"replies":[{"embeddable":true,"href":"https:\/\/rrb.be\/rrb\/wp-json\/wp\/v2\/comments?post=2130"}],"version-history":[{"count":3,"href":"https:\/\/rrb.be\/rrb\/wp-json\/wp\/v2\/posts\/2130\/revisions"}],"predecessor-version":[{"id":2732,"href":"https:\/\/rrb.be\/rrb\/wp-json\/wp\/v2\/posts\/2130\/revisions\/2732"}],"wp:featuredmedia":[{"embeddable":true,"href":"https:\/\/rrb.be\/rrb\/wp-json\/wp\/v2\/media\/2165"}],"wp:attachment":[{"href":"https:\/\/rrb.be\/rrb\/wp-json\/wp\/v2\/media?parent=2130"}],"wp:term":[{"taxonomy":"category","embeddable":true,"href":"https:\/\/rrb.be\/rrb\/wp-json\/wp\/v2\/categories?post=2130"},{"taxonomy":"post_tag","embeddable":true,"href":"https:\/\/rrb.be\/rrb\/wp-json\/wp\/v2\/tags?post=2130"}],"curies":[{"name":"wp","href":"https:\/\/api.w.org\/{rel}","templated":true}]}}