{"id":2127,"date":"2026-01-22T13:48:23","date_gmt":"2026-01-22T13:48:23","guid":{"rendered":"https:\/\/rrb.be\/rrb\/?p=2127"},"modified":"2026-02-05T14:26:44","modified_gmt":"2026-02-05T14:26:44","slug":"15-me-de-subsides-refuses-creemploi-menacee-de-disparition-saisit-le-conseil-detat","status":"publish","type":"post","link":"https:\/\/rrb.be\/rrb\/15-me-de-subsides-refuses-creemploi-menacee-de-disparition-saisit-le-conseil-detat\/","title":{"rendered":"1,5\u00a0M\u20ac de subsides refus\u00e9s\u00a0: Cr\u00e9emploi menac\u00e9e de disparition saisit le Conseil d\u2019\u00c9tat. (carte blanche)"},"content":{"rendered":"\n<p>Carte blanche publi\u00e9e dans le m\u00e9dia belge 21News :&nbsp;<a href=\"https:\/\/www.21news.be\/15-me-de-subsides-refuses-creemploi-menacee-de-disparition-saisit-le-conseil-detat-carte-blanche\/\" target=\"_blank\" rel=\"noreferrer noopener\">cliquez ICI<\/a><\/p>\n\n\n\n<p><strong>L\u2019ASBL&nbsp;Cr\u00e9emploi est partenaire d\u2019Actiris dans l\u2019accompagnement des chercheurs d\u2019emploi de toute la R\u00e9gion de Bruxelles-Capitale. Apr\u00e8s 33&nbsp;ans de collaboration, d\u2019audits positifs et de r\u00e9sultats jug\u00e9s excellents, Cr\u00e9emploi se voit \u00e9cart\u00e9e des appels \u00e0 projets ARAE (Appels \u00e0 recherche active d&#8217;emploi)&nbsp;2026-2029 et voit sa survie menac\u00e9e, alerte son vice-pr\u00e9sident, Alain Schenkels.<\/strong><\/p>\n\n\n\n<p>Le conseil d\u2019administration a d\u00e9cid\u00e9 de porter l\u2019affaire devant le Conseil d\u2019\u00c9tat, d\u00e9non\u00e7ant un manque de justifications claires, des erreurs d\u2019\u00e9valuation et demandant une suspension urgente pour \u00e9viter l\u2019arr\u00eat de ses activit\u00e9s. Au c\u0153ur de ce recours, il y a d\u2019abord un paradoxe. Cr\u00e9emploi ne se pr\u00e9sente pas comme un op\u00e9rateur en difficult\u00e9, mais comme un partenaire pionnier qui a d\u00e9montr\u00e9 son efficacit\u00e9 et l\u2019excellence de ses r\u00e9sultats, attest\u00e9s par des audits r\u00e9guliers d\u2019Actiris et des rapports d\u2019activit\u00e9 annuels d\u00e9taill\u00e9s.<\/p>\n\n\n\n<p>L\u2019ASBL b\u00e9n\u00e9ficie actuellement de 3&nbsp;\u00e9quivalents temps plein&nbsp;(ETP) et a r\u00e9pondu \u00e0 l\u2019appel ARAE&nbsp;2026-2029 en respectant le cahier des charges&nbsp;: proposition de 4&nbsp;ETP et d\u00e9p\u00f4t d\u2019une m\u00e9thodologie compl\u00e8te \u00ab&nbsp;<em>Impulsio&nbsp;\u00bb<\/em> structur\u00e9e en phases progressives et appuy\u00e9e par 11&nbsp;outils p\u00e9dagogiques sp\u00e9cifiques.<\/p>\n\n\n\n<p>Or, la notification de refus invoque des arguments g\u00e9n\u00e9riques&nbsp;: \u00ab&nbsp;budget global insuffisant&nbsp;\u00bb, \u00ab&nbsp;faible volont\u00e9 d\u2019adaptation&nbsp;\u00bb, \u00ab&nbsp;arguments peu percutants&nbsp;\u00bb, \u00ab&nbsp;re-branding des activit\u00e9s existantes&nbsp;\u00bb. Autant de formules vagues, st\u00e9r\u00e9otyp\u00e9es et applicables \u00e0 n\u2019importe quel dossier refus\u00e9, sans r\u00e9f\u00e9rence concr\u00e8te aux 11&nbsp;annexes d\u00e9pos\u00e9es, ni \u00e0 la m\u00e9thodologie <em>Impulsio<\/em>, ni aux notes dans la grille d\u2019\u00e9valuation.<\/p>\n\n\n\n<p>Notre \u00e9tonnement porte aussi sur la mani\u00e8re dont la grille et le rapport d\u2019Actiris sont r\u00e9dig\u00e9s&nbsp;: l\u00e0 o\u00f9 les 9&nbsp;op\u00e9rateurs retenus voient leurs points forts et faibles explicitement identifi\u00e9s, pour Cr\u00e9emploi seuls des points n\u00e9gatifs sont mentionn\u00e9s, malgr\u00e9 une sant\u00e9 financi\u00e8re qualifi\u00e9e d\u2019irr\u00e9prochable, unique parmi les autres op\u00e9rateurs.<\/p>\n\n\n\n<p>Il s\u2019agit d\u2019un traitement in\u00e9gal \u00e9vident&nbsp;: certains sont valoris\u00e9s pour leur qualit\u00e9 historique malgr\u00e9 des difficult\u00e9s de personnel ou de budget, alors m\u00eame que notre&nbsp;ASBL fait valoir plus de 30&nbsp;ann\u00e9es d\u2019activit\u00e9, sans aucun probl\u00e8me de personnel ou budg\u00e9taire et des r\u00e9sultats jug\u00e9s excellents.<\/p>\n\n\n\n<p>C\u2019est pourquoi nous interpr\u00e9tons l\u2019absence de mention d\u2019\u00e9l\u00e9ments positifs comme le signe d\u2019un examen incomplet du dossier, posant la question l\u00e9gitime de la r\u00e9elle motivation du refus de notre candidature.<\/p>\n\n\n\n<p>Au-del\u00e0 de la dimension juridique, les enjeux financiers sont consid\u00e9rables. Le refus de subside pour la p\u00e9riode 2026-2029 repr\u00e9sente, sur 4&nbsp;ans pour 4&nbsp;ETP, pr\u00e8s de 1,5&nbsp;million d\u2019euros qui constituent la source principale de financement de l\u2019ASBL.<\/p>\n\n\n\n<p>Avec la pr\u00e9sidente Fran\u00e7oise de&nbsp;Callata\u00ff, nous avons d\u00fb envoyer, \u00e0 titre conservatoire, leur pr\u00e9avis aux&nbsp;3&nbsp;ETP actuellement en poste, mena\u00e7ant directement l\u2019emploi et la continuit\u00e9 du service rendu.<\/p>\n\n\n\n<p>Depuis le 1<sup>er<\/sup>&nbsp;janvier, plus aucun subside d\u2019Actiris n\u2019est vers\u00e9, alors que les charges fixes \u2013 loyers, co\u00fbts de fonctionnement, indemnit\u00e9s de pr\u00e9avis \u2013 continuent de courir.<\/p>\n\n\n\n<p>Gr\u00e2ce \u00e0 une bonne gestion, nous avons une r\u00e9serve financi\u00e8re qui nous donne les moyens de tenir quelque temps et, par ailleurs, un subside de 54&nbsp;000&nbsp;\u20ac allou\u00e9 par la commune de Woluwe-Saint-Pierre permet de couvrir les charges courantes, mais ces montants ne suffiront pas \u00e0 maintenir les activit\u00e9s sans soutien r\u00e9gional.<\/p>\n\n\n\n<p>Cette crise intervient alors que la r\u00e9forme du ch\u00f4mage limite d\u00e9sormais sa dur\u00e9e \u00e0 2&nbsp;ans maximum, ce qui va m\u00e9caniquement augmenter sensiblement le nombre de demandeurs d\u2019emploi bruxellois, n\u00e9cessitant un accompagnement intensif et personnalis\u00e9.<\/p>\n\n\n\n<p>Notre structure se pr\u00e9sente comme un acteur particuli\u00e8rement adapt\u00e9 \u00e0 ce d\u00e9fi, capable d\u2019obtenir des r\u00e9sultats d\u2019excellence aupr\u00e8s de publics vari\u00e9s de toute la R\u00e9gion gr\u00e2ce \u00e0 une m\u00e9thodologie structur\u00e9e et \u00e0 un suivi individualis\u00e9. Dans cette optique, la disparition de Cr\u00e9emploi ne serait pas seulement la fermeture d\u2019une&nbsp;ASBL, mais la perte d\u2019un op\u00e9rateur historique performant dans un contexte o\u00f9 les besoins d\u2019accompagnement vont exploser.<\/p>\n\n\n\n<p>Devant le Conseil d\u2019\u00c9tat, nous demanderons \u00e0 la fois une suspension et une annulation de la d\u00e9cision d\u2019Actiris. La suspension serait indispensable pour pr\u00e9server nos activit\u00e9s \u00e0 tr\u00e8s court terme et emp\u00eacher une cessation imm\u00e9diate.<\/p>\n\n\n\n<p>L\u2019annulation, si elle \u00e9tait prononc\u00e9e, obligerait Actiris \u00e0 refaire l\u2019examen des candidatures de mani\u00e8re plus \u00e9quitable, en garantissant la l\u00e9galit\u00e9 du processus et en permettant \u00e0 l\u2019ASBL d\u2019\u00eatre jug\u00e9e sur sa r\u00e9elle plus\u2011value. Sans assurance d\u2019\u00eatre s\u00e9lectionn\u00e9, cette voie offrirait au moins la garantie d\u2019une \u00e9valuation fond\u00e9e sur des crit\u00e8res explicites et motiv\u00e9s.<\/p>\n\n\n\n<p>Au\u2011del\u00e0 du litige entre un op\u00e9rateur et Actiris, une question de fond se pose&nbsp;: dans une R\u00e9gion o\u00f9 le ch\u00f4mage reste structurel et o\u00f9 les r\u00e8gles d\u2019indemnisation se durcissent, peut\u2011on se passer d\u2019un acteur qui, depuis si longtemps, accompagne les chercheurs d\u2019emploi bruxellois avec des r\u00e9sultats salu\u00e9s jusque-l\u00e0 par le pouvoir public lui\u2011m\u00eame&nbsp;? <\/p>\n\n\n\n<p>Alain Schenkels, Vice-Pr\u00e9sident de l\u2019ASBL&nbsp;Cr\u00e9emploi<\/p>\n","protected":false},"excerpt":{"rendered":"<p>Carte blanche publi\u00e9e dans le m\u00e9dia belge 21News :&nbsp;cliquez ICI L\u2019ASBL&nbsp;Cr\u00e9emploi est partenaire d\u2019Actiris dans l\u2019accompagnement des chercheurs d\u2019emploi de toute la R\u00e9gion de Bruxelles-Capitale. Apr\u00e8s 33&nbsp;ans de collaboration, d\u2019audits positifs et de r\u00e9sultats jug\u00e9s excellents, Cr\u00e9emploi se voit \u00e9cart\u00e9e des appels \u00e0 projets ARAE (Appels \u00e0 recherche active d&#8217;emploi)&nbsp;2026-2029 et voit sa survie menac\u00e9e, [&hellip;]<\/p>\n","protected":false},"author":1,"featured_media":2187,"comment_status":"closed","ping_status":"open","sticky":false,"template":"","format":"standard","meta":{"footnotes":""},"categories":[4,13],"tags":[],"class_list":["post-2127","post","type-post","status-publish","format-standard","has-post-thumbnail","hentry","category-belgique","category-carte-blanche"],"_links":{"self":[{"href":"https:\/\/rrb.be\/rrb\/wp-json\/wp\/v2\/posts\/2127","targetHints":{"allow":["GET"]}}],"collection":[{"href":"https:\/\/rrb.be\/rrb\/wp-json\/wp\/v2\/posts"}],"about":[{"href":"https:\/\/rrb.be\/rrb\/wp-json\/wp\/v2\/types\/post"}],"author":[{"embeddable":true,"href":"https:\/\/rrb.be\/rrb\/wp-json\/wp\/v2\/users\/1"}],"replies":[{"embeddable":true,"href":"https:\/\/rrb.be\/rrb\/wp-json\/wp\/v2\/comments?post=2127"}],"version-history":[{"count":5,"href":"https:\/\/rrb.be\/rrb\/wp-json\/wp\/v2\/posts\/2127\/revisions"}],"predecessor-version":[{"id":2186,"href":"https:\/\/rrb.be\/rrb\/wp-json\/wp\/v2\/posts\/2127\/revisions\/2186"}],"wp:featuredmedia":[{"embeddable":true,"href":"https:\/\/rrb.be\/rrb\/wp-json\/wp\/v2\/media\/2187"}],"wp:attachment":[{"href":"https:\/\/rrb.be\/rrb\/wp-json\/wp\/v2\/media?parent=2127"}],"wp:term":[{"taxonomy":"category","embeddable":true,"href":"https:\/\/rrb.be\/rrb\/wp-json\/wp\/v2\/categories?post=2127"},{"taxonomy":"post_tag","embeddable":true,"href":"https:\/\/rrb.be\/rrb\/wp-json\/wp\/v2\/tags?post=2127"}],"curies":[{"name":"wp","href":"https:\/\/api.w.org\/{rel}","templated":true}]}}