{"id":2123,"date":"2025-08-18T13:14:00","date_gmt":"2025-08-18T13:14:00","guid":{"rendered":"https:\/\/rrb.be\/rrb\/?p=2123"},"modified":"2026-01-20T13:18:35","modified_gmt":"2026-01-20T13:18:35","slug":"pour-le-juge-luc-hennart-nous-sommes-tous-le-terroriste-de-quelquun-dautre-cette-sortie-doit-etre-sanctionnee-par-ln24","status":"publish","type":"post","link":"https:\/\/rrb.be\/rrb\/pour-le-juge-luc-hennart-nous-sommes-tous-le-terroriste-de-quelquun-dautre-cette-sortie-doit-etre-sanctionnee-par-ln24\/","title":{"rendered":"Pour le Juge Luc Hennart, nous sommes tous le terroriste de quelqu\u2019un d\u2019autre !!! Cette sortie doit \u00eatre sanctionn\u00e9e par LN24"},"content":{"rendered":"\n<p><strong>Un terroriste est une personne qui commet des actes d\u00e9lib\u00e9r\u00e9s de violence ou de menace par l\u2019intimidation ou la terreur. Les mots ont un sens, de nos jours ils sont galvaud\u00e9s et d\u00e9tourn\u00e9s, cette sortie est insultante et diffamante envers tous les citoyens qui respectent notre \u00c9tat de droit.<\/strong><\/p>\n\n\n\n<blockquote class=\"wp-block-quote is-layout-flow wp-block-quote-is-layout-flow\">\n<p><strong><em>Non Monsieur Hennart, je ne suis le terroriste de personne !<\/em><\/strong><\/p>\n<\/blockquote>\n\n\n\n<p>Je d\u00e9nonce avec force les propos du juge Luc Hennart tenus sur LN24, affirmant que \u00ab nous sommes tous le terroriste de quelqu\u2019un d\u2019autre \u00bb. Cette d\u00e9claration relativise le terrorisme et m\u00e9rite une sanction imm\u00e9diate de la cha\u00eene, car elle blesse les citoyens attach\u00e9s \u00e0 l\u2019\u00c9tat de droit.<\/p>\n\n\n\n<p>J\u2019ai suivi cette intervention o\u00f9 le magistrat assimile implicitement tout individu \u00e0 un terroriste potentiel. Or un terroriste commet des violences intentionnelles pour intimider ou semer la terreur, loin du quotidien des honn\u00eates gens. Cette sortie galvaude un terme pr\u00e9cis et heurte la sensibilit\u00e9 collective.<\/p>\n\n\n\n<h2 class=\"wp-block-heading\" id=\"mots-dtourns-sens-perdu\">Mots d\u00e9tourn\u00e9s, sens perdu<\/h2>\n\n\n\n<p>Aujourd\u2019hui, le langage se d\u00e9forme trop souvent, mais je refuse cette banalisation. Non, Monsieur Hennart, je ne suis le terroriste de personne ! Ces mots sonnent comme une insulte diffamatoire envers ceux qui respectent les lois, fondement de notre soci\u00e9t\u00e9.<\/p>\n\n\n\n<h2 class=\"wp-block-heading\" id=\"appel--la-responsabilit-de-ln24\">Appel \u00e0 la responsabilit\u00e9 de LN24<\/h2>\n\n\n\n<p>La cha\u00eene doit assumer et sanctionner cette d\u00e9rive. Dans un pays marqu\u00e9 par des attentats, de telles paroles fragilisent le d\u00e9bat public et la m\u00e9moire des victimes. Il est urgent de restaurer la rigueur journalistique et le respect des termes justes.<\/p>\n\n\n\n<p>Par Alain Schenkels<\/p>\n\n\n\n<figure data-wp-context=\"{&quot;imageId&quot;:&quot;69f1000f149d5&quot;}\" data-wp-interactive=\"core\/image\" data-wp-key=\"69f1000f149d5\" class=\"wp-block-image size-full is-resized wp-lightbox-container\"><img loading=\"lazy\" decoding=\"async\" width=\"728\" height=\"1006\" data-wp-class--hide=\"state.isContentHidden\" data-wp-class--show=\"state.isContentVisible\" data-wp-init=\"callbacks.setButtonStyles\" data-wp-on--click=\"actions.showLightbox\" data-wp-on--load=\"callbacks.setButtonStyles\" data-wp-on-window--resize=\"callbacks.setButtonStyles\" src=\"http:\/\/rrb.be\/rrb\/wp-content\/uploads\/2025\/12\/Alain_Schenkels-2.jpg\" alt=\"\" class=\"wp-image-484\" style=\"width:226px;height:auto\" srcset=\"https:\/\/rrb.be\/rrb\/wp-content\/uploads\/2025\/12\/Alain_Schenkels-2.jpg 728w, https:\/\/rrb.be\/rrb\/wp-content\/uploads\/2025\/12\/Alain_Schenkels-2-217x300.jpg 217w\" sizes=\"auto, (max-width: 728px) 100vw, 728px\" \/><button\n\t\t\tclass=\"lightbox-trigger\"\n\t\t\ttype=\"button\"\n\t\t\taria-haspopup=\"dialog\"\n\t\t\taria-label=\"Enlarge\"\n\t\t\tdata-wp-init=\"callbacks.initTriggerButton\"\n\t\t\tdata-wp-on--click=\"actions.showLightbox\"\n\t\t\tdata-wp-style--right=\"state.imageButtonRight\"\n\t\t\tdata-wp-style--top=\"state.imageButtonTop\"\n\t\t>\n\t\t\t<svg xmlns=\"http:\/\/www.w3.org\/2000\/svg\" width=\"12\" height=\"12\" fill=\"none\" viewBox=\"0 0 12 12\">\n\t\t\t\t<path fill=\"#fff\" d=\"M2 0a2 2 0 0 0-2 2v2h1.5V2a.5.5 0 0 1 .5-.5h2V0H2Zm2 10.5H2a.5.5 0 0 1-.5-.5V8H0v2a2 2 0 0 0 2 2h2v-1.5ZM8 12v-1.5h2a.5.5 0 0 0 .5-.5V8H12v2a2 2 0 0 1-2 2H8Zm2-12a2 2 0 0 1 2 2v2h-1.5V2a.5.5 0 0 0-.5-.5H8V0h2Z\" \/>\n\t\t\t<\/svg>\n\t\t<\/button><\/figure>\n","protected":false},"excerpt":{"rendered":"<p>Un terroriste est une personne qui commet des actes d\u00e9lib\u00e9r\u00e9s de violence ou de menace par l\u2019intimidation ou la terreur. Les mots ont un sens, de nos jours ils sont galvaud\u00e9s et d\u00e9tourn\u00e9s, cette sortie est insultante et diffamante envers tous les citoyens qui respectent notre \u00c9tat de droit. Non Monsieur Hennart, je ne suis [&hellip;]<\/p>\n","protected":false},"author":1,"featured_media":2124,"comment_status":"closed","ping_status":"open","sticky":false,"template":"","format":"standard","meta":{"footnotes":""},"categories":[4],"tags":[],"class_list":["post-2123","post","type-post","status-publish","format-standard","has-post-thumbnail","hentry","category-belgique"],"_links":{"self":[{"href":"https:\/\/rrb.be\/rrb\/wp-json\/wp\/v2\/posts\/2123","targetHints":{"allow":["GET"]}}],"collection":[{"href":"https:\/\/rrb.be\/rrb\/wp-json\/wp\/v2\/posts"}],"about":[{"href":"https:\/\/rrb.be\/rrb\/wp-json\/wp\/v2\/types\/post"}],"author":[{"embeddable":true,"href":"https:\/\/rrb.be\/rrb\/wp-json\/wp\/v2\/users\/1"}],"replies":[{"embeddable":true,"href":"https:\/\/rrb.be\/rrb\/wp-json\/wp\/v2\/comments?post=2123"}],"version-history":[{"count":1,"href":"https:\/\/rrb.be\/rrb\/wp-json\/wp\/v2\/posts\/2123\/revisions"}],"predecessor-version":[{"id":2125,"href":"https:\/\/rrb.be\/rrb\/wp-json\/wp\/v2\/posts\/2123\/revisions\/2125"}],"wp:featuredmedia":[{"embeddable":true,"href":"https:\/\/rrb.be\/rrb\/wp-json\/wp\/v2\/media\/2124"}],"wp:attachment":[{"href":"https:\/\/rrb.be\/rrb\/wp-json\/wp\/v2\/media?parent=2123"}],"wp:term":[{"taxonomy":"category","embeddable":true,"href":"https:\/\/rrb.be\/rrb\/wp-json\/wp\/v2\/categories?post=2123"},{"taxonomy":"post_tag","embeddable":true,"href":"https:\/\/rrb.be\/rrb\/wp-json\/wp\/v2\/tags?post=2123"}],"curies":[{"name":"wp","href":"https:\/\/api.w.org\/{rel}","templated":true}]}}