{"id":2120,"date":"2025-07-01T13:07:00","date_gmt":"2025-07-01T13:07:00","guid":{"rendered":"https:\/\/rrb.be\/rrb\/?p=2120"},"modified":"2026-02-05T14:44:55","modified_gmt":"2026-02-05T14:44:55","slug":"operation-vigilant-protector-la-defense-veille-sur-les-centrales-nucleaires-theo-francken","status":"publish","type":"post","link":"https:\/\/rrb.be\/rrb\/operation-vigilant-protector-la-defense-veille-sur-les-centrales-nucleaires-theo-francken\/","title":{"rendered":"Op\u00e9ration \u2018Vigilant Protector\u2019 : la D\u00e9fense veille sur les centrales nucl\u00e9aires (Theo Francken)"},"content":{"rendered":"\n<p><strong>La centrale nucl\u00e9aire de Tihange a heureusement pu \u00eatre sauv\u00e9e de la d\u00e9molition que le gouvernement Vivaldi avait pr\u00e9vue, juste \u00e0 temps. Mais cela ne signifie pas qu\u2019il n\u2019existe pas d\u2019autres forces qui veulent perturber son fonctionnement. Il existe un risque de sabotage provenant de milieux \u00e9cologiques radicaux, jihadistes et russes.<\/strong><\/p>\n\n\n\n<p><strong>Vigilants et motiv\u00e9s<\/strong><\/p>\n\n\n\n<p>La D\u00e9fense prend en charge la s\u00e9curit\u00e9 de ce site strat\u00e9gique \u00e0 partir d\u2019aujourd\u2019hui. Je viens de visiter notre d\u00e9tachement de la Force Protection de Florennes qui assurera la protection de la centrale nucl\u00e9aire de Tihange dans les prochaines semaines. Ils \u00e9taient vigilants et motiv\u00e9s. Leur mat\u00e9riel \u00e9tait \u00e9galement irr\u00e9prochable. Cela n\u2019a pas toujours \u00e9t\u00e9 le cas\u2026<\/p>\n\n\n\n<p><strong>Op\u00e9ration \u2018Vigilant Protector\u2019<\/strong><\/p>\n\n\n\n<p>\u00c0 la demande du gouvernement f\u00e9d\u00e9ral, la D\u00e9fense reprendra la s\u00e9curit\u00e9 des six sites nucl\u00e9aires en Belgique \u00e0 la Police f\u00e9d\u00e9rale : Doel, Tihange, Mol, Geel, Dessel et Fleurus. Nous renfor\u00e7ons ainsi la s\u00e9curit\u00e9 de ces sites. Parall\u00e8lement, nous lib\u00e9rons de la capacit\u00e9 polici\u00e8re afin de l\u2019engager dans la lutte contre la criminalit\u00e9 li\u00e9e \u00e0 la drogue dans les quartiers dits \u2018chauds\u2019 de Bruxelles.<\/p>\n\n\n\n<p><strong>S\u00e9curit\u00e9 int\u00e9rieure<\/strong><\/p>\n\n\n\n<p>Traditionnellement, le r\u00f4le de la D\u00e9fense est d\u2019assurer la s\u00e9curit\u00e9 ext\u00e9rieure. La \u2018guerre hybride\u2019 que la Russie m\u00e8ne actuellement contre les pays europ\u00e9ens, notamment par le sabotage d\u2019infrastructures critiques, nous contraint \u00e0 jouer un r\u00f4le accru \u00e0 l\u2019int\u00e9rieur du pays. \u00c0 cela s\u2019ajoutent les menaces de sabotage \u00e9manant d\u2019autres groupes radicaux. Le r\u00e9cent sabotage contre l\u2019entreprise d\u2019armement OIP \u00e0 Tournai, qui livre des v\u00e9hicules blind\u00e9s \u00e0 l\u2019Ukraine, est un nouvel avertissement que nous devons prendre ce risque au s\u00e9rieux.<\/p>\n\n\n\n<p><strong>R\u00e9serve territoriale<\/strong><\/p>\n\n\n\n<p>Afin d\u2019intervenir rapidement en cas de crise int\u00e9rieure grave, nous allons renforcer notre capacit\u00e9 militaire avec une r\u00e9serve territoriale puissante. Elle sera compos\u00e9e de militaires \u00e0 temps partiel bien form\u00e9s et bien \u00e9quip\u00e9s. Des personnes qui souhaitent d\u00e9couvrir la vie militaire \u00e0 temps partiel, sans renoncer \u00e0 leur m\u00e9tier et \u00e0 leur carri\u00e8re actuels : inscrivez-vous ! Nous recrutons cette ann\u00e9e plus de 2000 r\u00e9servistes.<\/p>\n\n\n\n<p>Theo Francken<br>Ministre de la D\u00e9fense<\/p>\n","protected":false},"excerpt":{"rendered":"<p>La centrale nucl\u00e9aire de Tihange a heureusement pu \u00eatre sauv\u00e9e de la d\u00e9molition que le gouvernement Vivaldi avait pr\u00e9vue, juste \u00e0 temps. Mais cela ne signifie pas qu\u2019il n\u2019existe pas d\u2019autres forces qui veulent perturber son fonctionnement. Il existe un risque de sabotage provenant de milieux \u00e9cologiques radicaux, jihadistes et russes. Vigilants et motiv\u00e9s La [&hellip;]<\/p>\n","protected":false},"author":1,"featured_media":2121,"comment_status":"closed","ping_status":"open","sticky":false,"template":"","format":"standard","meta":{"footnotes":""},"categories":[16,4],"tags":[],"class_list":["post-2120","post","type-post","status-publish","format-standard","has-post-thumbnail","hentry","category-armee-belge","category-belgique"],"_links":{"self":[{"href":"https:\/\/rrb.be\/rrb\/wp-json\/wp\/v2\/posts\/2120","targetHints":{"allow":["GET"]}}],"collection":[{"href":"https:\/\/rrb.be\/rrb\/wp-json\/wp\/v2\/posts"}],"about":[{"href":"https:\/\/rrb.be\/rrb\/wp-json\/wp\/v2\/types\/post"}],"author":[{"embeddable":true,"href":"https:\/\/rrb.be\/rrb\/wp-json\/wp\/v2\/users\/1"}],"replies":[{"embeddable":true,"href":"https:\/\/rrb.be\/rrb\/wp-json\/wp\/v2\/comments?post=2120"}],"version-history":[{"count":1,"href":"https:\/\/rrb.be\/rrb\/wp-json\/wp\/v2\/posts\/2120\/revisions"}],"predecessor-version":[{"id":2122,"href":"https:\/\/rrb.be\/rrb\/wp-json\/wp\/v2\/posts\/2120\/revisions\/2122"}],"wp:featuredmedia":[{"embeddable":true,"href":"https:\/\/rrb.be\/rrb\/wp-json\/wp\/v2\/media\/2121"}],"wp:attachment":[{"href":"https:\/\/rrb.be\/rrb\/wp-json\/wp\/v2\/media?parent=2120"}],"wp:term":[{"taxonomy":"category","embeddable":true,"href":"https:\/\/rrb.be\/rrb\/wp-json\/wp\/v2\/categories?post=2120"},{"taxonomy":"post_tag","embeddable":true,"href":"https:\/\/rrb.be\/rrb\/wp-json\/wp\/v2\/tags?post=2120"}],"curies":[{"name":"wp","href":"https:\/\/api.w.org\/{rel}","templated":true}]}}