{"id":2116,"date":"2025-07-12T12:57:00","date_gmt":"2025-07-12T12:57:00","guid":{"rendered":"https:\/\/rrb.be\/rrb\/?p=2116"},"modified":"2026-01-20T12:59:54","modified_gmt":"2026-01-20T12:59:54","slug":"nouvelle-attaque-en-cisjordanie-shalev-zvuluny-22-ans-tue-dans-un-attentat-a-gush-etzion","status":"publish","type":"post","link":"https:\/\/rrb.be\/rrb\/nouvelle-attaque-en-cisjordanie-shalev-zvuluny-22-ans-tue-dans-un-attentat-a-gush-etzion\/","title":{"rendered":"Nouvelle attaque en Cisjordanie : Shalev Zvuluny, 22 ans, tu\u00e9 dans un attentat \u00e0 Gush Etzion"},"content":{"rendered":"\n<p><strong>Le 10 juillet 2025, une attaque violente s\u2019est produite \u00e0 la jonction de Gush Etzion, en Cisjordanie, entra\u00eenant la mort de Shalev Zvuluny, un agent de s\u00e9curit\u00e9 de 22 ans. <\/strong><\/p>\n\n\n\n<p>L\u2019attaque s\u2019est d\u00e9roul\u00e9 sur le parking du centre commercial Harim Mall, o\u00f9 cet homme a d\u2019abord \u00e9t\u00e9 poignard\u00e9 avant d\u2019\u00eatre abattu avec sa propre arme, saisie par les assaillants.<\/p>\n\n\n\n<p>Les deux auteurs de l\u2019attaque, Mahmoud Abed et Malek Salem, \u00e2g\u00e9s de 23 ans et membres des forces de police de l\u2019Autorit\u00e9 palestinienne form\u00e9s au Qatar, ont \u00e9t\u00e9 abattus par un citoyen arm\u00e9 qui par chance se trouvait sur les lieux.<\/p>\n\n\n\n<p>Les forces isra\u00e9liennes, comprenant un civil arm\u00e9 et un soldat de Tsahal, sont intervenues rapidement apr\u00e8s l\u2019attaque. En r\u00e9ponse, l\u2019arm\u00e9e isra\u00e9lienne a renforc\u00e9 les dispositifs de s\u00e9curit\u00e9, multipliant les points de contr\u00f4le et encerclant la ville de Halhul.<\/p>\n\n\n\n<p>Le Hamas a salu\u00e9 l\u2019action, la qualifiant d\u2019\u00ab h\u00e9ro\u00efque \u00bb et appelant \u00e0 intensifier les attaques, tandis que l\u2019Autorit\u00e9 palestinienne a annonc\u00e9 l\u2019ouverture d\u2019une enqu\u00eate sur les circonstances de l\u2019\u00e9v\u00e9nement. Cet attentat, le premier \u00e0 faire une victime depuis pr\u00e8s de deux mois, relance le d\u00e9bat sur la coop\u00e9ration s\u00e9curitaire et les tensions persistantes en Cisjordanie.<\/p>\n\n\n\n<p>Depuis octobre 2023, les forces isra\u00e9liennes ont proc\u00e9d\u00e9 \u00e0 l\u2019arrestation de 6 000 Palestiniens, dont 2 350 soup\u00e7onn\u00e9s d\u2019appartenir au Hamas. La communaut\u00e9 de Kiryat Arba est en deuil apr\u00e8s la perte de Shalev Zvuluny, d\u00e9crit comme une \u00ab personne sp\u00e9ciale aim\u00e9e de tous ceux qui le connaissaient \u00bb.<\/p>\n\n\n\n<p>Les implications politiques et s\u00e9curitaires de cet attentat restent \u00e0 \u00e9valuer.<\/p>\n\n\n\n<figure class=\"wp-block-image size-full\"><img loading=\"lazy\" decoding=\"async\" width=\"565\" height=\"595\" src=\"https:\/\/rrb.be\/rrb\/wp-content\/uploads\/2026\/01\/Nouvelle-attaque-en-Cisjordanie-Shalev-Zvuluny-22-ans-tue-dans-un-attentat-a-Gush-Etzion-2.jpg\" alt=\"\" class=\"wp-image-2118\" srcset=\"https:\/\/rrb.be\/rrb\/wp-content\/uploads\/2026\/01\/Nouvelle-attaque-en-Cisjordanie-Shalev-Zvuluny-22-ans-tue-dans-un-attentat-a-Gush-Etzion-2.jpg 565w, https:\/\/rrb.be\/rrb\/wp-content\/uploads\/2026\/01\/Nouvelle-attaque-en-Cisjordanie-Shalev-Zvuluny-22-ans-tue-dans-un-attentat-a-Gush-Etzion-2-285x300.jpg 285w\" sizes=\"auto, (max-width: 565px) 100vw, 565px\" \/><\/figure>\n\n\n\n<p>Par Alain Schenkels<\/p>\n\n\n\n<figure data-wp-context=\"{&quot;imageId&quot;:&quot;69f12675425e4&quot;}\" data-wp-interactive=\"core\/image\" data-wp-key=\"69f12675425e4\" class=\"wp-block-image size-full is-resized wp-lightbox-container\"><img loading=\"lazy\" decoding=\"async\" width=\"728\" height=\"1006\" data-wp-class--hide=\"state.isContentHidden\" data-wp-class--show=\"state.isContentVisible\" data-wp-init=\"callbacks.setButtonStyles\" data-wp-on--click=\"actions.showLightbox\" data-wp-on--load=\"callbacks.setButtonStyles\" data-wp-on-window--resize=\"callbacks.setButtonStyles\" src=\"http:\/\/rrb.be\/rrb\/wp-content\/uploads\/2025\/12\/Alain_Schenkels-1.jpg\" alt=\"\" class=\"wp-image-329\" style=\"width:232px;height:auto\" srcset=\"https:\/\/rrb.be\/rrb\/wp-content\/uploads\/2025\/12\/Alain_Schenkels-1.jpg 728w, https:\/\/rrb.be\/rrb\/wp-content\/uploads\/2025\/12\/Alain_Schenkels-1-217x300.jpg 217w\" sizes=\"auto, (max-width: 728px) 100vw, 728px\" \/><button\n\t\t\tclass=\"lightbox-trigger\"\n\t\t\ttype=\"button\"\n\t\t\taria-haspopup=\"dialog\"\n\t\t\taria-label=\"Enlarge\"\n\t\t\tdata-wp-init=\"callbacks.initTriggerButton\"\n\t\t\tdata-wp-on--click=\"actions.showLightbox\"\n\t\t\tdata-wp-style--right=\"state.imageButtonRight\"\n\t\t\tdata-wp-style--top=\"state.imageButtonTop\"\n\t\t>\n\t\t\t<svg xmlns=\"http:\/\/www.w3.org\/2000\/svg\" width=\"12\" height=\"12\" fill=\"none\" viewBox=\"0 0 12 12\">\n\t\t\t\t<path fill=\"#fff\" d=\"M2 0a2 2 0 0 0-2 2v2h1.5V2a.5.5 0 0 1 .5-.5h2V0H2Zm2 10.5H2a.5.5 0 0 1-.5-.5V8H0v2a2 2 0 0 0 2 2h2v-1.5ZM8 12v-1.5h2a.5.5 0 0 0 .5-.5V8H12v2a2 2 0 0 1-2 2H8Zm2-12a2 2 0 0 1 2 2v2h-1.5V2a.5.5 0 0 0-.5-.5H8V0h2Z\" \/>\n\t\t\t<\/svg>\n\t\t<\/button><\/figure>\n","protected":false},"excerpt":{"rendered":"<p>Le 10 juillet 2025, une attaque violente s\u2019est produite \u00e0 la jonction de Gush Etzion, en Cisjordanie, entra\u00eenant la mort de Shalev Zvuluny, un agent de s\u00e9curit\u00e9 de 22 ans. L\u2019attaque s\u2019est d\u00e9roul\u00e9 sur le parking du centre commercial Harim Mall, o\u00f9 cet homme a d\u2019abord \u00e9t\u00e9 poignard\u00e9 avant d\u2019\u00eatre abattu avec sa propre arme, [&hellip;]<\/p>\n","protected":false},"author":1,"featured_media":2117,"comment_status":"closed","ping_status":"open","sticky":false,"template":"","format":"standard","meta":{"footnotes":""},"categories":[6],"tags":[],"class_list":["post-2116","post","type-post","status-publish","format-standard","has-post-thumbnail","hentry","category-guerre-israel-palestine"],"_links":{"self":[{"href":"https:\/\/rrb.be\/rrb\/wp-json\/wp\/v2\/posts\/2116","targetHints":{"allow":["GET"]}}],"collection":[{"href":"https:\/\/rrb.be\/rrb\/wp-json\/wp\/v2\/posts"}],"about":[{"href":"https:\/\/rrb.be\/rrb\/wp-json\/wp\/v2\/types\/post"}],"author":[{"embeddable":true,"href":"https:\/\/rrb.be\/rrb\/wp-json\/wp\/v2\/users\/1"}],"replies":[{"embeddable":true,"href":"https:\/\/rrb.be\/rrb\/wp-json\/wp\/v2\/comments?post=2116"}],"version-history":[{"count":1,"href":"https:\/\/rrb.be\/rrb\/wp-json\/wp\/v2\/posts\/2116\/revisions"}],"predecessor-version":[{"id":2119,"href":"https:\/\/rrb.be\/rrb\/wp-json\/wp\/v2\/posts\/2116\/revisions\/2119"}],"wp:featuredmedia":[{"embeddable":true,"href":"https:\/\/rrb.be\/rrb\/wp-json\/wp\/v2\/media\/2117"}],"wp:attachment":[{"href":"https:\/\/rrb.be\/rrb\/wp-json\/wp\/v2\/media?parent=2116"}],"wp:term":[{"taxonomy":"category","embeddable":true,"href":"https:\/\/rrb.be\/rrb\/wp-json\/wp\/v2\/categories?post=2116"},{"taxonomy":"post_tag","embeddable":true,"href":"https:\/\/rrb.be\/rrb\/wp-json\/wp\/v2\/tags?post=2116"}],"curies":[{"name":"wp","href":"https:\/\/api.w.org\/{rel}","templated":true}]}}