{"id":2113,"date":"2025-06-09T12:51:00","date_gmt":"2025-06-09T12:51:00","guid":{"rendered":"https:\/\/rrb.be\/rrb\/?p=2113"},"modified":"2026-02-05T14:48:31","modified_gmt":"2026-02-05T14:48:31","slug":"pourquoi-5-du-pib-pour-la-securite-un-eclairage-sur-les-enjeux-actuels-theo-francken","status":"publish","type":"post","link":"https:\/\/rrb.be\/rrb\/pourquoi-5-du-pib-pour-la-securite-un-eclairage-sur-les-enjeux-actuels-theo-francken\/","title":{"rendered":"Pourquoi 5% du PIB pour la s\u00e9curit\u00e9 ? Un \u00e9clairage sur les enjeux actuels (Theo Francken)"},"content":{"rendered":"\n<p><strong>Amis, la politique n\u2019est pas un m\u00e9tier pour jeunes filles rougissantes, mais on pourrait s\u2019attendre \u00e0 un minimum d\u2019honn\u00eatet\u00e9 intellectuelle. Je suis habitu\u00e9 \u00e0 la malveillance, mais le manque de connaissances en mati\u00e8re de d\u00e9fense fait parfois mal aux yeux.<\/strong><\/p>\n\n\n\n<p>Je veux s\u00e9parer les faits de la fiction, encadrer les montants et les replacer dans leur contexte. Parce qu\u2019on raconte les choses les plus folles \u00e0 ce sujet, m\u00eame par des gens qui devraient mieux savoir. Suivez-moi un instant.<\/p>\n\n\n\n<p><strong>Le sommet annuel de l\u2019OTAN aura lieu dans deux semaines.<\/strong>&nbsp;Th\u00e8me central : une nouvelle Defense Investment Pledge (DIP). Combien les pays membres de l\u2019OTAN doivent-ils d\u00e9penser pour la d\u00e9fense afin de rester suffisamment dissuasifs face \u00e0 nos ennemis ? C\u2019est la question qui p\u00e8se sur la balance depuis un bon moment.<\/p>\n\n\n\n<p><strong>La pr\u00e9c\u00e9dente DIP a \u00e9t\u00e9 conclue lors du sommet de l\u2019OTAN au Pays de Galles en 2014 et s\u2019\u00e9levait \u00e0 2 % du PIB pour les d\u00e9penses militaires.<\/strong>&nbsp;Outre le montant, le calendrier est \u00e9galement important. Combien de temps avez-vous pour atteindre la DIP ? L\u2019accord pr\u00e9voyait 10 ans. D\u2019ici 2024, nous devions atteindre les 2 %.<br><strong>La Belgique a longtemps ignor\u00e9 cette obligation et a \u00e0 peine atteint 1,3 % l\u2019ann\u00e9e derni\u00e8re.<\/strong>&nbsp;On nous regardait du coin de l\u2019\u0153il comme des passagers clandestins profiteurs. Nous redressons la situation avec le nouveau gouvernement et atteignons d\u00e9sormais les 2 % pour cette ann\u00e9e. Nous sommes \u00e0 nouveau un alli\u00e9 fiable de l\u2019OTAN et sommes \u00e0 nouveau pris au s\u00e9rieux sur le plan international.<\/p>\n\n\n\n<p><strong>Parmi les alli\u00e9s de l\u2019OTAN, un consensus \u00e9merge pour porter les investissements annuels minimums dans la s\u00e9curit\u00e9 \u00e0 5 % du PIB.<\/strong>&nbsp;Mais seulement 3,5 % de ce montant concernent les d\u00e9penses de d\u00e9fense. Les 1,5 % restants concernent les d\u00e9penses de \u00ab r\u00e9silience \u00bb au sens large : d\u00e9veloppement de l\u2019infrastructure de transport, cybers\u00e9curit\u00e9 contre le piratage, s\u00e9curit\u00e9 int\u00e9rieure contre le sabotage, etc. Ce sont en partie des d\u00e9penses que nous faisons d\u00e9j\u00e0, \u00e9galement via les entit\u00e9s f\u00e9d\u00e9r\u00e9es.<\/p>\n\n\n\n<p><strong>Ce 5 % ne sort pas de nulle part ni ne vise \u00e0 faire plaisir au pr\u00e9sident Trump.<\/strong>&nbsp;C\u2019est le r\u00e9sultat du constat implacable qu\u2019apr\u00e8s des d\u00e9cennies de paix, d\u2019\u00e9normes lacunes existent dans notre d\u00e9fense collective. Les capacit\u00e9s dont nous avons besoin pour nous d\u00e9fendre en cas d\u2019attaque ou de guerre hybride \u00e0 grande \u00e9chelle font souvent d\u00e9faut. En r\u00e9sum\u00e9, nous devons combler les trous dans notre bouclier, et cela co\u00fbte beaucoup plus cher que les 2 % actuels.<\/p>\n\n\n\n<p><strong>\u00c0 la fin de la guerre froide, lors de la chute du mur de Berlin, la Belgique d\u00e9pensait aussi 3,5 % pour la d\u00e9fense (et m\u00eame plus avant).<\/strong>&nbsp;Nous sommes \u00e0 nouveau dans une situation de guerre froide. Avec une grande diff\u00e9rence : les Am\u00e9ricains vont r\u00e9duire leur pr\u00e9sence militaire en Europe et la renforcer dans l\u2019Indo-Pacifique. Les \u00c9tats-Unis consid\u00e8rent la Chine comme la menace mondiale num\u00e9ro un et agiront en cons\u00e9quence. L\u2019Europe devra prendre elle-m\u00eame en main l\u2019architecture de s\u00e9curit\u00e9 de son propre continent. Et c\u2019est un v\u00e9ritable changement de donne.<\/p>\n\n\n\n<p><strong>La guerre meurtri\u00e8re qui perdure en Europe fait que nous n\u2019avons pas d\u2019autre choix que d\u2019accro\u00eetre notre r\u00e9silience.<\/strong>&nbsp;Pour rendre \u00e0 nouveau notre d\u00e9fense collective efficace, des plans de d\u00e9fense r\u00e9gionaux ont \u00e9t\u00e9 \u00e9tablis.<\/p>\n\n\n\n<p><strong>Les plans r\u00e9gionaux \u2013 approuv\u00e9s lors du sommet de l\u2019OTAN \u00e0 Vilnius en 2023 \u2013 pr\u00e9cisent ce qui est n\u00e9cessaire pour d\u00e9fendre l\u2019Europe.<\/strong>&nbsp;Cela est mis en commun et partag\u00e9 avec tous les alli\u00e9s, et c\u2019est ainsi que l\u2019on parvient \u00e0 des objectifs de capacit\u00e9 OTAN par pays. Ce sont les objectifs que chaque pays doit atteindre. Ils ont \u00e9t\u00e9 approuv\u00e9s avant-hier. Pour les atteindre, il faut environ 3,5 % du PIB en d\u00e9penses militaires annuelles, en plus des 1,5 % pour des d\u00e9penses plus larges.<\/p>\n\n\n\n<p><strong>Aujourd\u2019hui, des pays europ\u00e9ens comme la Finlande et la Su\u00e8de d\u00e9pensent aussi 3,5 % pour la d\u00e9fense, avec une soci\u00e9t\u00e9 tout aussi vieillissante que la n\u00f4tre.<\/strong>&nbsp;Eux aussi parviennent \u00e0 faire cro\u00eetre leur \u00e9conomie et \u00e0 pr\u00e9server leur \u00c9tat-providence, tout comme nous l\u2019avons fait autrefois. Atteindre 3,5 % n\u2019est donc pas insurmontable pour nous non plus. Nous pouvons y arriver, si nous faisons les bons choix.<\/p>\n\n\n\n<p><strong>Lors de mon plaidoyer \u00e0 l\u2019OTAN, j\u2019ai demand\u00e9 plus de flexibilit\u00e9 et de temps dans la mise en \u0153uvre de la nouvelle DIP.<\/strong>&nbsp;Nous avons besoin \u2013 au lieu des 7 ans propos\u00e9s \u2013 d\u2019au moins 10 ans, et aucune augmentation suppl\u00e9mentaire ne doit \u00eatre impos\u00e9e durant cette l\u00e9gislature. La situation budg\u00e9taire dramatique de notre pays ne le permet pas.<\/p>\n\n\n\n<p><strong>En outre, j\u2019ai fortement plaid\u00e9 pour que tout soutien militaire \u00e0 l\u2019Ukraine puisse \u00eatre comptabilis\u00e9 dans les 3,5 % et que toutes les d\u00e9penses en mati\u00e8re de contr\u00f4le des fronti\u00e8res, par exemple, puissent \u00eatre comptabilis\u00e9es dans les 1,5 %.<\/strong><\/p>\n\n\n\n<p><strong>Cette position a \u00e9t\u00e9 d\u00e9termin\u00e9e par le groupe de travail inter-cabinets pr\u00e9c\u00e9dent, auquel chaque parti de la coalition a particip\u00e9 et donn\u00e9 son approbation explicite.<\/strong>&nbsp;Notre ambassadrice aupr\u00e8s de l\u2019OTAN \u00e9tait pr\u00e9sente tout au long du processus, \u00e9galement lors du d\u00e9briefing de la presse. Il n\u2019est donc pas question d\u2019un quelconque \u00ab rappel \u00e0 l\u2019ordre \u00bb.<\/p>\n\n\n\n<p><strong>Theo Francken<\/strong><\/p>\n\n\n\n<p>(Titre, traduction en fran\u00e7ais et image d\u2019ent\u00eate par Alain Schenkels)<\/p>\n\n\n\n<p><\/p>\n","protected":false},"excerpt":{"rendered":"<p>Amis, la politique n\u2019est pas un m\u00e9tier pour jeunes filles rougissantes, mais on pourrait s\u2019attendre \u00e0 un minimum d\u2019honn\u00eatet\u00e9 intellectuelle. Je suis habitu\u00e9 \u00e0 la malveillance, mais le manque de connaissances en mati\u00e8re de d\u00e9fense fait parfois mal aux yeux. Je veux s\u00e9parer les faits de la fiction, encadrer les montants et les replacer dans [&hellip;]<\/p>\n","protected":false},"author":1,"featured_media":2114,"comment_status":"closed","ping_status":"open","sticky":false,"template":"","format":"standard","meta":{"footnotes":""},"categories":[17,4],"tags":[],"class_list":["post-2113","post","type-post","status-publish","format-standard","has-post-thumbnail","hentry","category-armees-defenses","category-belgique"],"_links":{"self":[{"href":"https:\/\/rrb.be\/rrb\/wp-json\/wp\/v2\/posts\/2113","targetHints":{"allow":["GET"]}}],"collection":[{"href":"https:\/\/rrb.be\/rrb\/wp-json\/wp\/v2\/posts"}],"about":[{"href":"https:\/\/rrb.be\/rrb\/wp-json\/wp\/v2\/types\/post"}],"author":[{"embeddable":true,"href":"https:\/\/rrb.be\/rrb\/wp-json\/wp\/v2\/users\/1"}],"replies":[{"embeddable":true,"href":"https:\/\/rrb.be\/rrb\/wp-json\/wp\/v2\/comments?post=2113"}],"version-history":[{"count":1,"href":"https:\/\/rrb.be\/rrb\/wp-json\/wp\/v2\/posts\/2113\/revisions"}],"predecessor-version":[{"id":2115,"href":"https:\/\/rrb.be\/rrb\/wp-json\/wp\/v2\/posts\/2113\/revisions\/2115"}],"wp:featuredmedia":[{"embeddable":true,"href":"https:\/\/rrb.be\/rrb\/wp-json\/wp\/v2\/media\/2114"}],"wp:attachment":[{"href":"https:\/\/rrb.be\/rrb\/wp-json\/wp\/v2\/media?parent=2113"}],"wp:term":[{"taxonomy":"category","embeddable":true,"href":"https:\/\/rrb.be\/rrb\/wp-json\/wp\/v2\/categories?post=2113"},{"taxonomy":"post_tag","embeddable":true,"href":"https:\/\/rrb.be\/rrb\/wp-json\/wp\/v2\/tags?post=2113"}],"curies":[{"name":"wp","href":"https:\/\/api.w.org\/{rel}","templated":true}]}}