{"id":2106,"date":"2025-07-06T11:39:00","date_gmt":"2025-07-06T11:39:00","guid":{"rendered":"https:\/\/rrb.be\/rrb\/?p=2106"},"modified":"2026-01-20T11:45:51","modified_gmt":"2026-01-20T11:45:51","slug":"gaza-derriere-la-camera-la-guerre-abu-khousa-un-terroriste-deguise-en-journaliste","status":"publish","type":"post","link":"https:\/\/rrb.be\/rrb\/gaza-derriere-la-camera-la-guerre-abu-khousa-un-terroriste-deguise-en-journaliste\/","title":{"rendered":"Gaza : Derri\u00e8re la Cam\u00e9ra, la Guerre, Abu Khousa, un Terroriste d\u00e9guis\u00e9 en Journaliste"},"content":{"rendered":"\n<blockquote class=\"wp-block-quote is-layout-flow wp-block-quote-is-layout-flow\">\n<p>Fayez Aref Abu Khousa, pr\u00e9sent\u00e9 comme journaliste pour France T\u00e9l\u00e9visions, est un membre du Hamas op\u00e9rant sous une fa\u00e7ade m\u00e9diatique. Bless\u00e9 le 2 juillet 2025 par une frappe de drone isra\u00e9lienne \u00e0 Deir el-Balah, cet \u00e9v\u00e9nement n\u2019est pas le fruit du hasard : Isra\u00ebl cible pr\u00e9cis\u00e9ment ses ennemis et sait qui il vise.<\/p>\n<\/blockquote>\n\n\n\n<p>Sur le r\u00e9seau X, des voix telles que @InfoEquitable d\u00e9noncent sans ambigu\u00eft\u00e9 ces \u00ab journalistes \u00bb \u00e0 double casquette, impliqu\u00e9s dans les attaques du 7 octobre 2023 ou soutenant activement les op\u00e9rations du Hamas contre Tsahal. Abu Khousa, comme d\u2019autres, utilise sa couverture journalistique pour masquer ses activit\u00e9s terroristes, trompant ainsi des m\u00e9dias fran\u00e7ais jug\u00e9s na\u00effs ou complaisants.<\/p>\n\n\n\n<p>En France, certains journalistes d\u00e9fendent la \u00ab libert\u00e9 de la presse \u00bb sans reconna\u00eetre l\u2019\u00e9vidence : ces pr\u00e9tendus confr\u00e8res sont des combattants du Hamas, utilisant micros et cam\u00e9ras comme boucliers. Tsahal ne frappe pas au hasard ; chaque cible est choisie pour neutraliser une menace.<\/p>\n\n\n\n<p>Abu Khousa n\u2019est pas une victime, mais un acteur d\u2019une guerre o\u00f9 le Hamas instrumentalise le journalisme pour sa propagande. <\/p>\n\n\n\n<p><strong>Un journaliste ne porte jamais une arme, ne prend jamais part aux combats. <\/strong><br>Cet homme est un ennemi de la paix.<\/p>\n\n\n\n<blockquote class=\"wp-block-quote is-layout-flow wp-block-quote-is-layout-flow\">\n<p>Un terroriste, m\u00eame bless\u00e9, reste un terroriste, un criminel de guerre.<\/p>\n<\/blockquote>\n\n\n\n<blockquote class=\"twitter-tweet\"><p lang=\"fr\" dir=\"ltr\">Vous renouvelez vraiment votre confiance envers <a href=\"https:\/\/twitter.com\/Fayez_a_kh?ref_src=twsrc%5Etfw\" target=\"_blank\" rel=\"noopener\">@Fayez_a_kh<\/a>, <a href=\"https:\/\/twitter.com\/FTVMoyen_Orient?ref_src=twsrc%5Etfw\" target=\"_blank\" rel=\"noopener\">@FTVMoyen_Orient<\/a> <a href=\"https:\/\/twitter.com\/arnauldmiguet?ref_src=twsrc%5Etfw\" target=\"_blank\" rel=\"noopener\">@arnauldmiguet<\/a> ??<br><br>Journaliste pour <a href=\"https:\/\/twitter.com\/Francetele?ref_src=twsrc%5Etfw\" target=\"_blank\" rel=\"noopener\">@Francetele<\/a> et fan du Hamas c\u2019est OK ?<br><br>\ud83d\udd17 <a href=\"https:\/\/t.co\/ckeyvFO4KA\">https:\/\/t.co\/ckeyvFO4KA<\/a> <a href=\"https:\/\/t.co\/iPBnHB291S\">https:\/\/t.co\/iPBnHB291S<\/a> <a href=\"https:\/\/t.co\/ixj69SETQi\">pic.twitter.com\/ixj69SETQi<\/a><\/p>&mdash; InfoEquitable (@InfoEquitable) <a href=\"https:\/\/twitter.com\/InfoEquitable\/status\/1940813843833540997?ref_src=twsrc%5Etfw\" target=\"_blank\" rel=\"noopener\">July 3, 2025<\/a><\/blockquote> <script async src=\"https:\/\/platform.twitter.com\/widgets.js\" charset=\"utf-8\"><\/script>\n\n\n\n<p>Sources\u00a0<a href=\"https:\/\/www.facebook.com\/allwithustousavecnous\" target=\"_blank\" rel=\"noreferrer noopener\">All With Us-Tous Avec Nous<\/a>\u00a0\u2013\u00a0<a href=\"https:\/\/x.com\/InfoEquitable\" target=\"_blank\" rel=\"noreferrer noopener\">InfoEquitable<\/a><\/p>\n\n\n\n<p>Par Alain Schenkels<\/p>\n\n\n\n<figure class=\"wp-block-image size-full is-resized\"><img loading=\"lazy\" decoding=\"async\" width=\"395\" height=\"632\" src=\"http:\/\/rrb.be\/rrb\/wp-content\/uploads\/2026\/01\/Alain-Schenkels-Profil.png\" alt=\"\" class=\"wp-image-2062\" style=\"width:180px;height:auto\" srcset=\"https:\/\/rrb.be\/rrb\/wp-content\/uploads\/2026\/01\/Alain-Schenkels-Profil.png 395w, https:\/\/rrb.be\/rrb\/wp-content\/uploads\/2026\/01\/Alain-Schenkels-Profil-188x300.png 188w\" sizes=\"auto, (max-width: 395px) 100vw, 395px\" \/><\/figure>\n\n\n\n<p><\/p>\n","protected":false},"excerpt":{"rendered":"<p>Fayez Aref Abu Khousa, pr\u00e9sent\u00e9 comme journaliste pour France T\u00e9l\u00e9visions, est un membre du Hamas op\u00e9rant sous une fa\u00e7ade m\u00e9diatique. Bless\u00e9 le 2 juillet 2025 par une frappe de drone isra\u00e9lienne \u00e0 Deir el-Balah, cet \u00e9v\u00e9nement n\u2019est pas le fruit du hasard : Isra\u00ebl cible pr\u00e9cis\u00e9ment ses ennemis et sait qui il vise. Sur le [&hellip;]<\/p>\n","protected":false},"author":1,"featured_media":2107,"comment_status":"closed","ping_status":"open","sticky":false,"template":"","format":"standard","meta":{"footnotes":""},"categories":[6],"tags":[],"class_list":["post-2106","post","type-post","status-publish","format-standard","has-post-thumbnail","hentry","category-guerre-israel-palestine"],"_links":{"self":[{"href":"https:\/\/rrb.be\/rrb\/wp-json\/wp\/v2\/posts\/2106","targetHints":{"allow":["GET"]}}],"collection":[{"href":"https:\/\/rrb.be\/rrb\/wp-json\/wp\/v2\/posts"}],"about":[{"href":"https:\/\/rrb.be\/rrb\/wp-json\/wp\/v2\/types\/post"}],"author":[{"embeddable":true,"href":"https:\/\/rrb.be\/rrb\/wp-json\/wp\/v2\/users\/1"}],"replies":[{"embeddable":true,"href":"https:\/\/rrb.be\/rrb\/wp-json\/wp\/v2\/comments?post=2106"}],"version-history":[{"count":1,"href":"https:\/\/rrb.be\/rrb\/wp-json\/wp\/v2\/posts\/2106\/revisions"}],"predecessor-version":[{"id":2108,"href":"https:\/\/rrb.be\/rrb\/wp-json\/wp\/v2\/posts\/2106\/revisions\/2108"}],"wp:featuredmedia":[{"embeddable":true,"href":"https:\/\/rrb.be\/rrb\/wp-json\/wp\/v2\/media\/2107"}],"wp:attachment":[{"href":"https:\/\/rrb.be\/rrb\/wp-json\/wp\/v2\/media?parent=2106"}],"wp:term":[{"taxonomy":"category","embeddable":true,"href":"https:\/\/rrb.be\/rrb\/wp-json\/wp\/v2\/categories?post=2106"},{"taxonomy":"post_tag","embeddable":true,"href":"https:\/\/rrb.be\/rrb\/wp-json\/wp\/v2\/tags?post=2106"}],"curies":[{"name":"wp","href":"https:\/\/api.w.org\/{rel}","templated":true}]}}