{"id":2086,"date":"2026-01-20T09:31:29","date_gmt":"2026-01-20T09:31:29","guid":{"rendered":"https:\/\/rrb.be\/rrb\/?p=2086"},"modified":"2026-01-20T09:31:30","modified_gmt":"2026-01-20T09:31:30","slug":"lunion-europeenne-protege-ses-infrastructures-vitales-contre-les-risques-chinois","status":"publish","type":"post","link":"https:\/\/rrb.be\/rrb\/lunion-europeenne-protege-ses-infrastructures-vitales-contre-les-risques-chinois\/","title":{"rendered":"L\u2019Union europ\u00e9enne prot\u00e8ge ses infrastructures vitales contre les risques chinois."},"content":{"rendered":"\n<p><strong>Bruxelles engage en janvier 2026 un processus ferme pour retirer les technologies chinoises des r\u00e9seaux vitaux comme les t\u00e9l\u00e9communications, l\u2019\u00e9nergie et le stockage de donn\u00e9es. Cette initiative \u00e9l\u00e8ve la protection de ces secteurs au rang de priorit\u00e9 d\u00e9fensive, transformant des outils civils en \u00e9l\u00e9ments strat\u00e9giques militaires.<\/strong><\/p>\n\n\n\n<h2 class=\"wp-block-heading\" id=\"rseaux-civils-en-enjeu-scuritaire\">R\u00e9seaux civils en enjeu s\u00e9curitaire<\/h2>\n\n\n\n<p>La conflit ukrainien a modifi\u00e9 la perception des risques \u00e0 Bruxelles. Les syst\u00e8mes t\u00e9l\u00e9coms, \u00e9nerg\u00e9tiques et informatiques assurent d\u00e9sormais la soutenabilit\u00e9 des op\u00e9rations arm\u00e9es sur la dur\u00e9e. Les d\u00e9cideurs europ\u00e9ens identifient dans les mat\u00e9riels import\u00e9s des points faibles exploitables pour des dysfonctionnements, des infiltrations ou des actes hostiles.<\/p>\n\n\n\n<p>Les incursions num\u00e9riques contre les \u00e9quipements \u00e0 usage mixte civil-militaire prolif\u00e8rent. La fiabilisation des fili\u00e8res num\u00e9riques \u00e9gale en urgence le d\u00e9veloppement des armements traditionnels. Priv\u00e9e d\u2019arm\u00e9e unifi\u00e9e, l\u2019UE s\u2019appuie sur la r\u00e9glementation, les standards et la robustesse productive pour anticiper les champs de bataille modernes.<\/p>\n\n\n\n<p>Les t\u00e9l\u00e9coms garantissent les liaisons chiffr\u00e9es, les synergies entre unit\u00e9s et l\u2019appui logistique, avec un focus sur Huawei et ZTE. Les \u00e9l\u00e9ments connect\u00e9s dans le photovolta\u00efque ou les compteurs intelligents prot\u00e8gent les sites militaires, les infrastructures portuaires et les postes de commandement. Align\u00e9e sur Washington, qui a d\u00e9j\u00e0 agi, l\u2019Europe optimise ses \u00e9changes alli\u00e9s via une exclusion \u00e9chelonn\u00e9e, sans rupture imm\u00e9diate des installations en place.<\/p>\n\n\n\n<p>Ce choix marque un passage \u00e0 l\u2019action tangible en mati\u00e8re d\u2019autonomie, malgr\u00e9 les frais engag\u00e9s face \u00e0 un g\u00e9ant manufacturier comme la Chine. P\u00e9kin subit un revers \u00e0 la fois moral et commercial, per\u00e7u comme un danger latent, \u00e0 l\u2019image des positions am\u00e9ricaines. Les acteurs europ\u00e9ens du num\u00e9rique s\u00e9curis\u00e9 et de l\u2019armement gagnent en opportunit\u00e9s pour des produits locaux, renfor\u00e7ant un r\u00e9seau d\u00e9di\u00e9. Les forces du continent b\u00e9n\u00e9ficient d\u2019une assise plus solide, d\u00e9cisive pour la mobilit\u00e9 tactique dans les affrontements contemporains.<\/p>\n\n\n\n<p>Par Alain Schenkels<\/p>\n\n\n\n<figure class=\"wp-block-image size-full is-resized\"><img loading=\"lazy\" decoding=\"async\" width=\"395\" height=\"632\" src=\"http:\/\/rrb.be\/rrb\/wp-content\/uploads\/2026\/01\/Alain-Schenkels-Profil.png\" alt=\"\" class=\"wp-image-2062\" style=\"width:204px;height:auto\" srcset=\"https:\/\/rrb.be\/rrb\/wp-content\/uploads\/2026\/01\/Alain-Schenkels-Profil.png 395w, https:\/\/rrb.be\/rrb\/wp-content\/uploads\/2026\/01\/Alain-Schenkels-Profil-188x300.png 188w\" sizes=\"auto, (max-width: 395px) 100vw, 395px\" \/><\/figure>\n","protected":false},"excerpt":{"rendered":"<p>Bruxelles engage en janvier 2026 un processus ferme pour retirer les technologies chinoises des r\u00e9seaux vitaux comme les t\u00e9l\u00e9communications, l\u2019\u00e9nergie et le stockage de donn\u00e9es. Cette initiative \u00e9l\u00e8ve la protection de ces secteurs au rang de priorit\u00e9 d\u00e9fensive, transformant des outils civils en \u00e9l\u00e9ments strat\u00e9giques militaires. R\u00e9seaux civils en enjeu s\u00e9curitaire La conflit ukrainien a [&hellip;]<\/p>\n","protected":false},"author":1,"featured_media":2088,"comment_status":"closed","ping_status":"open","sticky":false,"template":"","format":"standard","meta":{"footnotes":""},"categories":[5],"tags":[],"class_list":["post-2086","post","type-post","status-publish","format-standard","has-post-thumbnail","hentry","category-international"],"_links":{"self":[{"href":"https:\/\/rrb.be\/rrb\/wp-json\/wp\/v2\/posts\/2086","targetHints":{"allow":["GET"]}}],"collection":[{"href":"https:\/\/rrb.be\/rrb\/wp-json\/wp\/v2\/posts"}],"about":[{"href":"https:\/\/rrb.be\/rrb\/wp-json\/wp\/v2\/types\/post"}],"author":[{"embeddable":true,"href":"https:\/\/rrb.be\/rrb\/wp-json\/wp\/v2\/users\/1"}],"replies":[{"embeddable":true,"href":"https:\/\/rrb.be\/rrb\/wp-json\/wp\/v2\/comments?post=2086"}],"version-history":[{"count":1,"href":"https:\/\/rrb.be\/rrb\/wp-json\/wp\/v2\/posts\/2086\/revisions"}],"predecessor-version":[{"id":2087,"href":"https:\/\/rrb.be\/rrb\/wp-json\/wp\/v2\/posts\/2086\/revisions\/2087"}],"wp:featuredmedia":[{"embeddable":true,"href":"https:\/\/rrb.be\/rrb\/wp-json\/wp\/v2\/media\/2088"}],"wp:attachment":[{"href":"https:\/\/rrb.be\/rrb\/wp-json\/wp\/v2\/media?parent=2086"}],"wp:term":[{"taxonomy":"category","embeddable":true,"href":"https:\/\/rrb.be\/rrb\/wp-json\/wp\/v2\/categories?post=2086"},{"taxonomy":"post_tag","embeddable":true,"href":"https:\/\/rrb.be\/rrb\/wp-json\/wp\/v2\/tags?post=2086"}],"curies":[{"name":"wp","href":"https:\/\/api.w.org\/{rel}","templated":true}]}}