{"id":1918,"date":"2026-01-16T22:07:09","date_gmt":"2026-01-16T22:07:09","guid":{"rendered":"https:\/\/rrb.be\/rrb\/?p=1918"},"modified":"2026-02-05T14:34:55","modified_gmt":"2026-02-05T14:34:55","slug":"la-defense-elargit-son-reservoir-de-reservistes","status":"publish","type":"post","link":"https:\/\/rrb.be\/rrb\/la-defense-elargit-son-reservoir-de-reservistes\/","title":{"rendered":"La D\u00e9fense \u00e9largit son r\u00e9servoir de r\u00e9servistes"},"content":{"rendered":"\n<p><strong>Le gouvernement f\u00e9d\u00e9ral a valid\u00e9, sur proposition du ministre de la D\u00e9fense Theo Francken, le rel\u00e8vement du plafond de la r\u00e9serve militaire belge. Le nombre maximum de r\u00e9servistes passe de 6.000 \u00e0 20.000, afin d\u2019accompagner la mont\u00e9e en puissance de la D\u00e9fense d\u2019ici 2040 d&rsquo;apr\u00e8s une d\u00e9p\u00eache Belga.<\/strong><\/p>\n\n\n\n<p>Cette d\u00e9cision, ent\u00e9rin\u00e9e vendredi par le Conseil des ministres, vise \u00e0 offrir un cadre juridique durable \u00e0 la croissance de la r\u00e9serve. Jug\u00e9e trop \u00e9troite, la limite pr\u00e9c\u00e9dente emp\u00eachait selon le ministre une planification coh\u00e9rente \u00e0 long terme. La mesure s\u2019inscrit dans les priorit\u00e9s fix\u00e9es par l\u2019accord de gouvernement, la Vision strat\u00e9gique 2025 et la loi de programmation militaire.<\/p>\n\n\n\n<p>La future r\u00e9partition du personnel pr\u00e9voit environ 30\u202f% d\u2019officiers, 30\u202f% de sous\u2011officiers et 40\u202f% de volontaires. Ce rel\u00e8vement de plafond ne marque pas un recrutement massif imm\u00e9diat, mais \u00e9tablit un dispositif destin\u00e9 \u00e0 \u00e9voluer progressivement.<\/p>\n\n\n\n<p>Pour Theo Francken, cette r\u00e9forme constitue un \u00ab\u202finvestissement r\u00e9fl\u00e9chi\u202f\u00bb dans la capacit\u00e9 de la Belgique \u00e0 anticiper ses besoins en mati\u00e8re de d\u00e9fense et de s\u00e9curit\u00e9 \u00e0 long terme.<\/p>\n\n\n\n<p>Par Alain Schenkels<\/p>\n\n\n\n<figure class=\"wp-block-image size-full is-resized\"><img loading=\"lazy\" decoding=\"async\" width=\"395\" height=\"632\" src=\"http:\/\/rrb.be\/rrb\/wp-content\/uploads\/2025\/09\/Alain-Schenkels-Profil.png\" alt=\"\" class=\"wp-image-1907\" style=\"width:176px;height:auto\" srcset=\"https:\/\/rrb.be\/rrb\/wp-content\/uploads\/2025\/09\/Alain-Schenkels-Profil.png 395w, https:\/\/rrb.be\/rrb\/wp-content\/uploads\/2025\/09\/Alain-Schenkels-Profil-188x300.png 188w\" sizes=\"auto, (max-width: 395px) 100vw, 395px\" \/><\/figure>\n\n\n\n<p><em>(Photo public r\u00e9seau X)<\/em><\/p>\n","protected":false},"excerpt":{"rendered":"<p>Le gouvernement f\u00e9d\u00e9ral a valid\u00e9, sur proposition du ministre de la D\u00e9fense Theo Francken, le rel\u00e8vement du plafond de la r\u00e9serve militaire belge. Le nombre maximum de r\u00e9servistes passe de 6.000 \u00e0 20.000, afin d\u2019accompagner la mont\u00e9e en puissance de la D\u00e9fense d\u2019ici 2040 d&rsquo;apr\u00e8s une d\u00e9p\u00eache Belga. Cette d\u00e9cision, ent\u00e9rin\u00e9e vendredi par le Conseil [&hellip;]<\/p>\n","protected":false},"author":1,"featured_media":1919,"comment_status":"closed","ping_status":"open","sticky":false,"template":"","format":"standard","meta":{"footnotes":""},"categories":[16,4],"tags":[],"class_list":["post-1918","post","type-post","status-publish","format-standard","has-post-thumbnail","hentry","category-armee-belge","category-belgique"],"_links":{"self":[{"href":"https:\/\/rrb.be\/rrb\/wp-json\/wp\/v2\/posts\/1918","targetHints":{"allow":["GET"]}}],"collection":[{"href":"https:\/\/rrb.be\/rrb\/wp-json\/wp\/v2\/posts"}],"about":[{"href":"https:\/\/rrb.be\/rrb\/wp-json\/wp\/v2\/types\/post"}],"author":[{"embeddable":true,"href":"https:\/\/rrb.be\/rrb\/wp-json\/wp\/v2\/users\/1"}],"replies":[{"embeddable":true,"href":"https:\/\/rrb.be\/rrb\/wp-json\/wp\/v2\/comments?post=1918"}],"version-history":[{"count":1,"href":"https:\/\/rrb.be\/rrb\/wp-json\/wp\/v2\/posts\/1918\/revisions"}],"predecessor-version":[{"id":1920,"href":"https:\/\/rrb.be\/rrb\/wp-json\/wp\/v2\/posts\/1918\/revisions\/1920"}],"wp:featuredmedia":[{"embeddable":true,"href":"https:\/\/rrb.be\/rrb\/wp-json\/wp\/v2\/media\/1919"}],"wp:attachment":[{"href":"https:\/\/rrb.be\/rrb\/wp-json\/wp\/v2\/media?parent=1918"}],"wp:term":[{"taxonomy":"category","embeddable":true,"href":"https:\/\/rrb.be\/rrb\/wp-json\/wp\/v2\/categories?post=1918"},{"taxonomy":"post_tag","embeddable":true,"href":"https:\/\/rrb.be\/rrb\/wp-json\/wp\/v2\/tags?post=1918"}],"curies":[{"name":"wp","href":"https:\/\/api.w.org\/{rel}","templated":true}]}}