{"id":188,"date":"2025-02-20T08:54:00","date_gmt":"2025-02-20T08:54:00","guid":{"rendered":"https:\/\/rrb.be\/rrb\/?page_id=188"},"modified":"2026-01-10T18:45:29","modified_gmt":"2026-01-10T18:45:29","slug":"guerre-en-ukraine-les-hommes-mobilisables-jusqua-60-ans","status":"publish","type":"post","link":"https:\/\/rrb.be\/rrb\/guerre-en-ukraine-les-hommes-mobilisables-jusqua-60-ans\/","title":{"rendered":"Guerre en Ukraine : les hommes mobilisables jusqu\u2019\u00e0 60 ans?"},"content":{"rendered":"\n<p>Les hommes ukrainiens \u00e2g\u00e9s de 18 \u00e0 60 ans auraient l&rsquo;interdiction de quitter le pays pour \u00e9chapper \u00e0 une \u00e9ventuelle mobilisation, des contr\u00f4les sont effectu\u00e9s aux fronti\u00e8res. Par ailleurs, la police ukrainienne a annonc\u00e9 vendredi mener \u00ab&nbsp;plus de 600 perquisitions&nbsp;\u00bb dans le cadre d\u2019une \u00ab&nbsp;op\u00e9ration sp\u00e9ciale&nbsp;\u00bb qui vise \u00e0 bloquer le passage ill\u00e9gal de la fronti\u00e8re par les hommes en \u00e2ge de combattre.<\/p>\n\n\n\n<p>Tout citoyen se doit de prot\u00e9ger son pays \u2013 par les armes si n\u00e9cessaire \u2013 de toute invasion ennemie. Cela \u00e9tant, dans la plupart des arm\u00e9es, la mobilisation est limit\u00e9e aux hommes \u00e2g\u00e9s de 45 ans maximum en raison des conditions physiques indispensables en zone de combat, comment imaginer un homme de 60 ans prendre les armes ?<\/p>\n\n\n\n<p>La mobilisation militaire g\u00e9n\u00e9ralis\u00e9e jusqu\u2019\u00e0 60 ans est tr\u00e8s critiqu\u00e9e en Ukraine qui justifie la lev\u00e9e de l\u2019\u00e2ge limite par le manque de combattants. \u00c0 ce propos, j\u2019ai interrog\u00e9 un lieutenant-colonel de r\u00e9serve de l\u2019arm\u00e9e belge pour conna\u00eetre son avis, il estime que \u00ab<em><strong>au-del\u00e0 de 45 ans, envoyer un homme au front est contre-productif, il s\u2019expose davantage \u00e0 une blessure ou \u00e0 la mort et met potentiellement en danger les autres combattants<\/strong><\/em>\u00bb. Il ajoute \u00ab<em><strong>les hommes plus \u00e2g\u00e9s peuvent toutefois servir \u00e0 l\u2019effort de guerre en arri\u00e8re-plan dans la logistique et le m\u00e9dical, mais certainement pas au contact avec l\u2019ennemi<\/strong><\/em>\u00bb.<\/p>\n\n\n\n<p>L\u2019arm\u00e9e ukrainienne a perdu entre 60 000 et 100 000 soldats* depuis l\u2019invasion de la Russie, elle manque de combattants tenant compte des milliers de jeunes qui se sont enfuis pour \u00e9viter la mobilisation militaire ou qui ont d\u00e9sert\u00e9. S\u2019il est compr\u00e9hensible que l\u2019arm\u00e9e prenne des dispositions pour assurer la d\u00e9fense de l\u2019Ukraine, encore faut-il que les nouvelles recrues soient \u00e0 m\u00eame de combattre efficacement, tenant compte de l\u2019\u00e2ge et de la condition physique, que leurs vies ne soient pas inutilement mises en danger.<\/p>\n\n\n\n<p>S\u2019il est ind\u00e9niablement de notre devoir de donner provisoirement asile aux familles ukrainiennes menac\u00e9es par la guerre, comment justifier l\u2019accueil des hommes en \u00e2ge de combattre alors que dans le m\u00eame temps la Belgique s\u2019est engag\u00e9e \u00e0 verser une aide militaire de l\u2019ordre de 2,21 milliards d\u2019euros, \u00e0 fournir des armes et des munitions \u00e0 l\u2019Ukraine ? C\u2019est un non-sens total, leur place est en Ukraine, les accueillir est par ailleurs une insulte envers les combattants ukrainiens qui se battent au quotidien pour leur pays.<\/p>\n\n\n\n<figure class=\"wp-block-image size-full is-resized\"><img loading=\"lazy\" decoding=\"async\" width=\"172\" height=\"320\" src=\"https:\/\/rrb.be\/rrb\/wp-content\/uploads\/2025\/12\/Guerre-en-Ukraine-les-hommes-mobilisables-jusqua-60-ans-soldat-russe-prisonnier.jpg\" alt=\"\" class=\"wp-image-190\" style=\"width:243px;height:auto\" srcset=\"https:\/\/rrb.be\/rrb\/wp-content\/uploads\/2025\/12\/Guerre-en-Ukraine-les-hommes-mobilisables-jusqua-60-ans-soldat-russe-prisonnier.jpg 172w, https:\/\/rrb.be\/rrb\/wp-content\/uploads\/2025\/12\/Guerre-en-Ukraine-les-hommes-mobilisables-jusqua-60-ans-soldat-russe-prisonnier-161x300.jpg 161w\" sizes=\"auto, (max-width: 172px) 100vw, 172px\" \/><\/figure>\n\n\n\n<p><em>L\u00e9gende photo :<br>Soldat Russe captur\u00e9 en fin de combat (source Telegram)<\/em><\/p>\n\n\n\n<p>Par Alain Schenkels<\/p>\n\n\n\n<figure data-wp-context=\"{&quot;imageId&quot;:&quot;69f0f23c631b2&quot;}\" data-wp-interactive=\"core\/image\" data-wp-key=\"69f0f23c631b2\" class=\"wp-block-image size-full is-resized wp-lightbox-container\"><img loading=\"lazy\" decoding=\"async\" width=\"728\" height=\"1006\" data-wp-class--hide=\"state.isContentHidden\" data-wp-class--show=\"state.isContentVisible\" data-wp-init=\"callbacks.setButtonStyles\" data-wp-on--click=\"actions.showLightbox\" data-wp-on--load=\"callbacks.setButtonStyles\" data-wp-on-window--resize=\"callbacks.setButtonStyles\" src=\"http:\/\/rrb.be\/rrb\/wp-content\/uploads\/2025\/12\/Alain_Schenkels.jpg\" alt=\"\" class=\"wp-image-25\" style=\"width:184px;height:auto\" srcset=\"https:\/\/rrb.be\/rrb\/wp-content\/uploads\/2025\/12\/Alain_Schenkels.jpg 728w, https:\/\/rrb.be\/rrb\/wp-content\/uploads\/2025\/12\/Alain_Schenkels-217x300.jpg 217w\" sizes=\"auto, (max-width: 728px) 100vw, 728px\" \/><button\n\t\t\tclass=\"lightbox-trigger\"\n\t\t\ttype=\"button\"\n\t\t\taria-haspopup=\"dialog\"\n\t\t\taria-label=\"Enlarge\"\n\t\t\tdata-wp-init=\"callbacks.initTriggerButton\"\n\t\t\tdata-wp-on--click=\"actions.showLightbox\"\n\t\t\tdata-wp-style--right=\"state.imageButtonRight\"\n\t\t\tdata-wp-style--top=\"state.imageButtonTop\"\n\t\t>\n\t\t\t<svg xmlns=\"http:\/\/www.w3.org\/2000\/svg\" width=\"12\" height=\"12\" fill=\"none\" viewBox=\"0 0 12 12\">\n\t\t\t\t<path fill=\"#fff\" d=\"M2 0a2 2 0 0 0-2 2v2h1.5V2a.5.5 0 0 1 .5-.5h2V0H2Zm2 10.5H2a.5.5 0 0 1-.5-.5V8H0v2a2 2 0 0 0 2 2h2v-1.5ZM8 12v-1.5h2a.5.5 0 0 0 .5-.5V8H12v2a2 2 0 0 1-2 2H8Zm2-12a2 2 0 0 1 2 2v2h-1.5V2a.5.5 0 0 0-.5-.5H8V0h2Z\" \/>\n\t\t\t<\/svg>\n\t\t<\/button><\/figure>\n\n\n\n<p>* MAJ D\u00e9cembre 2025<br>Estimations des pertes ukrainiennes en f\u00e9vrier 2025 par sources ind\u00e9pendantes Royaume-Uni et CSIS, ce qui correspond \u00e0 environs 1 ukrainien tu\u00e9 pour 10 russes tu\u00e9s (environs 1 millions de soldats russes tu\u00e9s ou bless\u00e9s en d\u00e9cembre 2025, source <a href=\"https:\/\/www.21news.be\/ukraine-comment-moscou-accepte-le-cout-de-400-000-morts-par-an\" target=\"_blank\" rel=\"noreferrer noopener\">21News<\/a>)<\/p>\n","protected":false},"excerpt":{"rendered":"<p>Les hommes ukrainiens \u00e2g\u00e9s de 18 \u00e0 60 ans auraient l&rsquo;interdiction de quitter le pays pour \u00e9chapper \u00e0 une \u00e9ventuelle mobilisation, des contr\u00f4les sont effectu\u00e9s aux fronti\u00e8res. Par ailleurs, la police ukrainienne a annonc\u00e9 vendredi mener \u00ab&nbsp;plus de 600 perquisitions&nbsp;\u00bb dans le cadre d\u2019une \u00ab&nbsp;op\u00e9ration sp\u00e9ciale&nbsp;\u00bb qui vise \u00e0 bloquer le passage ill\u00e9gal de la [&hellip;]<\/p>\n","protected":false},"author":1,"featured_media":189,"comment_status":"closed","ping_status":"closed","sticky":false,"template":"","format":"standard","meta":{"footnotes":""},"categories":[3],"tags":[],"class_list":["post-188","post","type-post","status-publish","format-standard","has-post-thumbnail","hentry","category-guerre-russie-ukraine"],"_links":{"self":[{"href":"https:\/\/rrb.be\/rrb\/wp-json\/wp\/v2\/posts\/188","targetHints":{"allow":["GET"]}}],"collection":[{"href":"https:\/\/rrb.be\/rrb\/wp-json\/wp\/v2\/posts"}],"about":[{"href":"https:\/\/rrb.be\/rrb\/wp-json\/wp\/v2\/types\/post"}],"author":[{"embeddable":true,"href":"https:\/\/rrb.be\/rrb\/wp-json\/wp\/v2\/users\/1"}],"replies":[{"embeddable":true,"href":"https:\/\/rrb.be\/rrb\/wp-json\/wp\/v2\/comments?post=188"}],"version-history":[{"count":7,"href":"https:\/\/rrb.be\/rrb\/wp-json\/wp\/v2\/posts\/188\/revisions"}],"predecessor-version":[{"id":1465,"href":"https:\/\/rrb.be\/rrb\/wp-json\/wp\/v2\/posts\/188\/revisions\/1465"}],"wp:featuredmedia":[{"embeddable":true,"href":"https:\/\/rrb.be\/rrb\/wp-json\/wp\/v2\/media\/189"}],"wp:attachment":[{"href":"https:\/\/rrb.be\/rrb\/wp-json\/wp\/v2\/media?parent=188"}],"wp:term":[{"taxonomy":"category","embeddable":true,"href":"https:\/\/rrb.be\/rrb\/wp-json\/wp\/v2\/categories?post=188"},{"taxonomy":"post_tag","embeddable":true,"href":"https:\/\/rrb.be\/rrb\/wp-json\/wp\/v2\/tags?post=188"}],"curies":[{"name":"wp","href":"https:\/\/api.w.org\/{rel}","templated":true}]}}