{"id":1863,"date":"2026-01-15T11:56:15","date_gmt":"2026-01-15T11:56:15","guid":{"rendered":"https:\/\/rrb.be\/rrb\/?p=1863"},"modified":"2026-01-15T11:56:16","modified_gmt":"2026-01-15T11:56:16","slug":"brafa-2026-147-galeries-et-un-record-en-vue-a-bruxelles","status":"publish","type":"post","link":"https:\/\/rrb.be\/rrb\/brafa-2026-147-galeries-et-un-record-en-vue-a-bruxelles\/","title":{"rendered":"BRAFA 2026 : 147 galeries et un record en vue \u00e0 Bruxelles"},"content":{"rendered":"\n<p><strong>La 71e \u00e9dition de la BRAFA s\u2019annonce comme un rendez-vous incontournable de l\u2019art europ\u00e9en, avec un record de 147 galeries venues de 18 pays au Brussels Expo du 25 janvier au 1er f\u00e9vrier 2026. <\/strong><\/p>\n\n\n\n<p>Sous l\u2019\u00e9gide de Klaas Muller, la foire renforce son attractivit\u00e9 gr\u00e2ce \u00e0 un espace in\u00e9dit pour la restauration et une invit\u00e9e d\u2019honneur prestigieuse, la Fondation Roi Baudouin, qui c\u00e9l\u00e8bre ses 50 ans avec des pi\u00e8ces majeures. Cet \u00e9v\u00e9nement, suivi par plus de 72.000 visiteurs l\u2019an dernier, positionne Bruxelles comme un p\u00f4le culturel dynamique en ouverture de saison.<\/p>\n\n\n\n<p><strong>Nouveaut\u00e9s et organisation<\/strong><br>L\u2019\u00e9dition gagne en ampleur avec l\u2019ajout du Palais 8 d\u00e9di\u00e9 \u00e0 une restauration diversifi\u00e9e, tandis que les Palais 3 et 4 concentrent les exposants, Delen Private Bank et la Fondation Roi Baudouin. Klaas Muller insiste sur le maintien d\u2019une \u00e9chelle humaine, d\u2019une qualit\u00e9 irr\u00e9prochable et d\u2019une vari\u00e9t\u00e9 de domaines, malgr\u00e9 l\u2019arriv\u00e9e de grands noms internationaux pour la premi\u00e8re fois. La d\u00e9coration \u00e9volue avec un acc\u00e8s repens\u00e9, pr\u00e9servant la surprise pour le public.<\/p>\n\n\n\n<p><strong>Tendances du march\u00e9<\/strong><br>Les Ma\u00eetres Anciens dominent avec des galeries belges comme Jan Muller Antiques et Lowet de Wotrenge, aux c\u00f4t\u00e9s de Douwes Fine Art qui expose un autoportrait de Rembrandt et un int\u00e9rieur d\u2019\u00e9glise de De Witte. Le mobilier et les arts d\u00e9coratifs brillent par un banc et une armoire de Serrurier-Bovy chez Haesaerts-le Grelle, un vase Tiffany chez Kolhammer ou un lit br\u00e9silien de Zalszupin chez Schaubroeck. Des objets marquants, tels une Terre Bleue de Klein ou une figure \u00e9gyptienne ptol\u00e9ma\u00efque chez Vervoordt, incarnent l\u2019\u00e9clectisme et les provenances d\u2019exception.<\/p>\n\n\n\n<p><strong>Points forts et vetting<\/strong><br>Un parcours mondial met en lumi\u00e8re cinq \u0153uvres : un dessin de Keith Haring, un banc de Sergio Rodrigues, des gouttes d\u2019eau de Kim Tschang-Yeul, un reliquaire Kota et un triptyque flamand vers 1500. Le vetting par 90 experts garantit authenticit\u00e9 et \u00e9thique, renfor\u00e7ant la confiance des acheteurs. La Fondation Roi Baudouin anime un espace \u00e9largi avec conf\u00e9rences, concerts et acquisitions r\u00e9centes.<\/p>\n\n\n\n<p><strong>Programme et acc\u00e8s<\/strong><br>Des BRAFA Art Talks et KBF Art Talks rythment la foire, abordant collectionnisme, patrimoine et fiscalit\u00e9, du 24 janvier au 1er f\u00e9vrier (sauf lundi 26). Ouverte de 11h \u00e0 19h (nocturne jeudi jusqu\u2019\u00e0 22h), elle offre conciergerie, food hall et facilit\u00e9s pour tous. La sc\u00e9nographie, inspir\u00e9e du ciel et de motifs floraux par Nicolas de Liedekerke, guide les flux avec \u00e9l\u00e9gance.<\/p>\n\n\n\n<p>Par Alain Schenkels<\/p>\n\n\n\n<figure class=\"wp-block-image size-full is-resized\"><a href=\"https:\/\/rrb.be\/rrb\/larbre-et-la-foret-a-honshu-%e3%81%bb%e3%82%93%e3%81%97%e3%82%86%e3%81%86\/alain_schenkels-2\/\"><img loading=\"lazy\" decoding=\"async\" width=\"728\" height=\"1006\" src=\"http:\/\/rrb.be\/rrb\/wp-content\/uploads\/2025\/12\/Alain_Schenkels-1.jpg\" alt=\"\" class=\"wp-image-329\" style=\"width:203px;height:auto\" srcset=\"https:\/\/rrb.be\/rrb\/wp-content\/uploads\/2025\/12\/Alain_Schenkels-1.jpg 728w, https:\/\/rrb.be\/rrb\/wp-content\/uploads\/2025\/12\/Alain_Schenkels-1-217x300.jpg 217w\" sizes=\"auto, (max-width: 728px) 100vw, 728px\" \/><\/a><\/figure>\n\n\n\n<p><em>(Photo presse BRAFA 2025 &#8211; by Joana Vasconcelos \u00a9 Olivier Pirard \u00a9 Atelier Joana Vasconcelos)<\/em><\/p>\n","protected":false},"excerpt":{"rendered":"<p>La 71e \u00e9dition de la BRAFA s\u2019annonce comme un rendez-vous incontournable de l\u2019art europ\u00e9en, avec un record de 147 galeries venues de 18 pays au Brussels Expo du 25 janvier au 1er f\u00e9vrier 2026. Sous l\u2019\u00e9gide de Klaas Muller, la foire renforce son attractivit\u00e9 gr\u00e2ce \u00e0 un espace in\u00e9dit pour la restauration et une invit\u00e9e [&hellip;]<\/p>\n","protected":false},"author":1,"featured_media":1864,"comment_status":"closed","ping_status":"open","sticky":false,"template":"","format":"standard","meta":{"footnotes":""},"categories":[15],"tags":[],"class_list":["post-1863","post","type-post","status-publish","format-standard","has-post-thumbnail","hentry","category-culture"],"_links":{"self":[{"href":"https:\/\/rrb.be\/rrb\/wp-json\/wp\/v2\/posts\/1863","targetHints":{"allow":["GET"]}}],"collection":[{"href":"https:\/\/rrb.be\/rrb\/wp-json\/wp\/v2\/posts"}],"about":[{"href":"https:\/\/rrb.be\/rrb\/wp-json\/wp\/v2\/types\/post"}],"author":[{"embeddable":true,"href":"https:\/\/rrb.be\/rrb\/wp-json\/wp\/v2\/users\/1"}],"replies":[{"embeddable":true,"href":"https:\/\/rrb.be\/rrb\/wp-json\/wp\/v2\/comments?post=1863"}],"version-history":[{"count":1,"href":"https:\/\/rrb.be\/rrb\/wp-json\/wp\/v2\/posts\/1863\/revisions"}],"predecessor-version":[{"id":1865,"href":"https:\/\/rrb.be\/rrb\/wp-json\/wp\/v2\/posts\/1863\/revisions\/1865"}],"wp:featuredmedia":[{"embeddable":true,"href":"https:\/\/rrb.be\/rrb\/wp-json\/wp\/v2\/media\/1864"}],"wp:attachment":[{"href":"https:\/\/rrb.be\/rrb\/wp-json\/wp\/v2\/media?parent=1863"}],"wp:term":[{"taxonomy":"category","embeddable":true,"href":"https:\/\/rrb.be\/rrb\/wp-json\/wp\/v2\/categories?post=1863"},{"taxonomy":"post_tag","embeddable":true,"href":"https:\/\/rrb.be\/rrb\/wp-json\/wp\/v2\/tags?post=1863"}],"curies":[{"name":"wp","href":"https:\/\/api.w.org\/{rel}","templated":true}]}}