{"id":1830,"date":"2026-01-15T08:05:22","date_gmt":"2026-01-15T08:05:22","guid":{"rendered":"https:\/\/rrb.be\/rrb\/?p=1830"},"modified":"2026-01-15T08:05:23","modified_gmt":"2026-01-15T08:05:23","slug":"macron-fustige-un-manuel-du-bac-sur-le-7-octobre","status":"publish","type":"post","link":"https:\/\/rrb.be\/rrb\/macron-fustige-un-manuel-du-bac-sur-le-7-octobre\/","title":{"rendered":"Macron fustige un manuel du bac sur le 7 octobre"},"content":{"rendered":"\n<p><strong>Une mention pol\u00e9mique dans un livre de r\u00e9vision Hachette sur les attaques du 7 octobre 2023 a suscit\u00e9 une vive r\u00e9action jusqu\u2019\u00e0 l\u2019\u00c9lys\u00e9e. Emmanuel Macron a d\u00e9nonc\u00e9 sur X une \u00ab falsification des faits \u00bb et exig\u00e9 le retrait imm\u00e9diat de l\u2019ouvrage.<\/strong><\/p>\n\n\n\n<p>Le 14 janvier 2026, le pr\u00e9sident fran\u00e7ais s\u2019est publiquement insurg\u00e9 contre un manuel de r\u00e9vision mentionnant \u00ab plus de 1 200 colons juifs \u00bb tu\u00e9s lors des attaques du Hamas en Isra\u00ebl. Estimant cette formulation trompeuse, il a rappel\u00e9 que la R\u00e9publique ne saurait tol\u00e9rer la moindre d\u00e9rive r\u00e9visionniste et a demand\u00e9 une r\u00e9action rapide du gouvernement.<\/p>\n\n\n\n<p>Face \u00e0 la pol\u00e9mique, Hachette Livre a annonc\u00e9 le retrait de trois volumes de la collection Objectif Bac Terminale comportant cette erreur. L\u2019\u00e9diteur a reconnu un \u00ab contenu erron\u00e9 \u00bb et suspendu imm\u00e9diatement la distribution, tout en lan\u00e7ant une enqu\u00eate interne pour identifier la source de la faute \u00e9ditoriale.<\/p>\n\n\n\n<p>De son c\u00f4t\u00e9, le ministre de l\u2019\u00c9ducation nationale, \u00c9douard Geffray, a condamn\u00e9 une \u00ab atteinte \u00e0 la dignit\u00e9 des victimes du terrorisme \u00bb et rappel\u00e9 l\u2019obligation de neutralit\u00e9 absolue dans les ouvrages scolaires. Arnaud Lagard\u00e8re, \u00e0 la t\u00eate du groupe, a pr\u00e9sent\u00e9 ses excuses publiques.<\/p>\n\n\n\n<p>L\u2019affaire relance le d\u00e9bat sur le traitement du 7 octobre 2023 dans les manuels \u00e9ducatifs et sur la responsabilit\u00e9 des \u00e9diteurs face aux enjeux de m\u00e9moire, de v\u00e9rit\u00e9 historique et de lutte contre la d\u00e9sinformation.<\/p>\n\n\n\n<p>Par Alain Schenkels<\/p>\n\n\n\n<figure data-wp-context=\"{&quot;imageId&quot;:&quot;69f1004b62b37&quot;}\" data-wp-interactive=\"core\/image\" data-wp-key=\"69f1004b62b37\" class=\"wp-block-image size-full is-resized wp-lightbox-container\"><img loading=\"lazy\" decoding=\"async\" width=\"728\" height=\"1006\" data-wp-class--hide=\"state.isContentHidden\" data-wp-class--show=\"state.isContentVisible\" data-wp-init=\"callbacks.setButtonStyles\" data-wp-on--click=\"actions.showLightbox\" data-wp-on--load=\"callbacks.setButtonStyles\" data-wp-on-window--resize=\"callbacks.setButtonStyles\" src=\"http:\/\/rrb.be\/rrb\/wp-content\/uploads\/2025\/12\/Alain_Schenkels-1.jpg\" alt=\"\" class=\"wp-image-329\" style=\"width:216px;height:auto\" srcset=\"https:\/\/rrb.be\/rrb\/wp-content\/uploads\/2025\/12\/Alain_Schenkels-1.jpg 728w, https:\/\/rrb.be\/rrb\/wp-content\/uploads\/2025\/12\/Alain_Schenkels-1-217x300.jpg 217w\" sizes=\"auto, (max-width: 728px) 100vw, 728px\" \/><button\n\t\t\tclass=\"lightbox-trigger\"\n\t\t\ttype=\"button\"\n\t\t\taria-haspopup=\"dialog\"\n\t\t\taria-label=\"Enlarge\"\n\t\t\tdata-wp-init=\"callbacks.initTriggerButton\"\n\t\t\tdata-wp-on--click=\"actions.showLightbox\"\n\t\t\tdata-wp-style--right=\"state.imageButtonRight\"\n\t\t\tdata-wp-style--top=\"state.imageButtonTop\"\n\t\t>\n\t\t\t<svg xmlns=\"http:\/\/www.w3.org\/2000\/svg\" width=\"12\" height=\"12\" fill=\"none\" viewBox=\"0 0 12 12\">\n\t\t\t\t<path fill=\"#fff\" d=\"M2 0a2 2 0 0 0-2 2v2h1.5V2a.5.5 0 0 1 .5-.5h2V0H2Zm2 10.5H2a.5.5 0 0 1-.5-.5V8H0v2a2 2 0 0 0 2 2h2v-1.5ZM8 12v-1.5h2a.5.5 0 0 0 .5-.5V8H12v2a2 2 0 0 1-2 2H8Zm2-12a2 2 0 0 1 2 2v2h-1.5V2a.5.5 0 0 0-.5-.5H8V0h2Z\" \/>\n\t\t\t<\/svg>\n\t\t<\/button><\/figure>\n\n\n\n<p><em>(Photo \u00c9lys\u00e9e \/ Soazig de la Moissonni\u00e8re)<\/em><\/p>\n\n\n\n<p><\/p>\n","protected":false},"excerpt":{"rendered":"<p>Une mention pol\u00e9mique dans un livre de r\u00e9vision Hachette sur les attaques du 7 octobre 2023 a suscit\u00e9 une vive r\u00e9action jusqu\u2019\u00e0 l\u2019\u00c9lys\u00e9e. Emmanuel Macron a d\u00e9nonc\u00e9 sur X une \u00ab falsification des faits \u00bb et exig\u00e9 le retrait imm\u00e9diat de l\u2019ouvrage. Le 14 janvier 2026, le pr\u00e9sident fran\u00e7ais s\u2019est publiquement insurg\u00e9 contre un manuel [&hellip;]<\/p>\n","protected":false},"author":1,"featured_media":1831,"comment_status":"closed","ping_status":"open","sticky":false,"template":"","format":"standard","meta":{"footnotes":""},"categories":[6,5],"tags":[],"class_list":["post-1830","post","type-post","status-publish","format-standard","has-post-thumbnail","hentry","category-guerre-israel-palestine","category-international"],"_links":{"self":[{"href":"https:\/\/rrb.be\/rrb\/wp-json\/wp\/v2\/posts\/1830","targetHints":{"allow":["GET"]}}],"collection":[{"href":"https:\/\/rrb.be\/rrb\/wp-json\/wp\/v2\/posts"}],"about":[{"href":"https:\/\/rrb.be\/rrb\/wp-json\/wp\/v2\/types\/post"}],"author":[{"embeddable":true,"href":"https:\/\/rrb.be\/rrb\/wp-json\/wp\/v2\/users\/1"}],"replies":[{"embeddable":true,"href":"https:\/\/rrb.be\/rrb\/wp-json\/wp\/v2\/comments?post=1830"}],"version-history":[{"count":1,"href":"https:\/\/rrb.be\/rrb\/wp-json\/wp\/v2\/posts\/1830\/revisions"}],"predecessor-version":[{"id":1832,"href":"https:\/\/rrb.be\/rrb\/wp-json\/wp\/v2\/posts\/1830\/revisions\/1832"}],"wp:featuredmedia":[{"embeddable":true,"href":"https:\/\/rrb.be\/rrb\/wp-json\/wp\/v2\/media\/1831"}],"wp:attachment":[{"href":"https:\/\/rrb.be\/rrb\/wp-json\/wp\/v2\/media?parent=1830"}],"wp:term":[{"taxonomy":"category","embeddable":true,"href":"https:\/\/rrb.be\/rrb\/wp-json\/wp\/v2\/categories?post=1830"},{"taxonomy":"post_tag","embeddable":true,"href":"https:\/\/rrb.be\/rrb\/wp-json\/wp\/v2\/tags?post=1830"}],"curies":[{"name":"wp","href":"https:\/\/api.w.org\/{rel}","templated":true}]}}