{"id":1823,"date":"2026-01-14T16:42:33","date_gmt":"2026-01-14T16:42:33","guid":{"rendered":"https:\/\/rrb.be\/rrb\/?p=1823"},"modified":"2026-01-19T15:28:00","modified_gmt":"2026-01-19T15:28:00","slug":"erfan-soltani-26-ans-risque-la-pendaison-aujourdhui-symbole-tragique-de-la-repression-en-iran","status":"publish","type":"post","link":"https:\/\/rrb.be\/rrb\/erfan-soltani-26-ans-risque-la-pendaison-aujourdhui-symbole-tragique-de-la-repression-en-iran\/","title":{"rendered":"Erfan Soltani, 26 ans, risque la pendaison aujourd&rsquo;hui : symbole tragique de la r\u00e9pression en Iran"},"content":{"rendered":"\n<p><strong>Erfan Soltani, 26 ans, a \u00e9t\u00e9 condamn\u00e9 \u00e0 mort par pendaison par la justice iranienne, annonce <em>Euronews<\/em>. L&rsquo;ex\u00e9cution doit avoir lieu aujourd&rsquo;hui, 14 janvier 2026. Arr\u00eat\u00e9 le 8 janvier \u00e0 son domicile de Fardis (Karaj), ce manifestant n&rsquo;a b\u00e9n\u00e9fici\u00e9 d&rsquo;aucun proc\u00e8s \u00e9quitable \u2013 son seul crime : avoir particip\u00e9 aux manifestations antigouvernementales.<\/strong><\/p>\n\n\n\n<h2 class=\"wp-block-heading\" id=\"un-procs-express-sans-avocat\">Un proc\u00e8s express sans avocat<\/h2>\n\n\n\n<p>D\u00e9tention le 8 janvier, condamnation \u00e0 mort notifi\u00e9e quatre jours plus tard \u00e0 la famille. Erfan Soltani est d\u00e9tenu \u00e0 la prison de Ghezel Hesar (Karaj). Sa s\u0153ur, avocate, a \u00e9t\u00e9 emp\u00each\u00e9e d&rsquo;acc\u00e9der au dossier. Aucune information sur les charges pr\u00e9cises ni le d\u00e9roulement du proc\u00e8s n&rsquo;a \u00e9t\u00e9 communiqu\u00e9e. Les autorit\u00e9s ont autoris\u00e9 une derni\u00e8re visite familiale hier, proc\u00e9dure r\u00e9serv\u00e9e aux condamn\u00e9s \u00e0 mort.<\/p>\n\n\n\n<h2 class=\"wp-block-heading\" id=\"trump-met-en-garde-thran\">Trump met en garde T\u00e9h\u00e9ran<\/h2>\n\n\n\n<p>Le pr\u00e9sident Donald Trump a averti le r\u00e9gime iranien : \u00ab\u00a0Si des ex\u00e9cutions ont lieu, les \u00c9tats-Unis prendront une action tr\u00e8s forte.\u00a0\u00bb Le chef de la justice iranienne Gholamhossein Mohseni-Ejei a pour sa part promis des \u00ab\u00a0proc\u00e8s rapides\u00a0\u00bb et des ex\u00e9cutions pour les \u00ab\u00a0\u00e9meutiers\u00a0\u00bb.<\/p>\n\n\n\n<h2 class=\"wp-block-heading\" id=\"une-vague-de-rpression-indite\">Une vague de r\u00e9pression in\u00e9dite<\/h2>\n\n\n\n<p>Les manifestations contre le r\u00e9gime des mollahs, d\u00e9clench\u00e9es fin d\u00e9cembre 2025, ont entra\u00een\u00e9 au moins&nbsp;<strong>2 572 morts<\/strong>&nbsp;selon les activistes, dont des enfants. Certaines sources \u00e9voquent jusqu&rsquo;\u00e0&nbsp;<strong>15 000 victimes<\/strong>. Des milliers de manifestants ont \u00e9t\u00e9 arr\u00eat\u00e9s dans le cadre d&rsquo;une r\u00e9pression brutale accompagn\u00e9e d&rsquo;un black-out internet total.<\/p>\n\n\n\n<figure data-wp-context=\"{&quot;imageId&quot;:&quot;69f10059ec4d2&quot;}\" data-wp-interactive=\"core\/image\" data-wp-key=\"69f10059ec4d2\" class=\"wp-block-image size-full is-resized wp-lightbox-container\"><img loading=\"lazy\" decoding=\"async\" width=\"518\" height=\"640\" data-wp-class--hide=\"state.isContentHidden\" data-wp-class--show=\"state.isContentVisible\" data-wp-init=\"callbacks.setButtonStyles\" data-wp-on--click=\"actions.showLightbox\" data-wp-on--load=\"callbacks.setButtonStyles\" data-wp-on-window--resize=\"callbacks.setButtonStyles\" src=\"http:\/\/rrb.be\/rrb\/wp-content\/uploads\/2026\/01\/\ud835\udc6c\ud835\udc93\ud835\udc87\ud835\udc82\ud835\udc8f-\ud835\udc7a\ud835\udc90\ud835\udc8d\ud835\udc95\ud835\udc82\ud835\udc8f\ud835\udc8a-26-ans-2.jpg\" alt=\"\" class=\"wp-image-1825\" style=\"width:194px;height:auto\" srcset=\"https:\/\/rrb.be\/rrb\/wp-content\/uploads\/2026\/01\/\ud835\udc6c\ud835\udc93\ud835\udc87\ud835\udc82\ud835\udc8f-\ud835\udc7a\ud835\udc90\ud835\udc8d\ud835\udc95\ud835\udc82\ud835\udc8f\ud835\udc8a-26-ans-2.jpg 518w, https:\/\/rrb.be\/rrb\/wp-content\/uploads\/2026\/01\/\ud835\udc6c\ud835\udc93\ud835\udc87\ud835\udc82\ud835\udc8f-\ud835\udc7a\ud835\udc90\ud835\udc8d\ud835\udc95\ud835\udc82\ud835\udc8f\ud835\udc8a-26-ans-2-243x300.jpg 243w\" sizes=\"auto, (max-width: 518px) 100vw, 518px\" \/><button\n\t\t\tclass=\"lightbox-trigger\"\n\t\t\ttype=\"button\"\n\t\t\taria-haspopup=\"dialog\"\n\t\t\taria-label=\"Enlarge\"\n\t\t\tdata-wp-init=\"callbacks.initTriggerButton\"\n\t\t\tdata-wp-on--click=\"actions.showLightbox\"\n\t\t\tdata-wp-style--right=\"state.imageButtonRight\"\n\t\t\tdata-wp-style--top=\"state.imageButtonTop\"\n\t\t>\n\t\t\t<svg xmlns=\"http:\/\/www.w3.org\/2000\/svg\" width=\"12\" height=\"12\" fill=\"none\" viewBox=\"0 0 12 12\">\n\t\t\t\t<path fill=\"#fff\" d=\"M2 0a2 2 0 0 0-2 2v2h1.5V2a.5.5 0 0 1 .5-.5h2V0H2Zm2 10.5H2a.5.5 0 0 1-.5-.5V8H0v2a2 2 0 0 0 2 2h2v-1.5ZM8 12v-1.5h2a.5.5 0 0 0 .5-.5V8H12v2a2 2 0 0 1-2 2H8Zm2-12a2 2 0 0 1 2 2v2h-1.5V2a.5.5 0 0 0-.5-.5H8V0h2Z\" \/>\n\t\t\t<\/svg>\n\t\t<\/button><\/figure>\n\n\n\n<p>Erfan Soltani risque d&rsquo;\u00eatre la&nbsp;premi\u00e8re ex\u00e9cution&nbsp;li\u00e9e \u00e0 cette vague de contestation, marquant une escalade vers la peine capitale pour briser la r\u00e9sistance populaire. <\/p>\n\n\n\n<h2 class=\"wp-block-heading\">Actualisation au 15 janvier 2026<\/h2>\n\n\n\n<p>Bonne nouvelle, Erfan Soltani est toujours en vie !<\/p>\n\n\n\n<blockquote class=\"wp-block-quote is-layout-flow wp-block-quote-is-layout-flow\">\n<p>Le ministre iranien des Affaires \u00e9trang\u00e8res, Abbas Araghchi, a d\u00e9clar\u00e9 mercredi soir \u00e0 la cha\u00eene am\u00e9ricaine Fox News qu\u2019il n\u2019y aurait&nbsp;<em>\u00abpas de pendaison aujourd\u2019hui ou demain\u00bb<\/em>&nbsp;en Iran. &nbsp;Les \u00c9tats-Unis n\u2019ont finalement pas op\u00e9r\u00e9 de frappes contre l&rsquo;Iran, en raison de la non ex\u00e9cution de cet homme. <br>L&rsquo;avenir de Erfan Soltani reste incertain, mais les menaces du Pr\u00e9sident des \u00c9tats-Unis ont fait pli\u00e9 le r\u00e9gime iranien. \u00c0 suivre &#8230; <\/p>\n<\/blockquote>\n\n\n\n<h2 class=\"wp-block-heading\">Actualisation au 18 janvier 2026<\/h2>\n\n\n\n<p>Mauvaise nouvelle, Erfan Soltani serait mort !<\/p>\n\n\n\n<blockquote class=\"wp-block-quote is-layout-flow wp-block-quote-is-layout-flow\">\n<p>D&rsquo;apr\u00e8s une information i24News, Erfan Soltani, 26 ans, aurait \u00e9t\u00e9 assassin\u00e9 dans une prison des Gardiens de la R\u00e9volution islamique.<\/p>\n<\/blockquote>\n\n\n\n<p>Par Alain Schenkels<\/p>\n\n\n\n<figure data-wp-context=\"{&quot;imageId&quot;:&quot;69f10059ecca2&quot;}\" data-wp-interactive=\"core\/image\" data-wp-key=\"69f10059ecca2\" class=\"wp-block-image size-full is-resized wp-lightbox-container\"><img loading=\"lazy\" decoding=\"async\" width=\"728\" height=\"1006\" data-wp-class--hide=\"state.isContentHidden\" data-wp-class--show=\"state.isContentVisible\" data-wp-init=\"callbacks.setButtonStyles\" data-wp-on--click=\"actions.showLightbox\" data-wp-on--load=\"callbacks.setButtonStyles\" data-wp-on-window--resize=\"callbacks.setButtonStyles\" src=\"http:\/\/rrb.be\/rrb\/wp-content\/uploads\/2025\/12\/Alain_Schenkels-1.jpg\" alt=\"\" class=\"wp-image-329\" style=\"width:202px;height:auto\" srcset=\"https:\/\/rrb.be\/rrb\/wp-content\/uploads\/2025\/12\/Alain_Schenkels-1.jpg 728w, https:\/\/rrb.be\/rrb\/wp-content\/uploads\/2025\/12\/Alain_Schenkels-1-217x300.jpg 217w\" sizes=\"auto, (max-width: 728px) 100vw, 728px\" \/><button\n\t\t\tclass=\"lightbox-trigger\"\n\t\t\ttype=\"button\"\n\t\t\taria-haspopup=\"dialog\"\n\t\t\taria-label=\"Enlarge\"\n\t\t\tdata-wp-init=\"callbacks.initTriggerButton\"\n\t\t\tdata-wp-on--click=\"actions.showLightbox\"\n\t\t\tdata-wp-style--right=\"state.imageButtonRight\"\n\t\t\tdata-wp-style--top=\"state.imageButtonTop\"\n\t\t>\n\t\t\t<svg xmlns=\"http:\/\/www.w3.org\/2000\/svg\" width=\"12\" height=\"12\" fill=\"none\" viewBox=\"0 0 12 12\">\n\t\t\t\t<path fill=\"#fff\" d=\"M2 0a2 2 0 0 0-2 2v2h1.5V2a.5.5 0 0 1 .5-.5h2V0H2Zm2 10.5H2a.5.5 0 0 1-.5-.5V8H0v2a2 2 0 0 0 2 2h2v-1.5ZM8 12v-1.5h2a.5.5 0 0 0 .5-.5V8H12v2a2 2 0 0 1-2 2H8Zm2-12a2 2 0 0 1 2 2v2h-1.5V2a.5.5 0 0 0-.5-.5H8V0h2Z\" \/>\n\t\t\t<\/svg>\n\t\t<\/button><\/figure>\n\n\n\n<p><em>(Photos libres r\u00e9seaux sociaux)<\/em><\/p>\n","protected":false},"excerpt":{"rendered":"<p>Erfan Soltani, 26 ans, a \u00e9t\u00e9 condamn\u00e9 \u00e0 mort par pendaison par la justice iranienne, annonce Euronews. L&rsquo;ex\u00e9cution doit avoir lieu aujourd&rsquo;hui, 14 janvier 2026. Arr\u00eat\u00e9 le 8 janvier \u00e0 son domicile de Fardis (Karaj), ce manifestant n&rsquo;a b\u00e9n\u00e9fici\u00e9 d&rsquo;aucun proc\u00e8s \u00e9quitable \u2013 son seul crime : avoir particip\u00e9 aux manifestations antigouvernementales. Un proc\u00e8s express [&hellip;]<\/p>\n","protected":false},"author":1,"featured_media":1824,"comment_status":"closed","ping_status":"open","sticky":false,"template":"","format":"standard","meta":{"footnotes":""},"categories":[14],"tags":[],"class_list":["post-1823","post","type-post","status-publish","format-standard","has-post-thumbnail","hentry","category-iran"],"_links":{"self":[{"href":"https:\/\/rrb.be\/rrb\/wp-json\/wp\/v2\/posts\/1823","targetHints":{"allow":["GET"]}}],"collection":[{"href":"https:\/\/rrb.be\/rrb\/wp-json\/wp\/v2\/posts"}],"about":[{"href":"https:\/\/rrb.be\/rrb\/wp-json\/wp\/v2\/types\/post"}],"author":[{"embeddable":true,"href":"https:\/\/rrb.be\/rrb\/wp-json\/wp\/v2\/users\/1"}],"replies":[{"embeddable":true,"href":"https:\/\/rrb.be\/rrb\/wp-json\/wp\/v2\/comments?post=1823"}],"version-history":[{"count":11,"href":"https:\/\/rrb.be\/rrb\/wp-json\/wp\/v2\/posts\/1823\/revisions"}],"predecessor-version":[{"id":2081,"href":"https:\/\/rrb.be\/rrb\/wp-json\/wp\/v2\/posts\/1823\/revisions\/2081"}],"wp:featuredmedia":[{"embeddable":true,"href":"https:\/\/rrb.be\/rrb\/wp-json\/wp\/v2\/media\/1824"}],"wp:attachment":[{"href":"https:\/\/rrb.be\/rrb\/wp-json\/wp\/v2\/media?parent=1823"}],"wp:term":[{"taxonomy":"category","embeddable":true,"href":"https:\/\/rrb.be\/rrb\/wp-json\/wp\/v2\/categories?post=1823"},{"taxonomy":"post_tag","embeddable":true,"href":"https:\/\/rrb.be\/rrb\/wp-json\/wp\/v2\/tags?post=1823"}],"curies":[{"name":"wp","href":"https:\/\/api.w.org\/{rel}","templated":true}]}}