{"id":1746,"date":"2026-01-12T10:01:06","date_gmt":"2026-01-12T10:01:06","guid":{"rendered":"https:\/\/rrb.be\/rrb\/?p=1746"},"modified":"2026-01-15T08:54:05","modified_gmt":"2026-01-15T08:54:05","slug":"iran-plus-de-648-manifestants-tues-depuis-de-debut-de-la-revolte-et-risque-dexecutions-massives","status":"publish","type":"post","link":"https:\/\/rrb.be\/rrb\/iran-plus-de-648-manifestants-tues-depuis-de-debut-de-la-revolte-et-risque-dexecutions-massives\/","title":{"rendered":"Iran : plus de 648 manifestants tu\u00e9s depuis le d\u00e9but de la r\u00e9volte\u00a0et risque d\u2019ex\u00e9cutions massives"},"content":{"rendered":"\n<p><strong>Une vague de contestations antigouvernementales a \u00e9clat\u00e9 le 28 d\u00e9cembre 2025 au bazar de T\u00e9h\u00e9ran, s&rsquo;\u00e9tendant vite \u00e0 120 villes dans les 31 provinces iraniennes avant un black-out internet complet depuis le 8 janvier \u00e0 22 heures. Les forces \u00e9tatiques ont r\u00e9pliqu\u00e9 avec une r\u00e9pression muscl\u00e9e, faisant au moins 648 morts confirm\u00e9s et plus de 10 000 arrestations annonce <em>Iran Human Rights<\/em>. Le r\u00e9gime pr\u00e9pare des proc\u00e8s exp\u00e9ditifs et des ex\u00e9cutions potentielles massives, suscitant une vive inqui\u00e9tude internationale.<\/strong><\/p>\n\n\n\n<p><strong>Pertes Humaines Confirm\u00e9es<\/strong><br>D&rsquo;apr\u00e8s IHRNGO, 648 manifestants ont p\u00e9ri dans 14 provinces depuis le d\u00e9but, chiffre valid\u00e9 par des preuves directes ou doubles sources ind\u00e9pendantes, incluant documents hospitaliers et morgues. Parmi eux, neuf adolescents de moins de 18 ans attendent une confirmation d&rsquo;\u00e2ge via pi\u00e8ces officielles. \u00c0 T\u00e9h\u00e9ran, une vid\u00e9o de la morgue de Kahrizak r\u00e9v\u00e8le 250 corps ; un m\u00e9decin anonyme interrog\u00e9 par Time Magazine en d\u00e9nombre 217 dans six h\u00f4pitaux de la capitale, qui en compte plus de 100 au total. Des bilans lourds concernent aussi Ispahan, Machhad, Rasht, Karaj et Shiraz, avec d&rsquo;autres cas en v\u00e9rification.<\/p>\n\n\n\n<p><strong>R\u00e9action des Autorit\u00e9s et Isolement Num\u00e9rique<\/strong><br>Les m\u00e9dias officiels font \u00e9tat de 121 morts parmi forces arm\u00e9es, police et justice, hors T\u00e9h\u00e9ran. Les forces r\u00e9pressives ont d\u00e9ploy\u00e9 des armes militaires, tirant \u00e0 bout portant sur t\u00eates et torses, et multipli\u00e9 les interpellations massives. NetBlocks note un black-out \u00e0 99% du r\u00e9seau depuis le 8 janvier, pire que novembre 2019 o\u00f9 1 500 morts furent rapport\u00e9s ; rares connexions Starlink subsistent, perturb\u00e9es par brouillage. Ali Khamenei, guide supr\u00eame, fustige des \u00ab\u00a0vandales \u00e9meutiers\u00a0\u00bb et refuse tout recul ; Masoud Pezeshkian, pr\u00e9sident, les qualifie de \u00ab\u00a0terroristes\u00a0\u00bb et mobilise les loyalistes pour barrer les rues.<\/p>\n\n\n\n<p><strong>Menaces d&rsquo;Ex\u00e9cutions et Cas Particuliers<\/strong><br>Erfan Soltani, 26 ans appr\u00e9hend\u00e9 le 8 janvier \u00e0 Fardis (Karaj), risque la peine capitale d\u00e8s le 14 janvier : sa famille l&rsquo;apprit le 12, sans avocat ni audience connue, charges ind\u00e9termin\u00e9es. Les autorit\u00e9s ont d\u00e9j\u00e0 dup\u00e9 des proches par le pass\u00e9, comme avec Abbas Deris en 2019, feignant une condamnation pour arracher des \u00ab\u00a0pardons\u00a0\u00bb. Mahmood Amiry-Moghaddam, t\u00eate d&rsquo;IHRNGO, compare cette r\u00e9pression aux massacres des ann\u00e9es 1980, qualifi\u00e9s crimes contre l&rsquo;humanit\u00e9, et exhorte les d\u00e9mocraties \u00e0 prot\u00e9ger les civils face aux Gardiens de la r\u00e9volution.<\/p>\n\n\n\n<p>Par Alain Schenkels<\/p>\n\n\n\n<figure data-wp-context=\"{&quot;imageId&quot;:&quot;69f11519e09cc&quot;}\" data-wp-interactive=\"core\/image\" data-wp-key=\"69f11519e09cc\" class=\"wp-block-image size-full is-resized wp-lightbox-container\"><img loading=\"lazy\" decoding=\"async\" width=\"728\" height=\"1006\" data-wp-class--hide=\"state.isContentHidden\" data-wp-class--show=\"state.isContentVisible\" data-wp-init=\"callbacks.setButtonStyles\" data-wp-on--click=\"actions.showLightbox\" data-wp-on--load=\"callbacks.setButtonStyles\" data-wp-on-window--resize=\"callbacks.setButtonStyles\" src=\"http:\/\/rrb.be\/rrb\/wp-content\/uploads\/2025\/12\/Alain_Schenkels-1.jpg\" alt=\"\" class=\"wp-image-329\" style=\"width:205px;height:auto\" srcset=\"https:\/\/rrb.be\/rrb\/wp-content\/uploads\/2025\/12\/Alain_Schenkels-1.jpg 728w, https:\/\/rrb.be\/rrb\/wp-content\/uploads\/2025\/12\/Alain_Schenkels-1-217x300.jpg 217w\" sizes=\"auto, (max-width: 728px) 100vw, 728px\" \/><button\n\t\t\tclass=\"lightbox-trigger\"\n\t\t\ttype=\"button\"\n\t\t\taria-haspopup=\"dialog\"\n\t\t\taria-label=\"Enlarge\"\n\t\t\tdata-wp-init=\"callbacks.initTriggerButton\"\n\t\t\tdata-wp-on--click=\"actions.showLightbox\"\n\t\t\tdata-wp-style--right=\"state.imageButtonRight\"\n\t\t\tdata-wp-style--top=\"state.imageButtonTop\"\n\t\t>\n\t\t\t<svg xmlns=\"http:\/\/www.w3.org\/2000\/svg\" width=\"12\" height=\"12\" fill=\"none\" viewBox=\"0 0 12 12\">\n\t\t\t\t<path fill=\"#fff\" d=\"M2 0a2 2 0 0 0-2 2v2h1.5V2a.5.5 0 0 1 .5-.5h2V0H2Zm2 10.5H2a.5.5 0 0 1-.5-.5V8H0v2a2 2 0 0 0 2 2h2v-1.5ZM8 12v-1.5h2a.5.5 0 0 0 .5-.5V8H12v2a2 2 0 0 1-2 2H8Zm2-12a2 2 0 0 1 2 2v2h-1.5V2a.5.5 0 0 0-.5-.5H8V0h2Z\" \/>\n\t\t\t<\/svg>\n\t\t<\/button><\/figure>\n\n\n\n<p><em>(Photo capture d&rsquo;\u00e9cran vid\u00e9o amateur)<\/em><\/p>\n","protected":false},"excerpt":{"rendered":"<p>Une vague de contestations antigouvernementales a \u00e9clat\u00e9 le 28 d\u00e9cembre 2025 au bazar de T\u00e9h\u00e9ran, s&rsquo;\u00e9tendant vite \u00e0 120 villes dans les 31 provinces iraniennes avant un black-out internet complet depuis le 8 janvier \u00e0 22 heures. Les forces \u00e9tatiques ont r\u00e9pliqu\u00e9 avec une r\u00e9pression muscl\u00e9e, faisant au moins 648 morts confirm\u00e9s et plus de [&hellip;]<\/p>\n","protected":false},"author":1,"featured_media":1749,"comment_status":"closed","ping_status":"open","sticky":false,"template":"","format":"standard","meta":{"footnotes":""},"categories":[14],"tags":[],"class_list":["post-1746","post","type-post","status-publish","format-standard","has-post-thumbnail","hentry","category-iran"],"_links":{"self":[{"href":"https:\/\/rrb.be\/rrb\/wp-json\/wp\/v2\/posts\/1746","targetHints":{"allow":["GET"]}}],"collection":[{"href":"https:\/\/rrb.be\/rrb\/wp-json\/wp\/v2\/posts"}],"about":[{"href":"https:\/\/rrb.be\/rrb\/wp-json\/wp\/v2\/types\/post"}],"author":[{"embeddable":true,"href":"https:\/\/rrb.be\/rrb\/wp-json\/wp\/v2\/users\/1"}],"replies":[{"embeddable":true,"href":"https:\/\/rrb.be\/rrb\/wp-json\/wp\/v2\/comments?post=1746"}],"version-history":[{"count":3,"href":"https:\/\/rrb.be\/rrb\/wp-json\/wp\/v2\/posts\/1746\/revisions"}],"predecessor-version":[{"id":1840,"href":"https:\/\/rrb.be\/rrb\/wp-json\/wp\/v2\/posts\/1746\/revisions\/1840"}],"wp:featuredmedia":[{"embeddable":true,"href":"https:\/\/rrb.be\/rrb\/wp-json\/wp\/v2\/media\/1749"}],"wp:attachment":[{"href":"https:\/\/rrb.be\/rrb\/wp-json\/wp\/v2\/media?parent=1746"}],"wp:term":[{"taxonomy":"category","embeddable":true,"href":"https:\/\/rrb.be\/rrb\/wp-json\/wp\/v2\/categories?post=1746"},{"taxonomy":"post_tag","embeddable":true,"href":"https:\/\/rrb.be\/rrb\/wp-json\/wp\/v2\/tags?post=1746"}],"curies":[{"name":"wp","href":"https:\/\/api.w.org\/{rel}","templated":true}]}}