{"id":1734,"date":"2025-08-03T17:12:00","date_gmt":"2025-08-03T17:12:00","guid":{"rendered":"https:\/\/rrb.be\/rrb\/?p=1734"},"modified":"2026-01-12T17:22:27","modified_gmt":"2026-01-12T17:22:27","slug":"lotage-israelien-affame-creusant-sa-propre-tombe-consterne-leurope-nicolas-de-pape-21news","status":"publish","type":"post","link":"https:\/\/rrb.be\/rrb\/lotage-israelien-affame-creusant-sa-propre-tombe-consterne-leurope-nicolas-de-pape-21news\/","title":{"rendered":"L\u2019otage isra\u00e9lien affam\u00e9 creusant sa propre tombe consterne l\u2019Europe (Nicolas de Pape\u00a021News)"},"content":{"rendered":"\n<p><strong>Le Hamas et le Jihad islamique ont publi\u00e9 trois vid\u00e9os de deux otages isra\u00e9liens. L\u2019un d\u2019eux, extr\u00eamement amaigri, professe un discours \u00e9crit par le Hamas tout en creusant sa propre tombe. L\u2019objectif est de diviser la soci\u00e9t\u00e9 isra\u00e9lienne et de la pousser \u00e0 un cessez-le-feu qui soit favorable au Hamas pour se reconstituer. Revers de la m\u00e9daille pour ces barbares palestiniens&nbsp;: l\u2019Europe et le monde d\u00e9couvrent leurs m\u00e9thodes d\u2019un autre \u00e2ge.<\/strong><\/p>\n\n\n\n<p>Alors qu\u2019Isra\u00ebl se d\u00e9m\u00e8ne pour contrer les accusations de \u00ab&nbsp;famine organis\u00e9e&nbsp;\u00bb et de blocage de camions de vivre&nbsp;(tandis que l\u2019ONU et les ONG semblent peu empress\u00e9es de venir chercher les tonnes de vivres qui pourrissent au poste-fronti\u00e8re sud selon une information de LCI), le monde a d\u00e9couvert horrifi\u00e9 le sort de deux otages isra\u00e9liens, fam\u00e9liques. L\u2019un est oblig\u00e9 de creuser sa propre tombe, dit-il, \u00e2nonnant un discours \u00e9crit par ses ge\u00f4liers du Hamas.<\/p>\n\n\n\n<p>Lire la suite de l\u2019article dans <a href=\"https:\/\/www.21news.be\/lotage-israelien-affame-creusant-sa-propre-tombe-consterne-leurope\/\" target=\"_blank\" rel=\"noreferrer noopener\">21News<\/a><\/p>\n\n\n\n<hr class=\"wp-block-separator has-alpha-channel-opacity\"\/>\n\n\n\n<p><strong>Otage affam\u00e9 et humili\u00e9 par les terroristes du Hamas, Avant \/ Apr\u00e8s<\/strong><br>Sous ces photos, la vid\u00e9o.<\/p>\n\n\n\n<figure class=\"wp-block-image size-full is-resized\"><img loading=\"lazy\" decoding=\"async\" width=\"526\" height=\"526\" src=\"https:\/\/rrb.be\/rrb\/wp-content\/uploads\/2026\/01\/Otage-affame-et-humilie-par-les-terroristes-du-Hamas-avant-et-apres.jpg\" alt=\"\" class=\"wp-image-1737\" style=\"width:755px;height:auto\" srcset=\"https:\/\/rrb.be\/rrb\/wp-content\/uploads\/2026\/01\/Otage-affame-et-humilie-par-les-terroristes-du-Hamas-avant-et-apres.jpg 526w, https:\/\/rrb.be\/rrb\/wp-content\/uploads\/2026\/01\/Otage-affame-et-humilie-par-les-terroristes-du-Hamas-avant-et-apres-300x300.jpg 300w, https:\/\/rrb.be\/rrb\/wp-content\/uploads\/2026\/01\/Otage-affame-et-humilie-par-les-terroristes-du-Hamas-avant-et-apres-150x150.jpg 150w\" sizes=\"auto, (max-width: 526px) 100vw, 526px\" \/><\/figure>\n\n\n\n<p><strong>La vid\u00e9o, attention images choquantes !<\/strong><br>Publication avec l\u2019autorisation de la famille de l\u2019otage.<br>Cet homme affam\u00e9 lit un discours \u00e9crit par le Hamas, film\u00e9 par ses ge\u00f4liers.<br>Les terroristes sont pr\u00eat \u00e0 toutes les horreurs et tortures, pendant ce temps l\u00e0 de nombreux m\u00e9dias et politiques d\u00e9fendent le Hamas \u2026<\/p>\n\n\n\n<figure class=\"wp-block-video\"><video height=\"360\" style=\"aspect-ratio: 640 \/ 360;\" width=\"640\" controls src=\"https:\/\/rrb.be\/rrb\/wp-content\/uploads\/2026\/01\/Otage-israelien-affame-creusant-sa-propre-tombe-consterne-lEurope.mp4\"><\/video><\/figure>\n","protected":false},"excerpt":{"rendered":"<p>Le Hamas et le Jihad islamique ont publi\u00e9 trois vid\u00e9os de deux otages isra\u00e9liens. L\u2019un d\u2019eux, extr\u00eamement amaigri, professe un discours \u00e9crit par le Hamas tout en creusant sa propre tombe. L\u2019objectif est de diviser la soci\u00e9t\u00e9 isra\u00e9lienne et de la pousser \u00e0 un cessez-le-feu qui soit favorable au Hamas pour se reconstituer. Revers de [&hellip;]<\/p>\n","protected":false},"author":1,"featured_media":1735,"comment_status":"closed","ping_status":"open","sticky":false,"template":"","format":"standard","meta":{"footnotes":""},"categories":[6],"tags":[],"class_list":["post-1734","post","type-post","status-publish","format-standard","has-post-thumbnail","hentry","category-guerre-israel-palestine"],"_links":{"self":[{"href":"https:\/\/rrb.be\/rrb\/wp-json\/wp\/v2\/posts\/1734","targetHints":{"allow":["GET"]}}],"collection":[{"href":"https:\/\/rrb.be\/rrb\/wp-json\/wp\/v2\/posts"}],"about":[{"href":"https:\/\/rrb.be\/rrb\/wp-json\/wp\/v2\/types\/post"}],"author":[{"embeddable":true,"href":"https:\/\/rrb.be\/rrb\/wp-json\/wp\/v2\/users\/1"}],"replies":[{"embeddable":true,"href":"https:\/\/rrb.be\/rrb\/wp-json\/wp\/v2\/comments?post=1734"}],"version-history":[{"count":2,"href":"https:\/\/rrb.be\/rrb\/wp-json\/wp\/v2\/posts\/1734\/revisions"}],"predecessor-version":[{"id":1739,"href":"https:\/\/rrb.be\/rrb\/wp-json\/wp\/v2\/posts\/1734\/revisions\/1739"}],"wp:featuredmedia":[{"embeddable":true,"href":"https:\/\/rrb.be\/rrb\/wp-json\/wp\/v2\/media\/1735"}],"wp:attachment":[{"href":"https:\/\/rrb.be\/rrb\/wp-json\/wp\/v2\/media?parent=1734"}],"wp:term":[{"taxonomy":"category","embeddable":true,"href":"https:\/\/rrb.be\/rrb\/wp-json\/wp\/v2\/categories?post=1734"},{"taxonomy":"post_tag","embeddable":true,"href":"https:\/\/rrb.be\/rrb\/wp-json\/wp\/v2\/tags?post=1734"}],"curies":[{"name":"wp","href":"https:\/\/api.w.org\/{rel}","templated":true}]}}