{"id":1730,"date":"2025-06-25T15:32:00","date_gmt":"2025-06-25T15:32:00","guid":{"rendered":"https:\/\/rrb.be\/rrb\/?p=1730"},"modified":"2026-02-05T14:46:01","modified_gmt":"2026-02-05T14:46:01","slug":"le-rearmement-europeen-une-necessite-qui-va-bien-au-dela-de-trump-theo-francken-ministre-de-la-defense","status":"publish","type":"post","link":"https:\/\/rrb.be\/rrb\/le-rearmement-europeen-une-necessite-qui-va-bien-au-dela-de-trump-theo-francken-ministre-de-la-defense\/","title":{"rendered":"Le r\u00e9armement europ\u00e9en, une n\u00e9cessit\u00e9 qui va bien au-del\u00e0 de Trump\u202f (Th\u00e9o Francken, Ministre de la D\u00e9fense)"},"content":{"rendered":"\n<p><strong>Hier, lors du sommet de l\u2019OTAN \u00e0 La Haye, j\u2019ai r\u00e9alis\u00e9 des interviews pour des m\u00e9dias de diff\u00e9rents pays. Ce qui m\u2019a frapp\u00e9, c\u2019est que la presse \u00e9trang\u00e8re soutient beaucoup plus fortement la n\u00e9cessit\u00e9 d\u2019une mont\u00e9e en puissance militaire que la n\u00f4tre. C\u2019est particuli\u00e8rement vrai pour la presse de Scandinavie et d\u2019Europe de l\u2019Est. Comment expliquer cela ? Par une perception diff\u00e9rente du risque. L\u00e0-bas, on craint vraiment l\u2019agression russe. En Belgique, beaucoup trouvent cette id\u00e9e absurde. Mais \u00e0 quel point la menace de guerre est-elle r\u00e9elle aujourd\u2019hui ?<\/strong><\/p>\n\n\n\n<p><strong>Des tanks \u00e0 Bruxelles ?<\/strong><br>Beaucoup de gens dans notre pays d\u00e9clarent en plaisantant : \u00ab Il n\u2019y aura jamais de chars russes d\u00e9ferlant dans Bruxelles \u00bb. \u00c9videmment que non. Mais ce n\u2019est pas de cela qu\u2019il s\u2019agit. La Belgique entrerait automatiquement en \u00e9tat de guerre avec la Russie si Poutine lan\u00e7ait une attaque contre un autre pays de l\u2019UE, en vertu des trait\u00e9s de l\u2019OTAN et de l\u2019UE. Cela ne n\u00e9cessite m\u00eame pas une invasion \u00e0 grande \u00e9chelle. M\u00eame si Poutine bombardait simplement un pays de l\u2019UE ou n\u2019occupait qu\u2019une zone frontali\u00e8re, la Belgique se retrouverait en guerre avec la Russie.<\/p>\n\n\n\n<p><strong>Des proies baltes<\/strong><br>Poutine peut r\u00e9p\u00e9ter sans difficult\u00e9, \u00e0 l\u2019\u00e9gard de trois \u00c9tats membres de l\u2019UE \u2013 l\u2019Estonie, la Lettonie et la Lituanie \u2013, les griefs qu\u2019il a utilis\u00e9s pour justifier son invasion de l\u2019Ukraine. Pendant des si\u00e8cles, Moscou a r\u00e9gn\u00e9 sur ces pays. Proportionnellement \u00e0 la population totale, il y vit plus de Russes qu\u2019en Ukraine. La pr\u00e9sence de l\u2019OTAN dans les pays baltes, \u00e0 deux pas de Saint-P\u00e9tersbourg, est \u00e9galement une \u00e9pine dans son pied. Bien s\u00fbr, Poutine souhaite restaurer le pouvoir de Moscou sur ces territoires, s\u2019il en a l\u2019occasion.<\/p>\n\n\n\n<p><strong>L\u2019\u00e9quilibre militaire<\/strong><br>Si l\u2019\u00e9quilibre militaire conventionnel dans la r\u00e9gion baltique penchait en faveur de la Russie, Poutine pourrait tenter sa chance, esp\u00e9rant que les pays europ\u00e9ens reculeront devant une guerre prolong\u00e9e avec la Russie et chercheront rapidement une issue diplomatique : un cessez-le-feu, au terme duquel l\u2019Europe, grin\u00e7ant des dents, accepterait la domination russe sur les \u00c9tats baltes.<\/p>\n\n\n\n<p><strong>Compter sur les \u00c9tats-Unis ?<\/strong><br>Aujourd\u2019hui, les \u00c9tats-Unis disposent d\u2019une formidable force militaire en Europe. Si elle se retire (en partie), comme les Am\u00e9ricains pourraient l\u2019annoncer, la puissance militaire de l\u2019OTAN \u00e0 la fronti\u00e8re orientale de l\u2019Europe subirait un \u00e9norme coup. Si, dans ce cas, il y avait un rapide d\u00e9ploiement de troupes russes aux fronti\u00e8res des pays baltes, qui emp\u00eacherait Poutine de frapper ? Seules des arm\u00e9es europ\u00e9ennes puissantes pourraient le faire. Personne d\u2019autre.<\/p>\n\n\n\n<blockquote class=\"wp-block-quote is-layout-flow wp-block-quote-is-layout-flow\">\n<p>Aujourd\u2019hui, apr\u00e8s des d\u00e9cennies de r\u00e9duction, les \u00c9tats europ\u00e9ens ne disposent pas de telles arm\u00e9es puissantes. C\u2019est pourquoi nous commen\u00e7ons \u00e0 les reconstruire. Nous ne le faisons donc pas par peur des caprices de Trump, mais pour une raison bien plus importante : pr\u00e9server la paix en Europe.<\/p>\n<\/blockquote>\n\n\n\n<p>Theo Francken,<br>Ministre de la D\u00e9fense<\/p>\n\n\n\n<p>Texte traduit du n\u00e9erlandais<br>Image ent\u00eate : IA<\/p>\n","protected":false},"excerpt":{"rendered":"<p>Hier, lors du sommet de l\u2019OTAN \u00e0 La Haye, j\u2019ai r\u00e9alis\u00e9 des interviews pour des m\u00e9dias de diff\u00e9rents pays. Ce qui m\u2019a frapp\u00e9, c\u2019est que la presse \u00e9trang\u00e8re soutient beaucoup plus fortement la n\u00e9cessit\u00e9 d\u2019une mont\u00e9e en puissance militaire que la n\u00f4tre. C\u2019est particuli\u00e8rement vrai pour la presse de Scandinavie et d\u2019Europe de l\u2019Est. Comment [&hellip;]<\/p>\n","protected":false},"author":1,"featured_media":1731,"comment_status":"closed","ping_status":"open","sticky":false,"template":"","format":"standard","meta":{"footnotes":""},"categories":[17,4,18],"tags":[],"class_list":["post-1730","post","type-post","status-publish","format-standard","has-post-thumbnail","hentry","category-armees-defenses","category-belgique","category-conflits-guerres"],"_links":{"self":[{"href":"https:\/\/rrb.be\/rrb\/wp-json\/wp\/v2\/posts\/1730","targetHints":{"allow":["GET"]}}],"collection":[{"href":"https:\/\/rrb.be\/rrb\/wp-json\/wp\/v2\/posts"}],"about":[{"href":"https:\/\/rrb.be\/rrb\/wp-json\/wp\/v2\/types\/post"}],"author":[{"embeddable":true,"href":"https:\/\/rrb.be\/rrb\/wp-json\/wp\/v2\/users\/1"}],"replies":[{"embeddable":true,"href":"https:\/\/rrb.be\/rrb\/wp-json\/wp\/v2\/comments?post=1730"}],"version-history":[{"count":1,"href":"https:\/\/rrb.be\/rrb\/wp-json\/wp\/v2\/posts\/1730\/revisions"}],"predecessor-version":[{"id":1732,"href":"https:\/\/rrb.be\/rrb\/wp-json\/wp\/v2\/posts\/1730\/revisions\/1732"}],"wp:featuredmedia":[{"embeddable":true,"href":"https:\/\/rrb.be\/rrb\/wp-json\/wp\/v2\/media\/1731"}],"wp:attachment":[{"href":"https:\/\/rrb.be\/rrb\/wp-json\/wp\/v2\/media?parent=1730"}],"wp:term":[{"taxonomy":"category","embeddable":true,"href":"https:\/\/rrb.be\/rrb\/wp-json\/wp\/v2\/categories?post=1730"},{"taxonomy":"post_tag","embeddable":true,"href":"https:\/\/rrb.be\/rrb\/wp-json\/wp\/v2\/tags?post=1730"}],"curies":[{"name":"wp","href":"https:\/\/api.w.org\/{rel}","templated":true}]}}