{"id":1717,"date":"2026-01-12T12:37:04","date_gmt":"2026-01-12T12:37:04","guid":{"rendered":"https:\/\/rrb.be\/rrb\/?p=1717"},"modified":"2026-01-12T12:37:04","modified_gmt":"2026-01-12T12:37:04","slug":"institut-jonathas-le-triomphe-selectif-du-contexte-par-nadia-geerts","status":"publish","type":"post","link":"https:\/\/rrb.be\/rrb\/institut-jonathas-le-triomphe-selectif-du-contexte-par-nadia-geerts\/","title":{"rendered":"Institut Jonathas : Le triomphe s\u00e9lectif du contexte par Nadia Geerts"},"content":{"rendered":"\n<p><strong>Le 7 octobre, la Belgique et moi #39<\/strong><\/p>\n\n\n\n<p><strong>Extraits :<\/strong><\/p>\n\n\n\n<p>D\u00e8s le 7 octobre, le ton \u00e9tait donn\u00e9, par un professeur de droit international qui expliquait que \u00ab&nbsp;<em>le Hamas, \u00e0 un moment donn\u00e9, a voulu rompre les lignes, bouleverser la situation&nbsp;\u00bb<\/em><em>,&nbsp;<\/em>reprochant au Premier ministre Alexander De Croo de condamner l\u2019attaque du Hamas&nbsp;\u00ab&nbsp;<em>sans prendre en consid\u00e9ration le contexte beaucoup plus global<\/em>\u00ab&nbsp;<em>.&nbsp;<\/em><\/p>\n\n\n\n<p>Allons bon\u2026 Il fallait \u00ab&nbsp;mettre en contexte&nbsp;\u00bb.<\/p>\n\n\n\n<p>Quelques jours plus tard, le 11 octobre, avait lieu une grande manifestation devant le minist\u00e8re des Affaires \u00e9trang\u00e8res, \u00e0 Bruxelles. L\u00e0 encore, des \u00e9l\u00e9ments de \u00ab&nbsp;contexte&nbsp;\u00bb tenaient le haut du pav\u00e9, qu\u2019il s\u2019agisse du mot d\u2019ordre \u00ab&nbsp;officiel&nbsp;\u00bb r\u00e9clamant \u00ab&nbsp;un cessez-le-feu et une paix juste, contre la violence coloniale et l\u2019apartheid&nbsp;\u00bb \u2013 sans la moindre \u00e9vocation&nbsp;du massacre et des otages d\u00e9tenus par le Hamas&nbsp;! -, ou de l\u2019invitation bien plus explicite encore de Samidoun Brussels, faisant ni plus ni moins que l\u2019\u00e9loge des actes terroristes du Hamas&nbsp;:<\/p>\n\n\n\n<p><em>\u00ab&nbsp;<\/em><em>Depuis la matin\u00e9e du 7 octobre, la r\u00e9sistance s\u2019est lev\u00e9e \u00e0 travers la Palestine occup\u00e9e, brisant le si\u00e8ge inique de Gaza, reprenant le contr\u00f4le des territoires palestiniens, faisant prisonniers des soldats d\u2019occupation et des colons, lan\u00e7ant des milliers de roquettes contre l\u2019occupant, les forces de r\u00e9sistance faisant avancer la lutte pour la lib\u00e9ration de la Palestine et pour le retour. (\u2026) Nous appelons (\u2026) \u00e0 exprimer leur soutien \u00e0 l\u2019h\u00e9ro\u00efque r\u00e9sistance palestinienne et \u00e0 se joindre \u00e0 nous ce mercredi.&nbsp;<\/em><\/p>\n\n\n\n<p><em>Gloire aux martyrs !<\/em><\/p>\n\n\n\n<p><em>Victoire de la r\u00e9sistance palestinienne !<\/em><\/p>\n\n\n\n<p><em>Longue vie \u00e0 la lutte pour le retour et la lib\u00e9ration, du fleuve \u00e0 la mer !\u00ab&nbsp;<\/em><\/p>\n\n\n\n<p>Le d\u00e9cor \u00e9tait ainsi plant\u00e9 et les r\u00f4les distribu\u00e9s : bien s\u00fbr, le 7 octobre, c\u2019\u00e9tait pas bien, mais il faut remettre les choses dans leur contexte, comprenez-vous. Face \u00e0 un \u00c9tat colonial, puissant et bafouant les droits \u00e9l\u00e9mentaires du peuple palestinien, il fallait comprendre que certains aient voulu \u00ab&nbsp;faire bouger les lignes&nbsp;\u00bb. Terroristes ? \u00c0 voir\u2026 Des r\u00e9sistants pour certains, des h\u00e9ros de la lib\u00e9ration nationale, ou \u00e0 tout le moins des gens qu\u2019il faut comprendre. Car il faut toujours tenter de comprendre les motivations des faibles, leur souffrance, leur r\u00e9volte, leur rage m\u00eame.<\/p>\n\n\n\n<p>Avoir envie de planter un couteau dans la gorge de chaque Juif\u00a0? Le contexte\u00a0!\u00a0<\/p>\n\n\n\n<p>(&#8230;)<br>Suite sur le site <a href=\"https:\/\/jonathas.org\/le-triomphe-selectif-du-contexte\" target=\"_blank\" rel=\"noreferrer noopener\">Institut Jonathas<\/a><\/p>\n","protected":false},"excerpt":{"rendered":"<p>Le 7 octobre, la Belgique et moi #39 Extraits : D\u00e8s le 7 octobre, le ton \u00e9tait donn\u00e9, par un professeur de droit international qui expliquait que \u00ab&nbsp;le Hamas, \u00e0 un moment donn\u00e9, a voulu rompre les lignes, bouleverser la situation&nbsp;\u00bb,&nbsp;reprochant au Premier ministre Alexander De Croo de condamner l\u2019attaque du Hamas&nbsp;\u00ab&nbsp;sans prendre en consid\u00e9ration [&hellip;]<\/p>\n","protected":false},"author":1,"featured_media":1718,"comment_status":"closed","ping_status":"open","sticky":false,"template":"","format":"standard","meta":{"footnotes":""},"categories":[6],"tags":[],"class_list":["post-1717","post","type-post","status-publish","format-standard","has-post-thumbnail","hentry","category-guerre-israel-palestine"],"_links":{"self":[{"href":"https:\/\/rrb.be\/rrb\/wp-json\/wp\/v2\/posts\/1717","targetHints":{"allow":["GET"]}}],"collection":[{"href":"https:\/\/rrb.be\/rrb\/wp-json\/wp\/v2\/posts"}],"about":[{"href":"https:\/\/rrb.be\/rrb\/wp-json\/wp\/v2\/types\/post"}],"author":[{"embeddable":true,"href":"https:\/\/rrb.be\/rrb\/wp-json\/wp\/v2\/users\/1"}],"replies":[{"embeddable":true,"href":"https:\/\/rrb.be\/rrb\/wp-json\/wp\/v2\/comments?post=1717"}],"version-history":[{"count":1,"href":"https:\/\/rrb.be\/rrb\/wp-json\/wp\/v2\/posts\/1717\/revisions"}],"predecessor-version":[{"id":1719,"href":"https:\/\/rrb.be\/rrb\/wp-json\/wp\/v2\/posts\/1717\/revisions\/1719"}],"wp:featuredmedia":[{"embeddable":true,"href":"https:\/\/rrb.be\/rrb\/wp-json\/wp\/v2\/media\/1718"}],"wp:attachment":[{"href":"https:\/\/rrb.be\/rrb\/wp-json\/wp\/v2\/media?parent=1717"}],"wp:term":[{"taxonomy":"category","embeddable":true,"href":"https:\/\/rrb.be\/rrb\/wp-json\/wp\/v2\/categories?post=1717"},{"taxonomy":"post_tag","embeddable":true,"href":"https:\/\/rrb.be\/rrb\/wp-json\/wp\/v2\/tags?post=1717"}],"curies":[{"name":"wp","href":"https:\/\/api.w.org\/{rel}","templated":true}]}}